{"id":2792,"date":"2013-05-28T20:13:14","date_gmt":"2013-05-28T23:13:14","guid":{"rendered":"http:\/\/www.atecordoba.org\/?p=2792"},"modified":"2013-05-28T20:13:14","modified_gmt":"2013-05-28T23:13:14","slug":"cct-de-la-administracion-publica-nacional-ni-un-espacio-de-discusion-ni-una-mesa-de-negociacion-colectiva","status":"publish","type":"post","link":"https:\/\/atecordoba.org\/?p=2792","title":{"rendered":"CCT de la Administraci\u00f3n P\u00fablica Nacional: \u201cNi un espacio de discusi\u00f3n, ni una mesa de negociaci\u00f3n colectiva\u201d"},"content":{"rendered":"<p><em>En el d\u00eda de hoy, dirigentes del Consejo Directivo Nacional de ATE concurrieron al Ministerio de Trabajo de la Naci\u00f3n con el objeto de participar de la audiencia con la Comisi\u00f3n Negociadora del Convenio Colectivo de Trabajo General para la Administraci\u00f3n P\u00fablica Nacional.<\/em><\/p>\n<p><a href=\"http:\/\/www.atecordoba.org\/wp-content\/uploads\/2013\/05\/reunion-CCT-min-trabajo-28-5-2013.jpg\"><img loading=\"lazy\" decoding=\"async\" class=\"aligncenter size-full wp-image-2793\" title=\"reunion CCT min trabajo 28-5-2013\" src=\"http:\/\/www.atecordoba.org\/wp-content\/uploads\/2013\/05\/reunion-CCT-min-trabajo-28-5-2013.jpg\" alt=\"\" width=\"310\" height=\"210\" \/><\/a><\/p>\n<p>Durante la reuni\u00f3n, el Poder Ejecutivo de la Naci\u00f3n estableci\u00f3, sin negociaci\u00f3n previa, un aumento salarial en dos partes de 12 puntos porcentuales cada una sobre el b\u00e1sico del mes de mayo para todos los sectores del Estado Nacional incluidos en la paritaria. Los dirigentes de ATE firmaron el documento en disconformidad por estar en desacuerdo con el m\u00e9todo de negociaci\u00f3n y por considerar que la representatividad de los gremios participantes no era real.<\/p>\n<p>Al salir de la reuni\u00f3n, Julio Fuentes, Secretario General del CDN de ATE, manifest\u00f3: \u201cHemos participado de la convocatoria a una audiencia en donde bajan la pauta salarial. Y digo bajan, expresamente, porque no es ni un espacio de discusi\u00f3n, ni es una mesa de negociaci\u00f3n colectiva, sino que es un espacio en el que el Poder Ejecutivo comunica a las entidades sindicales lo que ya informaron la semana pasada por medios de comunicaci\u00f3n\u201d.<\/p>\n<div>\n<p>Sobre la legalidad de la negociaci\u00f3n, Fuentes cont\u00f3: \u201cDurante la reuni\u00f3n UPCN ha dicho que acepta la propuesta y que ha participado de la gestaci\u00f3n de la misma. Nosotros, desde ATE, rechazamos el m\u00e9todo y la representaci\u00f3n que tenemos en esta paritaria, porque hace 15 a\u00f1os que no<a href=\"http:\/\/www.atecordoba.org\/wp-content\/uploads\/2013\/05\/cctapn-2.jpg\"><img loading=\"lazy\" decoding=\"async\" class=\"alignright size-full wp-image-2794\" title=\"cctapn 2\" src=\"http:\/\/www.atecordoba.org\/wp-content\/uploads\/2013\/05\/cctapn-2.jpg\" alt=\"\" width=\"440\" height=\"286\" \/><\/a> se cuenta la cantidad de afiliados que tiene cada una de las organizaciones. El Poder Ejecutivo podr\u00eda saber en cuesti\u00f3n de minutos la cantidad de trabajadores del Estado Nacional que est\u00e1n afiliados a una y a otra organizaci\u00f3n, y as\u00ed conformar la representaci\u00f3n paritaria. Aqu\u00ed se aprob\u00f3 un aumento por mayor\u00eda cuando, en definitiva, se est\u00e1 haciendo sobre la base de una proporcionalidad que, a nuestro entender, no es la correcta\u201d.<\/p>\n<p>La pauta salarial comunicada por el Gobierno Nacional, que se aplicar\u00e1 a los trabajadores de todos los sectores del Estado Nacional exceptuando ANSES y PAMI que tienen negociaciones sectoriales, otorgar\u00e1 un aumento de un 24 por ciento dividido en dos partes. Los dirigentes de ATE manifestaron frente a las autoridades su disconformidad con esa pauta, y solicitaron que constaran en actas otros reclamos. Fuentes explic\u00f3: \u201cHemos planteado que demandamos la necesidad urgente de una decisi\u00f3n pol\u00edtica del Poder Ejecutivo Nacional para pasar a planta permanente a los casi 50 mil trabajadores estatales que est\u00e1n en situaci\u00f3n de contratados y de temporarios. Adem\u00e1s de rechazar la pauta salarial, por insuficiente, hemos reclamado, frente a la situaci\u00f3n de inflaci\u00f3n que se est\u00e1 viviendo, que est\u00e1 arrasando con los salarios m\u00e1s bajos del sector p\u00fablico, pedimos que se considere un m\u00ednimo salarial de 7 mil pesos. Le planteamos adem\u00e1s a los representantes del Poder Ejecutivo que esperamos no verlos dentro de un a\u00f1o, sino que esperamos que pr\u00f3ximamente se puedan abrir las negociaciones salariales para tratar los temas que necesitamos plantear\u201d.<\/p>\n<p>Otros dirigentes nacionales de ATE presentes durante la reuni\u00f3n fueron Hugo Godoy, Secretario Adjunto; Alejandro Garz\u00f3n, Secretario Gremial; Silvia Le\u00f3n, Secretaria de Organizaci\u00f3n; Ernesto Contreras, Director del Departamento de Asuntos Provinciales; y Mat\u00edas Cremonte, del Departamento Jur\u00eddico. Jos\u00e9 Luis Matassa, Secretario General de ATE Capital Federal, y Mar\u00eda Teresa Romero, Secretaria General de ATE C\u00f3rdoba, tambi\u00e9n participaron de la audiencia<\/p>\n<\/div>\n","protected":false},"excerpt":{"rendered":"<p>En el d\u00eda de hoy, dirigentes del Consejo Directivo Nacional de ATE concurrieron al Ministerio de Trabajo de la Naci\u00f3n con el objeto de participar de la audiencia con la Comisi\u00f3n Negociadora del Convenio Colectivo de Trabajo General para la Administraci\u00f3n P\u00fablica Nacional. Durante la reuni\u00f3n, el Poder Ejecutivo de la Naci\u00f3n estableci\u00f3, sin negociaci\u00f3n [&hellip;]<\/p>\n","protected":false},"author":1,"featured_media":19220,"comment_status":"open","ping_status":"open","sticky":false,"template":"","format":"standard","meta":{"_exactmetrics_skip_tracking":false,"_exactmetrics_sitenote_active":false,"_exactmetrics_sitenote_note":"","_exactmetrics_sitenote_category":0,"jnews-multi-image_gallery":[],"jnews_single_post":[],"jnews_primary_category":[],"jnews_social_meta":[],"jnews_review":[],"enable_review":"","type":"","name":"","summary":"","brand":"","sku":"","good":[],"bad":[],"score_override":"","override_value":"","rating":[],"price":[],"jnews_override_counter":[],"jnews_post_split":[],"footnotes":""},"categories":[18],"tags":[],"class_list":["post-2792","post","type-post","status-publish","format-standard","has-post-thumbnail","hentry","category-nacionales"],"jetpack_featured_media_url":"https:\/\/atecordoba.org\/wp-content\/uploads\/2020\/05\/logo-nuevochico-e1561581322808.png","_links":{"self":[{"href":"https:\/\/atecordoba.org\/index.php?rest_route=\/wp\/v2\/posts\/2792","targetHints":{"allow":["GET"]}}],"collection":[{"href":"https:\/\/atecordoba.org\/index.php?rest_route=\/wp\/v2\/posts"}],"about":[{"href":"https:\/\/atecordoba.org\/index.php?rest_route=\/wp\/v2\/types\/post"}],"author":[{"embeddable":true,"href":"https:\/\/atecordoba.org\/index.php?rest_route=\/wp\/v2\/users\/1"}],"replies":[{"embeddable":true,"href":"https:\/\/atecordoba.org\/index.php?rest_route=%2Fwp%2Fv2%2Fcomments&post=2792"}],"version-history":[{"count":0,"href":"https:\/\/atecordoba.org\/index.php?rest_route=\/wp\/v2\/posts\/2792\/revisions"}],"wp:featuredmedia":[{"embeddable":true,"href":"https:\/\/atecordoba.org\/index.php?rest_route=\/wp\/v2\/media\/19220"}],"wp:attachment":[{"href":"https:\/\/atecordoba.org\/index.php?rest_route=%2Fwp%2Fv2%2Fmedia&parent=2792"}],"wp:term":[{"taxonomy":"category","embeddable":true,"href":"https:\/\/atecordoba.org\/index.php?rest_route=%2Fwp%2Fv2%2Fcategories&post=2792"},{"taxonomy":"post_tag","embeddable":true,"href":"https:\/\/atecordoba.org\/index.php?rest_route=%2Fwp%2Fv2%2Ftags&post=2792"}],"curies":[{"name":"wp","href":"https:\/\/api.w.org\/{rel}","templated":true}]}}