{"id":27919,"date":"2021-09-07T14:54:39","date_gmt":"2021-09-07T17:54:39","guid":{"rendered":"https:\/\/atecordoba.org\/?p=27919"},"modified":"2021-09-07T14:59:54","modified_gmt":"2021-09-07T17:59:54","slug":"multisectorial-de-la-salud-comienza-manana-un-paro-de-48-horas-en-los-hospitales-provinciales","status":"publish","type":"post","link":"https:\/\/atecordoba.org\/?p=27919","title":{"rendered":"Multisectorial de la Salud comienza ma\u00f1ana un paro de 48 horas en los hospitales provinciales"},"content":{"rendered":"\n<div class=\"wp-block-image is-style-default\"><figure class=\"aligncenter size-large is-resized\"><img loading=\"lazy\" decoding=\"async\" src=\"https:\/\/atecordoba.org\/wp-content\/uploads\/2021\/09\/12_08_Paro_Salud_San_Francisco_28-1024x768.jpg\" alt=\"\" class=\"wp-image-27920\" width=\"768\" height=\"576\" \/><figcaption>Movilizaci\u00f3n en San Francisco (archivo).<\/figcaption><\/figure><\/div>\n\n\n\n<p>En l\u00ednea con las medidas de fuerza que los equipos de salud vienen llevando adelante desde comienzos de a\u00f1o en la Provincia, y frente a la falta de respuestas de Gobierno de Schiaretti, ma\u00f1ana dar\u00e1 comienzo a un paro por 48 horas en todos los centros de salud en C\u00f3rdoba Capital, sumado a medidas de fuerza parciales en el interior provincial, convocada por la Multisectorial de la Salud, ATE y las organizaciones que la integran.<\/p>\n\n\n\n<p>En C\u00f3rdoba Capital, ma\u00f1ana la medida de fuerza tendr\u00e1 la modalidad con abandono de tarea a las 10 horas y abandono de tareas para concentrarse en un acto de protesta a partir de las 11 horas, a realizarse en la esquina de Col\u00f3n y General Paz. <\/p>\n\n\n\n<p>&#8220;Rechazamos la pauta salarial otorgada por el Gobierno de C\u00f3rdoba hasta finalizar el a\u00f1o, que contempla un 28% m\u00e1s en tantas cuotas que parece un Ahora 12. Dicha pauta salarial no contempla la incorporaci\u00f3n de los bonos al salario b\u00e1sico, ni la deuda generada los \u00faltimos cuatro a\u00f1os con los agentes de salud&#8221;, explic\u00f3 Hugo Dur\u00e1n, secretario Adjunto de ATE C\u00f3rdoba. <\/p>\n\n\n\n<p>Adem\u00e1s, el dirigente explic\u00f3 que &#8220;se reconocieron solo dos de las cuatro categor\u00edas adeudadas en el escalaf\u00f3n para los integrantes de la ley 7625, sin dar respuesta a la solicitud para tomar m\u00e1s personal ni al pase a planta permanente de un ej\u00e9rcito de contratados y monotributistas que la Provincia sum\u00f3 a los hospitales de manera irregular durante los \u00faltimos a\u00f1os&#8221;.<\/p>\n\n\n\n<p>A estos motivos se agrega que la Multisectorial  busca de esta manera dar respuesta a la maniobra del gobierno de Schiaretti para seguir discutiendo salarios &#8220;solo con el SEP, que representa un peque\u00f1o grupo de trabajadores de los hospitales, dejando afuera a el resto de las organizaciones sindicales que claramente representan legal y leg\u00edtimamente los intereses de las y los trabajadores del sector. Los equipos de salud ya mostraron un amplio rechazo a la pauta salarial otorgada, por insuficiente e inconsulta, en las distintas marchas y medidas de fuerza que se vienen realizando a lo largo y ancho de la provincia&#8221;. <\/p>\n\n\n\n<div class=\"wp-block-image is-style-default\"><figure class=\"aligncenter size-large is-resized\"><img loading=\"lazy\" decoding=\"async\" src=\"https:\/\/atecordoba.org\/wp-content\/uploads\/2021\/09\/IMG-20210907-WA0081-1-1-721x1024.jpg\" alt=\"\" class=\"wp-image-27925\" width=\"541\" height=\"768\" srcset=\"https:\/\/atecordoba.org\/wp-content\/uploads\/2021\/09\/IMG-20210907-WA0081-1-1-721x1024.jpg 721w, https:\/\/atecordoba.org\/wp-content\/uploads\/2021\/09\/IMG-20210907-WA0081-1-1-211x300.jpg 211w, https:\/\/atecordoba.org\/wp-content\/uploads\/2021\/09\/IMG-20210907-WA0081-1-1-768x1090.jpg 768w, https:\/\/atecordoba.org\/wp-content\/uploads\/2021\/09\/IMG-20210907-WA0081-1-1-1082x1536.jpg 1082w, https:\/\/atecordoba.org\/wp-content\/uploads\/2021\/09\/IMG-20210907-WA0081-1-1-750x1065.jpg 750w, https:\/\/atecordoba.org\/wp-content\/uploads\/2021\/09\/IMG-20210907-WA0081-1-1.jpg 1127w\" sizes=\"auto, (max-width: 541px) 100vw, 541px\" \/><\/figure><\/div>\n","protected":false},"excerpt":{"rendered":"<p>En l\u00ednea con las medidas de fuerza que los equipos de salud vienen llevando adelante desde comienzos de a\u00f1o en la Provincia, y frente a la falta de respuestas de Gobierno de Schiaretti, ma\u00f1ana dar\u00e1 comienzo a un paro por 48 horas en todos los centros de salud en C\u00f3rdoba Capital, sumado a medidas de [&hellip;]<\/p>\n","protected":false},"author":7,"featured_media":27920,"comment_status":"open","ping_status":"open","sticky":false,"template":"","format":"standard","meta":{"_exactmetrics_skip_tracking":false,"_exactmetrics_sitenote_active":false,"_exactmetrics_sitenote_note":"","_exactmetrics_sitenote_category":0,"jnews-multi-image_gallery":[],"jnews_single_post":{"subtitle":"La medida de fuerza se har\u00e1 efectiva los d\u00edas 8 y 9 de septiembre.","format":"standard","video":"","gallery":"","source_name":"","source_url":"","via_name":"","via_url":"","override":[{"template":"1","single_blog_custom":"","parallax":"1","fullscreen":"1","layout":"right-sidebar","sidebar":"default-sidebar","second_sidebar":"default-sidebar","sticky_sidebar":"1","share_position":"top","share_float_style":"share-monocrhome","show_share_counter":"1","show_view_counter":"1","show_featured":"1","show_post_meta":"1","show_post_author":"1","show_post_author_image":"1","show_post_date":"1","post_date_format":"default","post_date_format_custom":"Y\/m\/d","show_post_category":"1","post_reading_time_wpm":"300","zoom_button_out_step":"2","zoom_button_in_step":"3","show_post_tag":"1","show_prev_next_post":"1","show_popup_post":"1","number_popup_post":"1"}],"image_override":[{"single_post_thumbnail_size":"crop-500","single_post_gallery_size":"crop-500"}],"trending_post_position":"meta","trending_post_label":"Trending","sponsored_post_label":"Sponsored by","sponsored_post_name":"","sponsored_post_url":"","sponsored_post_logo":"","sponsored_post_desc":""},"jnews_primary_category":{"id":""},"jnews_social_meta":{"fb_title":"","fb_description":"","fb_image":"","twitter_title":"","twitter_description":"","twitter_image":""},"jnews_review":[],"enable_review":"","type":"percentage","name":"","summary":"","brand":"","sku":"","good":[{"good_text":""}],"bad":[{"bad_text":""}],"score_override":"","override_value":"","rating":[{"rating_text":"","rating_number":"10"}],"price":[{"shop":"","price":"","link":"","icon":""}],"jnews_override_counter":{"view_counter_number":"0","share_counter_number":"0","like_counter_number":"0","dislike_counter_number":"0"},"jnews_post_split":{"post_split":[{"template":"1","tag":"h2","numbering":"asc","mode":"normal","toc_type":"normal"}]},"footnotes":""},"categories":[8],"tags":[794],"class_list":["post-27919","post","type-post","status-publish","format-standard","has-post-thumbnail","hentry","category-provinciales","tag-paro-multisectorial-salud"],"jetpack_featured_media_url":"https:\/\/atecordoba.org\/wp-content\/uploads\/2021\/09\/12_08_Paro_Salud_San_Francisco_28-e1631037262702.jpg","_links":{"self":[{"href":"https:\/\/atecordoba.org\/index.php?rest_route=\/wp\/v2\/posts\/27919","targetHints":{"allow":["GET"]}}],"collection":[{"href":"https:\/\/atecordoba.org\/index.php?rest_route=\/wp\/v2\/posts"}],"about":[{"href":"https:\/\/atecordoba.org\/index.php?rest_route=\/wp\/v2\/types\/post"}],"author":[{"embeddable":true,"href":"https:\/\/atecordoba.org\/index.php?rest_route=\/wp\/v2\/users\/7"}],"replies":[{"embeddable":true,"href":"https:\/\/atecordoba.org\/index.php?rest_route=%2Fwp%2Fv2%2Fcomments&post=27919"}],"version-history":[{"count":3,"href":"https:\/\/atecordoba.org\/index.php?rest_route=\/wp\/v2\/posts\/27919\/revisions"}],"predecessor-version":[{"id":27926,"href":"https:\/\/atecordoba.org\/index.php?rest_route=\/wp\/v2\/posts\/27919\/revisions\/27926"}],"wp:featuredmedia":[{"embeddable":true,"href":"https:\/\/atecordoba.org\/index.php?rest_route=\/wp\/v2\/media\/27920"}],"wp:attachment":[{"href":"https:\/\/atecordoba.org\/index.php?rest_route=%2Fwp%2Fv2%2Fmedia&parent=27919"}],"wp:term":[{"taxonomy":"category","embeddable":true,"href":"https:\/\/atecordoba.org\/index.php?rest_route=%2Fwp%2Fv2%2Fcategories&post=27919"},{"taxonomy":"post_tag","embeddable":true,"href":"https:\/\/atecordoba.org\/index.php?rest_route=%2Fwp%2Fv2%2Ftags&post=27919"}],"curies":[{"name":"wp","href":"https:\/\/api.w.org\/{rel}","templated":true}]}}