{"id":27915,"date":"2021-09-07T13:38:43","date_gmt":"2021-09-07T16:38:43","guid":{"rendered":"https:\/\/atecordoba.org\/?p=27915"},"modified":"2021-09-07T13:38:45","modified_gmt":"2021-09-07T16:38:45","slug":"senaf-se-moviliza-al-centro-civico-ante-la-falta-de-respuestas-del-gobierno-de-schiaretti","status":"publish","type":"post","link":"https:\/\/atecordoba.org\/?p=27915","title":{"rendered":"SENAF se moviliza al Centro C\u00edvico ante la falta de respuestas del gobierno de Schiaretti"},"content":{"rendered":"\n<div class=\"wp-block-image is-style-default\"><figure class=\"aligncenter size-large is-resized\"><img loading=\"lazy\" decoding=\"async\" src=\"https:\/\/atecordoba.org\/wp-content\/uploads\/2021\/09\/02_09_SENAF_RioCuarto8-1-1024x768.jpeg\" alt=\"\" class=\"wp-image-27917\" width=\"768\" height=\"576\" \/><figcaption>La semana pasada hubo movilizaci\u00f3n frente a SENAF R\u00edo Cuarto. <\/figcaption><\/figure><\/div>\n\n\n\n<p>En la continuidad del plan de lucha que ATE en la Secretaria de Ni\u00f1ez, Adolescencia y Familia (SENAF) en reclamo de urgentes mejoras salariales y de condiciones de trabajo, la seccional R\u00edo Cuarto se movilizar\u00e1 ma\u00f1ana al Centro C\u00edvico de la Capital Alternativa provincial para hacer sentir la bronca de las y los trabajadores del organismo ante la penosa situaci\u00f3n laboral que enfrentan.<\/p>\n\n\n\n<p>La semana pasada<a href=\"https:\/\/atecordoba.org\/?p=27724\"> ATE se moviliz\u00f3 a la puerta de organism<\/a>o pero las autoridades no atinaron a dar respuesta alguna frente al pliego de reclamos.<\/p>\n\n\n\n<p>La secretaria General de ATE R\u00edo Cuarto, Rafaela Alcoba, afirm\u00f3 en tal sentido que &#8220;continuamos con un plan de lucha, solicitando el cumplimiento de los reclamos realizados en SENAF la semana pasada, que van de la mano de la estabilidad laboral para las y los compa\u00f1eros de esta Secretar\u00eda, que vienen trabajando bajo condiciones de beca, con magros salarios que van de los 8 mil a los 15 mil pesos. En ese marco, solicitamos que se SENAF hiciera de manera concreta y formal propuestas que sobrevuelan por v\u00eda de comentarios informales&#8221;.<\/p>\n\n\n\n<p>Pero hasta el d\u00eda de hoy &#8220;no tenemos ninguna notificaci\u00f3n as\u00ed que continuamos profundizando el plan de acci\u00f3n&#8221;, aclar\u00f3 Alcoba. &#8220;Ma\u00f1ana realizaremos una asamblea en la puerta del Centro C\u00edvico, esperando que el gobierno de la Provincia se ocupe de esta situaci\u00f3n de manera r\u00e1pida, entendiendo que est\u00e1 abocado a una la campa\u00f1a electoral pero antes de las elecciones est\u00e1 el deber de garantizar el funcionamiento de un organismo que est\u00e1 dedicado a la protecci\u00f3n integral de ni\u00f1os, ni\u00f1as y adolescencias en riesgo&#8221;, analiz\u00f3 la dirigente.<\/p>\n\n\n\n<p>Y concluy\u00f3: &#8220;esa es la verdadera tarea de un gobierno, esa es la prioridad y parece que no lo est\u00e1n entendiendo&#8221;.<\/p>\n","protected":false},"excerpt":{"rendered":"<p>En la continuidad del plan de lucha que ATE en la Secretaria de Ni\u00f1ez, Adolescencia y Familia (SENAF) en reclamo de urgentes mejoras salariales y de condiciones de trabajo, la seccional R\u00edo Cuarto se movilizar\u00e1 ma\u00f1ana al Centro C\u00edvico de la Capital Alternativa provincial para hacer sentir la bronca de las y los trabajadores del [&hellip;]<\/p>\n","protected":false},"author":7,"featured_media":27917,"comment_status":"open","ping_status":"open","sticky":false,"template":"","format":"standard","meta":{"_exactmetrics_skip_tracking":false,"_exactmetrics_sitenote_active":false,"_exactmetrics_sitenote_note":"","_exactmetrics_sitenote_category":0,"jnews-multi-image_gallery":[],"jnews_single_post":{"subtitle":"","format":"standard","video":"","gallery":"","source_name":"","source_url":"","via_name":"","via_url":"","override":[{"template":"1","single_blog_custom":"","parallax":"1","fullscreen":"1","layout":"right-sidebar","sidebar":"default-sidebar","second_sidebar":"default-sidebar","sticky_sidebar":"1","share_position":"top","share_float_style":"share-monocrhome","show_share_counter":"1","show_view_counter":"1","show_featured":"1","show_post_meta":"1","show_post_author":"1","show_post_author_image":"1","show_post_date":"1","post_date_format":"default","post_date_format_custom":"Y\/m\/d","show_post_category":"1","post_reading_time_wpm":"300","zoom_button_out_step":"2","zoom_button_in_step":"3","show_post_tag":"1","show_prev_next_post":"1","show_popup_post":"1","number_popup_post":"1"}],"image_override":[{"single_post_thumbnail_size":"crop-500","single_post_gallery_size":"crop-500"}],"trending_post_position":"meta","trending_post_label":"Trending","sponsored_post_label":"Sponsored by","sponsored_post_name":"","sponsored_post_url":"","sponsored_post_logo":"","sponsored_post_desc":""},"jnews_primary_category":{"id":""},"jnews_social_meta":{"fb_title":"","fb_description":"","fb_image":"","twitter_title":"","twitter_description":"","twitter_image":""},"jnews_review":[],"enable_review":"","type":"percentage","name":"","summary":"","brand":"","sku":"","good":[{"good_text":""}],"bad":[{"bad_text":""}],"score_override":"","override_value":"","rating":[{"rating_text":"","rating_number":"10"}],"price":[{"shop":"","price":"","link":"","icon":""}],"jnews_override_counter":{"view_counter_number":"0","share_counter_number":"0","like_counter_number":"0","dislike_counter_number":"0"},"jnews_post_split":{"post_split":[{"template":"1","tag":"h2","numbering":"asc","mode":"normal","toc_type":"normal"}]},"footnotes":""},"categories":[8,12],"tags":[457],"class_list":["post-27915","post","type-post","status-publish","format-standard","has-post-thumbnail","hentry","category-provinciales","category-rio-cuarto","tag-senaf"],"jetpack_featured_media_url":"https:\/\/atecordoba.org\/wp-content\/uploads\/2021\/09\/02_09_SENAF_RioCuarto8-1-e1631032665672.jpeg","_links":{"self":[{"href":"https:\/\/atecordoba.org\/index.php?rest_route=\/wp\/v2\/posts\/27915","targetHints":{"allow":["GET"]}}],"collection":[{"href":"https:\/\/atecordoba.org\/index.php?rest_route=\/wp\/v2\/posts"}],"about":[{"href":"https:\/\/atecordoba.org\/index.php?rest_route=\/wp\/v2\/types\/post"}],"author":[{"embeddable":true,"href":"https:\/\/atecordoba.org\/index.php?rest_route=\/wp\/v2\/users\/7"}],"replies":[{"embeddable":true,"href":"https:\/\/atecordoba.org\/index.php?rest_route=%2Fwp%2Fv2%2Fcomments&post=27915"}],"version-history":[{"count":2,"href":"https:\/\/atecordoba.org\/index.php?rest_route=\/wp\/v2\/posts\/27915\/revisions"}],"predecessor-version":[{"id":27918,"href":"https:\/\/atecordoba.org\/index.php?rest_route=\/wp\/v2\/posts\/27915\/revisions\/27918"}],"wp:featuredmedia":[{"embeddable":true,"href":"https:\/\/atecordoba.org\/index.php?rest_route=\/wp\/v2\/media\/27917"}],"wp:attachment":[{"href":"https:\/\/atecordoba.org\/index.php?rest_route=%2Fwp%2Fv2%2Fmedia&parent=27915"}],"wp:term":[{"taxonomy":"category","embeddable":true,"href":"https:\/\/atecordoba.org\/index.php?rest_route=%2Fwp%2Fv2%2Fcategories&post=27915"},{"taxonomy":"post_tag","embeddable":true,"href":"https:\/\/atecordoba.org\/index.php?rest_route=%2Fwp%2Fv2%2Ftags&post=27915"}],"curies":[{"name":"wp","href":"https:\/\/api.w.org\/{rel}","templated":true}]}}