{"id":27912,"date":"2021-09-07T10:59:51","date_gmt":"2021-09-07T13:59:51","guid":{"rendered":"https:\/\/atecordoba.org\/?p=27912"},"modified":"2021-09-07T11:00:11","modified_gmt":"2021-09-07T14:00:11","slug":"el-ministerio-de-trabajo-elije-su-representacion-sindical","status":"publish","type":"post","link":"https:\/\/atecordoba.org\/?p=27912","title":{"rendered":"El Ministerio de Trabajo elije su representaci\u00f3n sindical"},"content":{"rendered":"\n<div class=\"wp-block-image is-style-default\"><figure class=\"alignright size-large is-resized\"><img loading=\"lazy\" decoding=\"async\" src=\"https:\/\/atecordoba.org\/wp-content\/uploads\/2021\/09\/ministerio-de-trabajo_delegados.jpeg\" alt=\"\" class=\"wp-image-27913\" width=\"361\" height=\"436\" \/><\/figure><\/div>\n\n\n\n<p>Las y los trabajadores de la Agencia Territorial C\u00f3rdoba del Ministerio de trabajo de la Naci\u00f3n eligen ma\u00f1ana delegadxs, luego de la pandemia y el macrismo  que arraso el sector.<\/p>\n\n\n\n<p>En la oficina ubicada en 27 de abril 351, la urna estar\u00e1 abierta desde las 8 a las 15 horas y pueden participar todas y todos los trabajadores empadronados, independientemente si son afiliados a ATE o no. <\/p>\n\n\n\n<p>&#8220;Estamos reencontr\u00e1ndonos con el sector totalmente desarticulado&#8221;, dijeron los candidatos Malena Berger y Emiliano Navarro.<\/p>\n\n\n\n<p>Ambos son trabajadores de m\u00e1s de 8 a\u00f1os en el Estado nacional, seg\u00fan contaron ellos mismos, con diferentes trayectorias pero con las mismas visiones respecto de lo que esperan del mandato de las y los compa\u00f1eros del sector. <\/p>\n\n\n\n<p>&#8220;Creemos en el poder de la asociaci\u00f3n, el compa\u00f1erismo, y la asamblea como espacio para la toma de decisiones&#8221;, resumieron.<\/p>\n\n\n\n<p>En la agenda de reivindicaciones actualmente se encuentra:<br>-Recomposici\u00f3n salarial<br>-Recategorizaciones en base a las tareas reales que se realizan<br>-Que se den las condiciones edilicias y de herramientas m\u00ednimas para llevar adelante el trabajo.<br>-Reglamentaci\u00f3n del trabajo bi modal, sea presencial o remoto. &#8220;Porque ha quedado comprobado que hay tareas que se pueden realizar perfectamente a distancia, pero el Estado debe facilitar las herramientas para ello&#8221;.<br>-En agenda transversal &#8220;queremos que se instale la responsabilidad sindical y de la patronal a garantizar espacios libres de todo tipo de violencia, Tal como lo plantea el Convenio 190 de la OIT y la cual Argentina ratific\u00f3 recientemente&#8221;.<\/p>\n\n\n\n<p><\/p>\n","protected":false},"excerpt":{"rendered":"<p>Las y los trabajadores de la Agencia Territorial C\u00f3rdoba del Ministerio de trabajo de la Naci\u00f3n eligen ma\u00f1ana delegadxs, luego de la pandemia y el macrismo que arraso el sector. En la oficina ubicada en 27 de abril 351, la urna estar\u00e1 abierta desde las 8 a las 15 horas y pueden participar todas y [&hellip;]<\/p>\n","protected":false},"author":7,"featured_media":27913,"comment_status":"open","ping_status":"open","sticky":false,"template":"","format":"standard","meta":{"_exactmetrics_skip_tracking":false,"_exactmetrics_sitenote_active":false,"_exactmetrics_sitenote_note":"","_exactmetrics_sitenote_category":0,"jnews-multi-image_gallery":[],"jnews_single_post":{"subtitle":"Las y los trabajadores de la Agencia Territorial C\u00f3rdoba eligen ma\u00f1ana una delegada y un delegado de ATE.  ","format":"standard","video":"","gallery":"","source_name":"","source_url":"","via_name":"","via_url":"","override":[{"template":"1","single_blog_custom":"","parallax":"1","fullscreen":"1","layout":"right-sidebar","sidebar":"default-sidebar","second_sidebar":"default-sidebar","sticky_sidebar":"1","share_position":"top","share_float_style":"share-monocrhome","show_share_counter":"1","show_view_counter":"1","show_featured":"1","show_post_meta":"1","show_post_author":"1","show_post_author_image":"1","show_post_date":"1","post_date_format":"default","post_date_format_custom":"Y\/m\/d","show_post_category":"1","post_reading_time_wpm":"300","zoom_button_out_step":"2","zoom_button_in_step":"3","show_post_tag":"1","show_prev_next_post":"1","show_popup_post":"1","number_popup_post":"1"}],"image_override":[{"single_post_thumbnail_size":"crop-500","single_post_gallery_size":"crop-500"}],"trending_post_position":"meta","trending_post_label":"Trending","sponsored_post_label":"Sponsored by","sponsored_post_name":"","sponsored_post_url":"","sponsored_post_logo":"","sponsored_post_desc":""},"jnews_primary_category":{"id":""},"jnews_social_meta":{"fb_title":"","fb_description":"","fb_image":"","twitter_title":"","twitter_description":"","twitter_image":""},"jnews_review":[],"enable_review":"","type":"percentage","name":"","summary":"","brand":"","sku":"","good":[{"good_text":""}],"bad":[{"bad_text":""}],"score_override":"","override_value":"","rating":[{"rating_text":"","rating_number":"10"}],"price":[{"shop":"","price":"","link":"","icon":""}],"jnews_override_counter":{"view_counter_number":"0","share_counter_number":"0","like_counter_number":"0","dislike_counter_number":"0"},"jnews_post_split":{"post_split":[{"template":"1","tag":"h2","numbering":"asc","mode":"normal","toc_type":"normal"}]},"footnotes":""},"categories":[18],"tags":[338],"class_list":["post-27912","post","type-post","status-publish","format-standard","has-post-thumbnail","hentry","category-nacionales","tag-ministerio-de-trabajo-de-la-nacion"],"jetpack_featured_media_url":"https:\/\/atecordoba.org\/wp-content\/uploads\/2021\/09\/ministerio-de-trabajo_delegados-e1631023166977.jpeg","_links":{"self":[{"href":"https:\/\/atecordoba.org\/index.php?rest_route=\/wp\/v2\/posts\/27912","targetHints":{"allow":["GET"]}}],"collection":[{"href":"https:\/\/atecordoba.org\/index.php?rest_route=\/wp\/v2\/posts"}],"about":[{"href":"https:\/\/atecordoba.org\/index.php?rest_route=\/wp\/v2\/types\/post"}],"author":[{"embeddable":true,"href":"https:\/\/atecordoba.org\/index.php?rest_route=\/wp\/v2\/users\/7"}],"replies":[{"embeddable":true,"href":"https:\/\/atecordoba.org\/index.php?rest_route=%2Fwp%2Fv2%2Fcomments&post=27912"}],"version-history":[{"count":1,"href":"https:\/\/atecordoba.org\/index.php?rest_route=\/wp\/v2\/posts\/27912\/revisions"}],"predecessor-version":[{"id":27914,"href":"https:\/\/atecordoba.org\/index.php?rest_route=\/wp\/v2\/posts\/27912\/revisions\/27914"}],"wp:featuredmedia":[{"embeddable":true,"href":"https:\/\/atecordoba.org\/index.php?rest_route=\/wp\/v2\/media\/27913"}],"wp:attachment":[{"href":"https:\/\/atecordoba.org\/index.php?rest_route=%2Fwp%2Fv2%2Fmedia&parent=27912"}],"wp:term":[{"taxonomy":"category","embeddable":true,"href":"https:\/\/atecordoba.org\/index.php?rest_route=%2Fwp%2Fv2%2Fcategories&post=27912"},{"taxonomy":"post_tag","embeddable":true,"href":"https:\/\/atecordoba.org\/index.php?rest_route=%2Fwp%2Fv2%2Ftags&post=27912"}],"curies":[{"name":"wp","href":"https:\/\/api.w.org\/{rel}","templated":true}]}}