{"id":2788,"date":"2013-05-28T17:10:03","date_gmt":"2013-05-28T20:10:03","guid":{"rendered":"http:\/\/www.atecordoba.org\/?p=2788"},"modified":"2013-05-28T17:10:03","modified_gmt":"2013-05-28T20:10:03","slug":"negocios-privados-versus-bienes-comunes","status":"publish","type":"post","link":"https:\/\/atecordoba.org\/?p=2788","title":{"rendered":"Negocios privados versus bienes comunes"},"content":{"rendered":"<p><em>En C\u00f3rdoba, Sierras Chicas es una de las regiones que m\u00e1s brutalmente est\u00e1 sufriendo la invasi\u00f3n de desarrollos inmobiliarios, depredando el medio ambiente y generando la especulaci\u00f3n sobre los precios de la tierra. Nuestro compa\u00f1ero Carlos Baz\u00e1n, guardiaparque provincial, desarroll\u00f3 el tema en la revista La Uni\u00f3n, publicaci\u00f3n de la zona, que reproducimos para conocimiento y debate de nuestros afiliados.<\/em><\/p>\n<p><a href=\"http:\/\/www.atecordoba.org\/wp-content\/uploads\/2013\/05\/loteo-pozos-verdes.jpg\"><img loading=\"lazy\" decoding=\"async\" class=\"aligncenter size-full wp-image-2789\" title=\"loteo pozos verdes\" src=\"http:\/\/www.atecordoba.org\/wp-content\/uploads\/2013\/05\/loteo-pozos-verdes.jpg\" alt=\"\" width=\"780\" height=\"675\" \/><\/a><\/p>\n<p>Los modelos de desarrollo de la sociedad capitalista han entrado en crisis, y las consecuencias para las especies pueden ser catastr\u00f3ficas. Al propio tiempo, la maquinaria medi\u00e1tica hace lo posible para que esa crisis sist\u00e9mica del capitalismo sea invisible para las mayor\u00edas. En primer lugar, asola al mundo una crisis tanto econ\u00f3mica como financiera, otra vez desatadas por el ego\u00edsmo y la arbitrariedad de las fuerzas del mercado. A ellas se une la crisis ecol\u00f3gica, resultado de la acelerada defo\u00adrestaci\u00f3n de las \u00e1reas boscosas del planeta, de la emisi\u00f3n indis\u00adcriminada de gases t\u00f3xicos y la contaminaci\u00f3n de los recursos acu\u00e1ticos, entre otras calamidades.<\/p>\n<p>Las crisis econ\u00f3micas, con su negativa repercusi\u00f3n en la producci\u00f3n y el consumo, precarizan la vida de los grupos sociales m\u00e1s vulnerables; endurecen la competici\u00f3n entre los miembros de la sociedad por el acceso a los recursos, servicios y pol\u00edticas sociales; y sacan a flote actitudes y sentimientos ego\u00edstas, puestos en funci\u00f3n de preservar o incrementar el bienestar para sectores minoritarios y poderosos. En el \u00e1mbito internacio\u00adnal, la fragilidad de las econom\u00edas de no pocos estados facilita a los poderosos la apropiaci\u00f3n de los recursos naturales de esos pa\u00edses, la esclavizaci\u00f3n de las capas populares, la cancelaci\u00f3n de las conquistas sociales logradas por los pueblos, y la impo\u00adsici\u00f3n de los intereses de los m\u00e1s fuertes en organizaciones e instituciones internacionales.<\/p>\n<p>La Tierra es la casa de todos los hombres, mujeres y ni\u00f1os que la pueblan. No tenemos derecho a legar a nuestros hijos paisajes sin \u00e1rboles que anuncian la lenta asfixia del planeta; donde la b\u00fasqueda de agua forma parte de la lucha por la subsistencia y mueren cada d\u00eda 5000 personas por beber de fuentes contaminadas; zonas pesqueras agotadas por ritmos de extracci\u00f3n que superan con creces los de la reproducci\u00f3n natural de las especies; veranos crecientemente calurosos que alternan con inviernos cada vez m\u00e1s crudos; y lluvias torrenciales que sepultan bajo el agua, vidas humanas, bienes personales e infraestructura, pero sobre todo deja sumergidas afectos, esperanza y sue\u00f1os en un presente y futuro mejor para cada familia afectada.<\/p>\n<p>&nbsp;<\/p>\n<p>En estos d\u00edas, se puso de manifiesto, una muestra de lo expresado m\u00e1s arriba, muy cerca nuestro. En Reserva H\u00eddrica La Quebrada, se hizo p\u00fablico la intenci\u00f3n de un particular de avanzar con un desarrollo inmobiliario en \u201cPozos Verdes\u201d, al ingreso de la Quebrada de Los Hornillos. Este hecho trajo aparejado que numerosos vecinos de la localidad de R\u00edo Ceballos, se manifestaran frente al municipio local, que en realidad no tiene responsabilidad funcional en ese lugar, ya que se trata de una jurisdicci\u00f3n provincial, debiendo intervenir all\u00ed el Ministerio de Ambiente, Agua y Energ\u00eda, tanto con la Secretar\u00eda de Ambiente y la Subsecretar\u00eda de Recursos H\u00eddricos. En la certeza de que no poner freno a este emprendimiento, se ver\u00edan afectados nuestros bienes comunes naturales: agua, flora, fauna y paisajes, la sociedad civil ha iniciado una convocatoria para la firma de un petitorio para que no se d\u00e9 curso a este negocio. Con lo que queda demostrado que solo la movilizaci\u00f3n social sigue siendo el resguardo de nuestros derechos. Veremos que sucede\u2026.<\/p>\n<p>&nbsp;<\/p>\n","protected":false},"excerpt":{"rendered":"<p>En C\u00f3rdoba, Sierras Chicas es una de las regiones que m\u00e1s brutalmente est\u00e1 sufriendo la invasi\u00f3n de desarrollos inmobiliarios, depredando el medio ambiente y generando la especulaci\u00f3n sobre los precios de la tierra. Nuestro compa\u00f1ero Carlos Baz\u00e1n, guardiaparque provincial, desarroll\u00f3 el tema en la revista La Uni\u00f3n, publicaci\u00f3n de la zona, que reproducimos para conocimiento [&hellip;]<\/p>\n","protected":false},"author":1,"featured_media":19220,"comment_status":"open","ping_status":"open","sticky":false,"template":"","format":"standard","meta":{"_exactmetrics_skip_tracking":false,"_exactmetrics_sitenote_active":false,"_exactmetrics_sitenote_note":"","_exactmetrics_sitenote_category":0,"jnews-multi-image_gallery":[],"jnews_single_post":[],"jnews_primary_category":[],"jnews_social_meta":[],"jnews_review":[],"enable_review":"","type":"","name":"","summary":"","brand":"","sku":"","good":[],"bad":[],"score_override":"","override_value":"","rating":[],"price":[],"jnews_override_counter":[],"jnews_post_split":[],"footnotes":""},"categories":[20],"tags":[],"class_list":["post-2788","post","type-post","status-publish","format-standard","has-post-thumbnail","hentry","category-municipales"],"jetpack_featured_media_url":"https:\/\/atecordoba.org\/wp-content\/uploads\/2020\/05\/logo-nuevochico-e1561581322808.png","_links":{"self":[{"href":"https:\/\/atecordoba.org\/index.php?rest_route=\/wp\/v2\/posts\/2788","targetHints":{"allow":["GET"]}}],"collection":[{"href":"https:\/\/atecordoba.org\/index.php?rest_route=\/wp\/v2\/posts"}],"about":[{"href":"https:\/\/atecordoba.org\/index.php?rest_route=\/wp\/v2\/types\/post"}],"author":[{"embeddable":true,"href":"https:\/\/atecordoba.org\/index.php?rest_route=\/wp\/v2\/users\/1"}],"replies":[{"embeddable":true,"href":"https:\/\/atecordoba.org\/index.php?rest_route=%2Fwp%2Fv2%2Fcomments&post=2788"}],"version-history":[{"count":0,"href":"https:\/\/atecordoba.org\/index.php?rest_route=\/wp\/v2\/posts\/2788\/revisions"}],"wp:featuredmedia":[{"embeddable":true,"href":"https:\/\/atecordoba.org\/index.php?rest_route=\/wp\/v2\/media\/19220"}],"wp:attachment":[{"href":"https:\/\/atecordoba.org\/index.php?rest_route=%2Fwp%2Fv2%2Fmedia&parent=2788"}],"wp:term":[{"taxonomy":"category","embeddable":true,"href":"https:\/\/atecordoba.org\/index.php?rest_route=%2Fwp%2Fv2%2Fcategories&post=2788"},{"taxonomy":"post_tag","embeddable":true,"href":"https:\/\/atecordoba.org\/index.php?rest_route=%2Fwp%2Fv2%2Ftags&post=2788"}],"curies":[{"name":"wp","href":"https:\/\/api.w.org\/{rel}","templated":true}]}}