{"id":27810,"date":"2021-09-06T14:04:52","date_gmt":"2021-09-06T17:04:52","guid":{"rendered":"https:\/\/atecordoba.org\/?p=27810"},"modified":"2021-09-06T14:04:54","modified_gmt":"2021-09-06T17:04:54","slug":"por-un-estado-participativo-que-programe-el-desarrollo-economico-social-y-cultural-para-nuestra-gente","status":"publish","type":"post","link":"https:\/\/atecordoba.org\/?p=27810","title":{"rendered":"Por un Estado participativo que programe el desarrollo econ\u00f3mico, social y cultural para nuestra gente"},"content":{"rendered":"\n<div class=\"wp-block-image is-style-default\"><figure class=\"aligncenter size-large is-resized\"><img loading=\"lazy\" decoding=\"async\" src=\"https:\/\/atecordoba.org\/wp-content\/uploads\/2021\/09\/seminario-estado-1024x682.jpg\" alt=\"\" class=\"wp-image-27811\" width=\"768\" height=\"512\" srcset=\"https:\/\/atecordoba.org\/wp-content\/uploads\/2021\/09\/seminario-estado-1024x682.jpg 1024w, https:\/\/atecordoba.org\/wp-content\/uploads\/2021\/09\/seminario-estado-300x200.jpg 300w, https:\/\/atecordoba.org\/wp-content\/uploads\/2021\/09\/seminario-estado-768x512.jpg 768w, https:\/\/atecordoba.org\/wp-content\/uploads\/2021\/09\/seminario-estado-750x500.jpg 750w, https:\/\/atecordoba.org\/wp-content\/uploads\/2021\/09\/seminario-estado-1140x760.jpg 1140w, https:\/\/atecordoba.org\/wp-content\/uploads\/2021\/09\/seminario-estado.jpg 1280w\" sizes=\"auto, (max-width: 768px) 100vw, 768px\" \/><\/figure><\/div>\n\n\n\n<p>El 31 de agosto pasado dio comienzo el seminario \u201cEl Estado que necesitamos para superar las pandemias: Hacia un Estado democr\u00e1tico y popular\u201d, tres jornadas organizadas por ATE para el debate\u00a0 y an\u00e1lisis, sobre la nueva realidad pol\u00edtica y social que dejar\u00e1 la pos Pandemia. \u00a0Del mismo participaron dirigentes sindicales, sociales, investigadores, empresarixs, funcionarixs, entre otrxs sectores.<\/p>\n\n\n\n<p>En el acto de apertura, el secretario General del CDN, Hugo \u00b4Cachorro\u00b4 Godoy, reivindic\u00f3 primeramente la labor llevada adelante por lxs trabajadorxs estatales durante esta prolongada Pandemia, destacando tanto la participaci\u00f3n del trabajadxr estatal \u201cno s\u00f3lo en lo que fue su rol m\u00e1s visible en la primera l\u00ednea de la atenci\u00f3n hospitalaria, tambi\u00e9n lo hizo en la limpieza, en la recolecci\u00f3n de residuos, en las centrales nucleares, en el astillero, en las f\u00e1bricas estatales, en la confecci\u00f3n de elementos para abastecer cada una de las necesidades del sistema del salud\u201d sino tambi\u00e9n en la propia participaci\u00f3n del sindicato \u201cen ayudar a la log\u00edstica del sistema de vacunaci\u00f3n en provincias y municipios, ofreciendo sus sede como vacunatorios, o acompa\u00f1ando la campa\u00f1a que se realiza casa por casa\u201d.<\/p>\n\n\n\n<p>Ya adentr\u00e1ndose en lo que es el objetivo del Seminario, Godoy, puntualiz\u00f3 la necesidad de que como trabajadorxs estatales \u201chagamos nuestro aporte al rol que debe tener el Estado\u201d. Y en ese sentido record\u00f3 la resistencia de ATE a las pol\u00edticas neoliberales aplicadas por el gobierno de Mauricio Macri que favorecieron a las transnacionales y paralelamente impulsaron recortar las funciones que debe cumplir el Estado.<\/p>\n\n\n\n<figure class=\"wp-block-embed is-type-video is-provider-youtube wp-block-embed-youtube wp-embed-aspect-16-9 wp-has-aspect-ratio\"><div class=\"wp-block-embed__wrapper\">\n<div class=\"epyt-video-wrapper\"><iframe loading=\"lazy\"  style=\"display: block; margin: 0px auto;\"  id=\"_ytid_59236\"  width=\"480\" height=\"270\"  data-origwidth=\"480\" data-origheight=\"270\" src=\"https:\/\/www.youtube.com\/embed\/PixCAkO-5yY?enablejsapi=1&#038;autoplay=0&#038;cc_load_policy=0&#038;cc_lang_pref=&#038;iv_load_policy=3&#038;loop=0&#038;rel=0&#038;fs=1&#038;playsinline=0&#038;autohide=2&#038;theme=dark&#038;color=red&#038;controls=1&#038;disablekb=0&#038;\" class=\"__youtube_prefs__  epyt-is-override  no-lazyload\" title=\"YouTube player\"  allow=\"fullscreen; accelerometer; autoplay; clipboard-write; encrypted-media; gyroscope; picture-in-picture; web-share\" referrerpolicy=\"strict-origin-when-cross-origin\" allowfullscreen data-no-lazy=\"1\" data-skipgform_ajax_framebjll=\"\"><\/iframe><\/div>\n<\/div><\/figure>\n\n\n\n<p>En esa l\u00ednea Godoy enumer\u00f3: \u201cfuimos el primer gremio que sali\u00f3 a las calles a combatir sus pol\u00edticas y que formo parte de esa resistencia que acab\u00f3 con su derrota electoral en el 2019\u201d. Y agreg\u00f3: \u201ces el inici\u00f3 de resistencia que permiti\u00f3 hoy reconvertir a Salud, Trabajo y Ciencia y Tecnolog\u00eda nuevamente en ministerios y avanzar en las reincorporaciones de lxs despedidxs en la era Macri\u201d. &nbsp;&nbsp;<\/p>\n\n\n\n<p>Cuando habla sobre el enfoque de un nuevo Estado Godoy&nbsp; tambi\u00e9n habla de tanto de \u201cmodificar el modelo productivo, de consumo y de redefinir las pol\u00edticas del Estado\u201d, de un Estado que \u201ctenga como objetivo pensar en una Patria Grande y Latinoamericana, entendiendo que somos una multiplicidad de naciones\u201d, de un Estado \u201cdonde el pueblo sea participe de las pol\u00edticas p\u00fablicas\u201d, de un Estado que \u201cconstruya nuevos pensamientos y sea transformador de &nbsp;los sue\u00f1os colectivos\u201d.<\/p>\n\n\n\n<p>Respecto al debate que se abre para un estado pol\u00edtico, social y cultural, Godoy, destaca el enorme arco que constituyen las organizaciones y los movimientos populares \u201cpara cambiar el actual entramado social, la realidad del empleo y la pobreza\u201d.<\/p>\n\n\n\n<div class=\"wp-block-image is-style-default\"><figure class=\"alignright size-large is-resized\"><img loading=\"lazy\" decoding=\"async\" src=\"https:\/\/atecordoba.org\/wp-content\/uploads\/2021\/09\/seminario-estado2.jpg\" alt=\"\" class=\"wp-image-27812\" width=\"653\" height=\"435\" \/><\/figure><\/div>\n\n\n\n<p>Godoy volvi\u00f3 a cuestionar el sometimiento de los gobiernos \u201ca los dictados del FMI, el Banco Mundial y a la presencia en el poder de las grandes corporaciones transnacionales\u201d. &nbsp;\u201cLas transnacionales tienen capacidad para fragmentar a nuestra sociedades y contra ese modelo es que nosotrxs luchamos\u201d, agreg\u00f3 antes de subrayar que \u201ceso fue el macrismo, un&nbsp; gobierno que bas\u00f3 sus pol\u00edticas en el beneficio de las grandes transnacionales y los organismos internacionales.<\/p>\n\n\n\n<p>Como cierre de la apertura pol\u00edtica que hizo para el encuentro, Godoy,&nbsp; volvi\u00f3 a subrayar la necesidad de \u201cconstruir un Estado participativo, con debate, que programe el desarrollo econ\u00f3mico social y cultural para toda nuestra gente\u201d, remarcando que \u201clos males de la democracia se resuelven con m\u00e1s democracia y participaci\u00f3n popular\u201d.<\/p>\n\n\n\n<p>Por \u00faltimo aventur\u00f3 que en tanto en septiembre como noviembre \u201cnuestro pueblo ser\u00e1 capaz de vencer al macrismo\u201d. \u00a0\u00a0\u00a0\u00a0<\/p>\n\n\n\n<p><strong>CLATE<\/strong><\/p>\n\n\n\n<p>Por su parte, el secretario General de la Confederaci\u00f3n \u00a0Latinoamericana y el Caribe de Trabajadores Estatales (CLATE), Julio Fuentes, valor\u00f3 la actividad desarrollada en la sede de ATE. <\/p>\n\n\n\n<p>&#8220;Se han juntado dirigentes y dirigentas sindicales, intelectuales, dirigentes pol\u00edticos de la Rep\u00fablica Argentina para discutir qu\u00e9 modelo de Estado necesitamos  para transformar la realidad, para romper m\u00e1s de 30 a\u00f1os de pol\u00edticas neoliberales, que bajo el discurso del Estado m\u00ednimo construyeron un Estado al servicio de las trasnacionales y de los poderosos&#8221;, dijo Fuentes. <\/p>\n\n\n\n<p>&#8220;Lo que se est\u00e1 poniendo en discusi\u00f3n es que forma debe tener un Estado relacionado con lo popular y con la soberan\u00eda de nuestro pa\u00eds&#8221;, concluy\u00f3.<\/p>\n\n\n\n<figure class=\"wp-block-embed is-type-video is-provider-youtube wp-block-embed-youtube wp-embed-aspect-16-9 wp-has-aspect-ratio\"><div class=\"wp-block-embed__wrapper\">\n<div class=\"epyt-video-wrapper\"><iframe loading=\"lazy\"  style=\"display: block; margin: 0px auto;\"  id=\"_ytid_58127\"  width=\"480\" height=\"270\"  data-origwidth=\"480\" data-origheight=\"270\" src=\"https:\/\/www.youtube.com\/embed\/_9Iy0w5pVzg?enablejsapi=1&#038;autoplay=0&#038;cc_load_policy=0&#038;cc_lang_pref=&#038;iv_load_policy=3&#038;loop=0&#038;rel=0&#038;fs=1&#038;playsinline=0&#038;autohide=2&#038;theme=dark&#038;color=red&#038;controls=1&#038;disablekb=0&#038;\" class=\"__youtube_prefs__  epyt-is-override  no-lazyload\" title=\"YouTube player\"  allow=\"fullscreen; accelerometer; autoplay; clipboard-write; encrypted-media; gyroscope; picture-in-picture; web-share\" referrerpolicy=\"strict-origin-when-cross-origin\" allowfullscreen data-no-lazy=\"1\" data-skipgform_ajax_framebjll=\"\"><\/iframe><\/div>\n<\/div><\/figure>\n","protected":false},"excerpt":{"rendered":"<p>El 31 de agosto pasado dio comienzo el seminario \u201cEl Estado que necesitamos para superar las pandemias: Hacia un Estado democr\u00e1tico y popular\u201d, tres jornadas organizadas por ATE para el debate\u00a0 y an\u00e1lisis, sobre la nueva realidad pol\u00edtica y social que dejar\u00e1 la pos Pandemia. \u00a0Del mismo participaron dirigentes sindicales, sociales, investigadores, empresarixs, funcionarixs, entre [&hellip;]<\/p>\n","protected":false},"author":7,"featured_media":27812,"comment_status":"open","ping_status":"open","sticky":false,"template":"","format":"standard","meta":{"_exactmetrics_skip_tracking":false,"_exactmetrics_sitenote_active":false,"_exactmetrics_sitenote_note":"","_exactmetrics_sitenote_category":0,"jnews-multi-image_gallery":[],"jnews_single_post":{"subtitle":"En el seminario \u201cEl Estado que necesitamos para superar las pandemias: Hacia un Estado democr\u00e1tico y popular\u201d el secretario General de ATE Hugo Godoy destac\u00f3 la labor de lxs trabajadorxs estatales durante la Pandemia y el de la propia ATE que puso sus sedes para que funcionen como vacunatorios.","format":"standard","video":"","gallery":"","source_name":"","source_url":"","via_name":"","via_url":"","override":[{"template":"1","single_blog_custom":"","parallax":"1","fullscreen":"1","layout":"right-sidebar","sidebar":"default-sidebar","second_sidebar":"default-sidebar","sticky_sidebar":"1","share_position":"top","share_float_style":"share-monocrhome","show_share_counter":"1","show_view_counter":"1","show_featured":"1","show_post_meta":"1","show_post_author":"1","show_post_author_image":"1","show_post_date":"1","post_date_format":"default","post_date_format_custom":"Y\/m\/d","show_post_category":"1","post_reading_time_wpm":"300","zoom_button_out_step":"2","zoom_button_in_step":"3","show_post_tag":"1","show_prev_next_post":"1","show_popup_post":"1","number_popup_post":"1"}],"image_override":[{"single_post_thumbnail_size":"crop-500","single_post_gallery_size":"crop-500"}],"trending_post_position":"meta","trending_post_label":"Trending","sponsored_post_label":"Sponsored by","sponsored_post_name":"","sponsored_post_url":"","sponsored_post_logo":"","sponsored_post_desc":""},"jnews_primary_category":{"id":""},"jnews_social_meta":{"fb_title":"","fb_description":"","fb_image":"","twitter_title":"","twitter_description":"","twitter_image":""},"jnews_review":[],"enable_review":"","type":"percentage","name":"","summary":"","brand":"","sku":"","good":[{"good_text":""}],"bad":[{"bad_text":""}],"score_override":"","override_value":"","rating":[{"rating_text":"","rating_number":"10"}],"price":[{"shop":"","price":"","link":"","icon":""}],"jnews_override_counter":{"view_counter_number":"0","share_counter_number":"0","like_counter_number":"0","dislike_counter_number":"0"},"jnews_post_split":{"post_split":[{"template":"1","tag":"h2","numbering":"asc","mode":"normal","toc_type":"normal"}]},"footnotes":""},"categories":[10,756],"tags":[903],"class_list":["post-27810","post","type-post","status-publish","format-standard","has-post-thumbnail","hentry","category-accion-politica","category-consejo-directivo-nacional-cdn","tag-seminario-el-estado-que-necesitamos"],"jetpack_featured_media_url":"https:\/\/atecordoba.org\/wp-content\/uploads\/2021\/09\/seminario-estado2-e1630947882862.jpg","_links":{"self":[{"href":"https:\/\/atecordoba.org\/index.php?rest_route=\/wp\/v2\/posts\/27810","targetHints":{"allow":["GET"]}}],"collection":[{"href":"https:\/\/atecordoba.org\/index.php?rest_route=\/wp\/v2\/posts"}],"about":[{"href":"https:\/\/atecordoba.org\/index.php?rest_route=\/wp\/v2\/types\/post"}],"author":[{"embeddable":true,"href":"https:\/\/atecordoba.org\/index.php?rest_route=\/wp\/v2\/users\/7"}],"replies":[{"embeddable":true,"href":"https:\/\/atecordoba.org\/index.php?rest_route=%2Fwp%2Fv2%2Fcomments&post=27810"}],"version-history":[{"count":1,"href":"https:\/\/atecordoba.org\/index.php?rest_route=\/wp\/v2\/posts\/27810\/revisions"}],"predecessor-version":[{"id":27813,"href":"https:\/\/atecordoba.org\/index.php?rest_route=\/wp\/v2\/posts\/27810\/revisions\/27813"}],"wp:featuredmedia":[{"embeddable":true,"href":"https:\/\/atecordoba.org\/index.php?rest_route=\/wp\/v2\/media\/27812"}],"wp:attachment":[{"href":"https:\/\/atecordoba.org\/index.php?rest_route=%2Fwp%2Fv2%2Fmedia&parent=27810"}],"wp:term":[{"taxonomy":"category","embeddable":true,"href":"https:\/\/atecordoba.org\/index.php?rest_route=%2Fwp%2Fv2%2Fcategories&post=27810"},{"taxonomy":"post_tag","embeddable":true,"href":"https:\/\/atecordoba.org\/index.php?rest_route=%2Fwp%2Fv2%2Ftags&post=27810"}],"curies":[{"name":"wp","href":"https:\/\/api.w.org\/{rel}","templated":true}]}}