{"id":2778,"date":"2013-05-24T18:41:56","date_gmt":"2013-05-24T21:41:56","guid":{"rendered":"http:\/\/www.atecordoba.org\/?p=2778"},"modified":"2013-05-24T18:41:56","modified_gmt":"2013-05-24T21:41:56","slug":"la-justicia-nacional-reafirmo-legalidad-de-ate-en-cordoba","status":"publish","type":"post","link":"https:\/\/atecordoba.org\/?p=2778","title":{"rendered":"La Justicia Nacional reafirm\u00f3 legalidad de ATE en C\u00f3rdoba"},"content":{"rendered":"<p><em>En un fallo conocido hoy, la Sala IV de la C\u00e1mara Nacional del Trabajo confirm\u00f3 la legalidad de ATE C\u00f3rdoba para ejercer el \u00e1mbito de representaci\u00f3n en todo el Estado provincial, as\u00ed como en los municipios que se encuentran dentro del territorio de C\u00f3rdoba.\u00a0<\/em><\/p>\n<p>&nbsp;<\/p>\n<p style=\"text-align: center;\"><a href=\"http:\/\/www.atecordoba.org\/wp-content\/uploads\/2013\/05\/foto12.jpg\"><img loading=\"lazy\" decoding=\"async\" class=\"aligncenter  wp-image-2782\" title=\"foto1\" src=\"http:\/\/www.atecordoba.org\/wp-content\/uploads\/2013\/05\/foto12.jpg\" alt=\"\" width=\"640\" height=\"480\" \/><\/a><\/p>\n<p>La sentencia, de car\u00e1cter definitiva, cierra la controversia planteada por el Sindicato de Empleados P\u00fablicos (SEP), que se arrogaba el monopolio de la representaci\u00f3n sindical en las Provincia, con el aval de la administraci\u00f3n delasotista.<\/p>\n<p>Con la firma de los jueces H\u00e9ctor Guisado y Graciela Elena Marino, el tribunal judicial resolvi\u00f3 desestimar el recurso impuesto por el SEP, que hab\u00eda llegado a la C\u00e1mara despu\u00e9s que el Ministerio de Trabajo de la Naci\u00f3n estableciera en dos oportunidades la legalidad de ATE, tal como ven\u00edan reclamando nuestros afiliados desde 2006.<\/p>\n<p>Tanto el SEP como el Gobierno se hab\u00edan opuesto sistem\u00e1ticamente al crecimiento de ATE, impugnando las elecciones de delegados en un caso, o neg\u00e1ndose a retener la cuota sindical de nuestros afiliados en el otro, sin contar las permanentes persecuciones a aquellos compa\u00f1eros que deciden organizarse en ATE.<\/p>\n<p>No fue impedimento para el gobierno delasotista, que la persecuci\u00f3n a nuestro gremio fuese en contra de la Constituci\u00f3n, los convenios internacionales de la Organizaci\u00f3n Internacional del \u00a0Trabajo (OIT) y la normativa nacional en la materia.<\/p>\n<p>Ahora, la Justicia dio la raz\u00f3n al Ministerio de Trabajo nacional, que con la firma del ministro Carlos Tomada \u00a0hab\u00eda ratificado en la resoluci\u00f3n 708\/2009 -al hacer lugar al planteo de ATE- la vigencia del principio de pluralidad sindical en el sector p\u00fablico, y concretamente resolvi\u00f3 reconocer \u201cla aptitud de ATE para coexistir como entidad sindical, sin exclusi\u00f3n de su Personer\u00eda Gremial, en el \u00e1mbito p\u00fablico de la Provincia de C\u00f3rdoba\u201d.<\/p>\n<p>Por lo tanto, tanto el Ministerio de Trabajo como la Justicia reafirmaron que ATE en C\u00f3rdoba puede elegir delegados en cualquier repartici\u00f3n u organismo del Estado nacional, provincial y municipal. Y esto fue posible gracias a la perseverancia y conciencia de los trabajadores, afiliados y dirigentes de ATE C\u00f3rdoba que no se doblegaron jam\u00e1s ante las presiones y persecuciones de la patronal, y continuaron organiz\u00e1ndose y luchando a\u00fan frente a la adversidad<\/p>\n<p><a href=\"http:\/\/www.atecordoba.org\/wp-content\/uploads\/2013\/05\/foto3.jpg\"><img loading=\"lazy\" decoding=\"async\" class=\"alignright  wp-image-2725\" title=\"foto3\" src=\"http:\/\/www.atecordoba.org\/wp-content\/uploads\/2013\/05\/foto3.jpg\" alt=\"\" width=\"480\" height=\"360\" \/><\/a><\/p>\n<p>En consecuencia, ATE C\u00f3rdoba insta al gobernador Jos\u00e9 Manuel De la Sota a que detenga de forma inmediata la discriminaci\u00f3n y persecuci\u00f3n a delegados y afiliados de nuestro gremio, abriendo un espacio de negociaci\u00f3n sobre las diversas problem\u00e1ticas que agobian a los trabajadores estatales en C\u00f3rdoba, y restituya los descuentos por cuota de afiliaci\u00f3n que el propio gobernador dio de baja de forma arbitraria hace siete a\u00f1os.<\/p>\n<p>ATE descuenta que De la Sota, que afirma ser respetuoso de la ley, la justicia y la pluralidad de opiniones, llevar\u00e1 a cabo estas medidas como una forma de restablecer la armon\u00eda en las relaciones laborales dentro del Estado que su gobierno administra, dejando atr\u00e1s la persecuci\u00f3n a nuestro gremio, contraria a la Constituci\u00f3n y el esp\u00edritu democr\u00e1tico que deben velar las relaciones entre trabajadores y la patronal.<\/p>\n<p>Vale se\u00f1alar que por su car\u00e1cter definitivo, esta sentencia de la C\u00e1mara Nacional del Trabajo debe ser de aplicaci\u00f3n obligatoria e inmediata, ya que su no cumplimiento pondr\u00eda al Gobierno de C\u00f3rdoba al margen de la legalidad.<\/p>\n<p><strong>Un poco de historia<\/strong><\/p>\n<p>La discriminaci\u00f3n a nuestro gremio se inici\u00f3 a ra\u00edz de la impugnaci\u00f3n que realiz\u00f3 el SEP a la elecci\u00f3n de delegado de ATE en la Direcci\u00f3n de Administraci\u00f3n del Ministerio de Educaci\u00f3n de la Provincia de C\u00f3rdoba. En marzo de 2006, el gobierno provincial resolvi\u00f3 dar de baja los descuentos de de la cuota de afiliaci\u00f3n de los afiliados de ATE, con el objetivo de \u00a0desfinanciar a nuestra organizaci\u00f3n.<\/p>\n<p><a href=\"http:\/\/www.atecordoba.org\/wp-content\/uploads\/2013\/05\/foto41.jpg\"><img loading=\"lazy\" decoding=\"async\" class=\"alignleft  wp-image-2780\" title=\"foto4\" src=\"http:\/\/www.atecordoba.org\/wp-content\/uploads\/2013\/05\/foto41.jpg\" alt=\"\" width=\"480\" height=\"360\" \/><\/a><\/p>\n<p>Tras pedir la nuestra conducci\u00f3n una serie de audiencias ante distintos funcionarios del gobierno provincial, en 2007 ATE inici\u00f3 un recurso administrativo en el Ministerio de Trabajo de la Naci\u00f3n, \u00fanica autoridad habilitada para fijar los \u00e1mbitos de representaci\u00f3n sindical.<\/p>\n<p>En septiembre de 2009 la cartera laboral dio la raz\u00f3n a nuestro gremio, mediante la resoluci\u00f3n 708\/2006 antes mencionada, pero el gobierno provincial se neg\u00f3 a cumplirla, aduciendo que el SEP hab\u00eda apelado la medida en el mismo ministerio.<\/p>\n<p>Tres a\u00f1os despu\u00e9s, en septiembre de 2012, una nueva resoluci\u00f3n firmada por Carlos Tomada, 770\/2012, confirm\u00f3 lo resuelto con anterioridad, pero el gobierno delasotista tampoco la cumpli\u00f3, esta vez porque el SEP hab\u00eda elevado un recurso ordinario a la C\u00e1mara Nacional del Trabajo.<\/p>\n<p>Finalmente, ahora se cierra el ciclo de apelaciones e impugnaciones con la sentencia conocida en la jornada de hoy, que conlleva un poco m\u00e1s de democracia a la alica\u00edda realidad de los trabajadores estatales cordobeses.<\/p>\n","protected":false},"excerpt":{"rendered":"<p>En un fallo conocido hoy, la Sala IV de la C\u00e1mara Nacional del Trabajo confirm\u00f3 la legalidad de ATE C\u00f3rdoba para ejercer el \u00e1mbito de representaci\u00f3n en todo el Estado provincial, as\u00ed como en los municipios que se encuentran dentro del territorio de C\u00f3rdoba.\u00a0 &nbsp; La sentencia, de car\u00e1cter definitiva, cierra la controversia planteada por [&hellip;]<\/p>\n","protected":false},"author":1,"featured_media":19220,"comment_status":"open","ping_status":"open","sticky":false,"template":"","format":"standard","meta":{"_exactmetrics_skip_tracking":false,"_exactmetrics_sitenote_active":false,"_exactmetrics_sitenote_note":"","_exactmetrics_sitenote_category":0,"jnews-multi-image_gallery":[],"jnews_single_post":[],"jnews_primary_category":[],"jnews_social_meta":[],"jnews_review":[],"enable_review":"","type":"","name":"","summary":"","brand":"","sku":"","good":[],"bad":[],"score_override":"","override_value":"","rating":[],"price":[],"jnews_override_counter":[],"jnews_post_split":[],"footnotes":""},"categories":[20,8],"tags":[],"class_list":["post-2778","post","type-post","status-publish","format-standard","has-post-thumbnail","hentry","category-municipales","category-provinciales"],"jetpack_featured_media_url":"https:\/\/atecordoba.org\/wp-content\/uploads\/2020\/05\/logo-nuevochico-e1561581322808.png","_links":{"self":[{"href":"https:\/\/atecordoba.org\/index.php?rest_route=\/wp\/v2\/posts\/2778","targetHints":{"allow":["GET"]}}],"collection":[{"href":"https:\/\/atecordoba.org\/index.php?rest_route=\/wp\/v2\/posts"}],"about":[{"href":"https:\/\/atecordoba.org\/index.php?rest_route=\/wp\/v2\/types\/post"}],"author":[{"embeddable":true,"href":"https:\/\/atecordoba.org\/index.php?rest_route=\/wp\/v2\/users\/1"}],"replies":[{"embeddable":true,"href":"https:\/\/atecordoba.org\/index.php?rest_route=%2Fwp%2Fv2%2Fcomments&post=2778"}],"version-history":[{"count":0,"href":"https:\/\/atecordoba.org\/index.php?rest_route=\/wp\/v2\/posts\/2778\/revisions"}],"wp:featuredmedia":[{"embeddable":true,"href":"https:\/\/atecordoba.org\/index.php?rest_route=\/wp\/v2\/media\/19220"}],"wp:attachment":[{"href":"https:\/\/atecordoba.org\/index.php?rest_route=%2Fwp%2Fv2%2Fmedia&parent=2778"}],"wp:term":[{"taxonomy":"category","embeddable":true,"href":"https:\/\/atecordoba.org\/index.php?rest_route=%2Fwp%2Fv2%2Fcategories&post=2778"},{"taxonomy":"post_tag","embeddable":true,"href":"https:\/\/atecordoba.org\/index.php?rest_route=%2Fwp%2Fv2%2Ftags&post=2778"}],"curies":[{"name":"wp","href":"https:\/\/api.w.org\/{rel}","templated":true}]}}