{"id":27763,"date":"2021-09-03T13:31:50","date_gmt":"2021-09-03T16:31:50","guid":{"rendered":"https:\/\/atecordoba.org\/?p=27763"},"modified":"2021-09-03T13:59:00","modified_gmt":"2021-09-03T16:59:00","slug":"reunion-de-ate-cordoba-con-autoridades-de-senasa-por-cupo-trans-y-de-discapacidad","status":"publish","type":"post","link":"https:\/\/atecordoba.org\/?p=27763","title":{"rendered":"Reuni\u00f3n de ATE C\u00f3rdoba con autoridades de SENASA por cupo trans y de discapacidad"},"content":{"rendered":"\n<p><\/p>\n\n\n\n<div class=\"wp-block-image is-style-default\"><figure class=\"aligncenter size-large is-resized\"><img loading=\"lazy\" decoding=\"async\" src=\"https:\/\/atecordoba.org\/wp-content\/uploads\/2021\/09\/WhatsApp-Image-2021-09-03-at-10.20.23-1024x473.jpeg\" alt=\"\" class=\"wp-image-27766\" width=\"768\" height=\"355\" srcset=\"https:\/\/atecordoba.org\/wp-content\/uploads\/2021\/09\/WhatsApp-Image-2021-09-03-at-10.20.23-1024x473.jpeg 1024w, https:\/\/atecordoba.org\/wp-content\/uploads\/2021\/09\/WhatsApp-Image-2021-09-03-at-10.20.23-300x139.jpeg 300w, https:\/\/atecordoba.org\/wp-content\/uploads\/2021\/09\/WhatsApp-Image-2021-09-03-at-10.20.23-768x355.jpeg 768w, https:\/\/atecordoba.org\/wp-content\/uploads\/2021\/09\/WhatsApp-Image-2021-09-03-at-10.20.23-750x346.jpeg 750w, https:\/\/atecordoba.org\/wp-content\/uploads\/2021\/09\/WhatsApp-Image-2021-09-03-at-10.20.23-1140x526.jpeg 1140w, https:\/\/atecordoba.org\/wp-content\/uploads\/2021\/09\/WhatsApp-Image-2021-09-03-at-10.20.23.jpeg 1280w\" sizes=\"auto, (max-width: 768px) 100vw, 768px\" \/><\/figure><\/div>\n\n\n\n<p>En base al relevamiento llevado adelante para obtener informaci\u00f3n sobre la cantidad de trabajadoras y trabajadores de los distintos colectivos en los organismos y sectores de los Estados Nacional, Provincial y Municipal en el territorio de la provincia de C\u00f3rdoba, que surgi\u00f3 como iniciativa de la Secretar\u00eda de Prensa y los&nbsp; Departamentos de Discapacidad y G\u00e9neros y Diversidades del Consejo Directivo Provincial ATE C\u00f3rdoba, ATE realiz\u00f3 un pedido de audiencia que fue respondido positivamente por funcionarios de SENASA.<\/p>\n\n\n\n<p>Se trat\u00f3 de un importante avance para poner en la agenda de discusi\u00f3n gremial la necesidad de implementar los cupos establecidos por ley, para que la normativa no caiga en letra muerta.<\/p>\n\n\n\n<p>Por el SENASA estuvieron presentes el Director del Centro Regional C\u00f3rdoba, Gustavo Zabaleta y la referente del \u00c1rea de G\u00e9nero, Graciela Cusido, entre otras y otros directivos. Se cont\u00f3 adem\u00e1s con la presencia de compa\u00f1eras de Casa Central del organismo pertenecientes a las \u00c1reas de Capacitaci\u00f3n, G\u00e9nero y Recursos Humanos.<\/p>\n\n\n\n<p>En tanto, en representaci\u00f3n de ATE participaron Eugenio Talbot, del Departamento de G\u00e9neros y Diversidades; Franco Orsato, del Departamento de Discapacidad; C\u00e9sar Theaux, del Departamento de Derechos Humanos; Agust\u00edn Bertone, del Departamento de Asuntos Nacionales; y Alejandra Agnone y Mat\u00edas Giuliani, trabajadorxs y delegadxs del SENASA.<\/p>\n\n\n\n<p>Finalizado el zoom, Mat\u00edas Giuliani hizo un balance positivo de la reuni\u00f3n, donde en primer t\u00e9rmino se hizo un paneo general de situaci\u00f3n de SENASA sobre los cupos para personas trans y personas con discapacidades.<\/p>\n\n\n\n<p>\u201cSe acord\u00f3 en avanzar en pol\u00edticas de inclusi\u00f3n, coincidiendo en que no solo se trata de ingresar a un trabajo sino tambi\u00e9n el derecho a permanecer all\u00ed porque el trabajo dignifica a la persona. \u00a0Tambi\u00e9n estuvimos de acuerdo que, por su condici\u00f3n, la persona no sea recluida a tareas penosas, sino que tenga tareas dignas que se adec\u00faen a sus necesidades\u201d, dijo el dirigente.<\/p>\n\n\n\n<p>Adem\u00e1s, durante la reuni\u00f3n, la patronal se comprometi\u00f3 a mantener ese espacio de di\u00e1logo, al tiempo que surgi\u00f3 la propuesta que se convoque a alguien del \u00e1rea de Sistemas de SENASA a a los fines de diagramar la accesibilidad de los sistemas para personas con discapacidades auditivas, visuales o motrices. \u201cTambi\u00e9n se acord\u00f3 una agenda para lo sucesivo con visibilizaci\u00f3n, capacitaciones y formaciones sobre estas realidades para lograr que se otorguen cupos solicitados\u201d, concluy\u00f3 Giuliani. &nbsp;<\/p>\n","protected":false},"excerpt":{"rendered":"<p>En base al relevamiento llevado adelante para obtener informaci\u00f3n sobre la cantidad de trabajadoras y trabajadores de los distintos colectivos en los organismos y sectores de los Estados Nacional, Provincial y Municipal en el territorio de la provincia de C\u00f3rdoba, que surgi\u00f3 como iniciativa de la Secretar\u00eda de Prensa y los&nbsp; Departamentos de Discapacidad y [&hellip;]<\/p>\n","protected":false},"author":7,"featured_media":27766,"comment_status":"open","ping_status":"open","sticky":false,"template":"","format":"standard","meta":{"_exactmetrics_skip_tracking":false,"_exactmetrics_sitenote_active":false,"_exactmetrics_sitenote_note":"","_exactmetrics_sitenote_category":0,"jnews-multi-image_gallery":[],"jnews_single_post":{"subtitle":"De manera virtual, ayer se realiz\u00f3 el encuentro con funcionarios del organismo para abordar la necesidad de abrir los cupos de las dependencias que SENASA tiene en la provincia.","format":"standard","video":"","gallery":"","source_name":"","source_url":"","via_name":"","via_url":"","override":[{"template":"1","single_blog_custom":"","parallax":"1","fullscreen":"1","layout":"right-sidebar","sidebar":"default-sidebar","second_sidebar":"default-sidebar","sticky_sidebar":"1","share_position":"top","share_float_style":"share-monocrhome","show_share_counter":"1","show_view_counter":"1","show_featured":"1","show_post_meta":"1","show_post_author":"1","show_post_author_image":"1","show_post_date":"1","post_date_format":"default","post_date_format_custom":"Y\/m\/d","show_post_category":"1","post_reading_time_wpm":"300","zoom_button_out_step":"2","zoom_button_in_step":"3","show_post_tag":"1","show_prev_next_post":"1","show_popup_post":"1","number_popup_post":"1"}],"image_override":[{"single_post_thumbnail_size":"crop-500","single_post_gallery_size":"crop-500"}],"trending_post_position":"meta","trending_post_label":"Trending","sponsored_post_label":"Sponsored by","sponsored_post_name":"","sponsored_post_url":"","sponsored_post_logo":"","sponsored_post_desc":""},"jnews_primary_category":{"id":""},"jnews_social_meta":{"fb_title":"","fb_description":"","fb_image":"","twitter_title":"","twitter_description":"","twitter_image":""},"jnews_review":[],"enable_review":"","type":"percentage","name":"","summary":"","brand":"","sku":"","good":[{"good_text":""}],"bad":[{"bad_text":""}],"score_override":"","override_value":"","rating":[{"rating_text":"","rating_number":"10"}],"price":[{"shop":"","price":"","link":"","icon":""}],"jnews_override_counter":{"view_counter_number":"0","share_counter_number":"0","like_counter_number":"0","dislike_counter_number":"0"},"jnews_post_split":{"post_split":[{"template":"1","tag":"h2","numbering":"asc","mode":"normal","toc_type":"normal"}]},"footnotes":""},"categories":[625,325,18],"tags":[901],"class_list":["post-27763","post","type-post","status-publish","format-standard","has-post-thumbnail","hentry","category-discapacidad","category-generos-y-diversidades","category-nacionales","tag-senasa-cupos-laborales"],"jetpack_featured_media_url":"https:\/\/atecordoba.org\/wp-content\/uploads\/2021\/09\/WhatsApp-Image-2021-09-03-at-10.20.23.jpeg","_links":{"self":[{"href":"https:\/\/atecordoba.org\/index.php?rest_route=\/wp\/v2\/posts\/27763","targetHints":{"allow":["GET"]}}],"collection":[{"href":"https:\/\/atecordoba.org\/index.php?rest_route=\/wp\/v2\/posts"}],"about":[{"href":"https:\/\/atecordoba.org\/index.php?rest_route=\/wp\/v2\/types\/post"}],"author":[{"embeddable":true,"href":"https:\/\/atecordoba.org\/index.php?rest_route=\/wp\/v2\/users\/7"}],"replies":[{"embeddable":true,"href":"https:\/\/atecordoba.org\/index.php?rest_route=%2Fwp%2Fv2%2Fcomments&post=27763"}],"version-history":[{"count":3,"href":"https:\/\/atecordoba.org\/index.php?rest_route=\/wp\/v2\/posts\/27763\/revisions"}],"predecessor-version":[{"id":27775,"href":"https:\/\/atecordoba.org\/index.php?rest_route=\/wp\/v2\/posts\/27763\/revisions\/27775"}],"wp:featuredmedia":[{"embeddable":true,"href":"https:\/\/atecordoba.org\/index.php?rest_route=\/wp\/v2\/media\/27766"}],"wp:attachment":[{"href":"https:\/\/atecordoba.org\/index.php?rest_route=%2Fwp%2Fv2%2Fmedia&parent=27763"}],"wp:term":[{"taxonomy":"category","embeddable":true,"href":"https:\/\/atecordoba.org\/index.php?rest_route=%2Fwp%2Fv2%2Fcategories&post=27763"},{"taxonomy":"post_tag","embeddable":true,"href":"https:\/\/atecordoba.org\/index.php?rest_route=%2Fwp%2Fv2%2Ftags&post=27763"}],"curies":[{"name":"wp","href":"https:\/\/api.w.org\/{rel}","templated":true}]}}