{"id":27748,"date":"2021-09-03T12:47:54","date_gmt":"2021-09-03T15:47:54","guid":{"rendered":"https:\/\/atecordoba.org\/?p=27748"},"modified":"2021-09-10T10:07:19","modified_gmt":"2021-09-10T13:07:19","slug":"ayer-se-presento-ayer-el-manual-de-las-y-los-delegados-nacionales-elaborado-por-ate-cordoba","status":"publish","type":"post","link":"https:\/\/atecordoba.org\/?p=27748","title":{"rendered":"Ayer se present\u00f3 el Manual de las y los Delegados Nacionales elaborado por ATE C\u00f3rdoba"},"content":{"rendered":"\n<div class=\"wp-block-image is-style-default\"><figure class=\"aligncenter size-large is-resized\"><img loading=\"lazy\" decoding=\"async\" src=\"https:\/\/atecordoba.org\/wp-content\/uploads\/2021\/09\/Manual_Nacionales-722x1024.jpg\" alt=\"\" class=\"wp-image-27752\" width=\"542\" height=\"768\" srcset=\"https:\/\/atecordoba.org\/wp-content\/uploads\/2021\/09\/Manual_Nacionales-722x1024.jpg 722w, https:\/\/atecordoba.org\/wp-content\/uploads\/2021\/09\/Manual_Nacionales-211x300.jpg 211w, https:\/\/atecordoba.org\/wp-content\/uploads\/2021\/09\/Manual_Nacionales-768x1090.jpg 768w, https:\/\/atecordoba.org\/wp-content\/uploads\/2021\/09\/Manual_Nacionales-750x1064.jpg 750w, https:\/\/atecordoba.org\/wp-content\/uploads\/2021\/09\/Manual_Nacionales.jpg 874w\" sizes=\"auto, (max-width: 542px) 100vw, 542px\" \/><\/figure><\/div>\n\n\n\n<p>En una reuni\u00f3n virtual realizada ayer, con la coordinaci\u00f3n de la secretaria de Prensa Julia Giuliani, la conducci\u00f3n provincial present\u00f3 el <a href=\"https:\/\/atecordoba.org\/wp-content\/uploads\/2021\/09\/Manual_Nacionales_2021.pdf\" target=\"_blank\" rel=\"noreferrer noopener\">Manual de las y los Delegados Nacionales de ATE C\u00f3rdoba<\/a>, elaborado por el Consejo Directivo Provincial y con la participaci\u00f3n de todas las seccionales y departamentos del CDP, aportando una modalidad colectiva a la construcci\u00f3n de esta nueva herramienta de formaci\u00f3n y militancia.<\/p>\n\n\n\n<p>En la oportunidad, Giuliani dijo que &#8220;este tipo de iniciativa es una buena excusa para insertarnos m\u00e1s en el territorio. Es fundamental ir pensando en el ATE que se viene, en la posibilidad de ir formando nuestros cuadros, a nuestras compa\u00f1eras y compa\u00f1eros en la defensa de los derechos de la clase trabajadora. Esta formaci\u00f3n no es solo desde lo gremial, sino en materia de discapacidad, de g\u00e9nero, de identidades, de salud laboral&#8221;.<\/p>\n\n\n\n<p>Y agreg\u00f3 que &#8220;este manual es un compendio de normativas, de los distintos convenios producto de la heterogeneidad del Estado nacional. &nbsp;Est\u00e1n incorporados criterios del Departamento de Salud Laboral y Discapacidad porque el ATE que queremos tiene una perspectiva de derechos&#8221;.<\/p>\n\n\n\n<p>Seguidamente, el responsable del Departamento de Nacionales del CDP, Agust\u00edn Bertone, celebr\u00f3 el lanzamiento. &#8220;Es muy importante que el manual est\u00e9 a la mano de cada afiliado y cada delegado del sector nacional. Desde el CDP creemos en una construcci\u00f3n colectiva para el crecimiento de la representaci\u00f3n. La pandemia no nos puso un obst\u00e1culo en esa construcci\u00f3n, sino que seguimos d\u00eda a d\u00eda, con formaci\u00f3n, con reuniones, con plenarios (llevamos siete en lo que va del a\u00f1o) para llevar la voz de los compa\u00f1eros a las paritarias&#8221;.<\/p>\n\n\n\n<div class=\"wp-block-image is-style-default\"><figure class=\"alignleft size-large is-resized\"><img loading=\"lazy\" decoding=\"async\" src=\"https:\/\/atecordoba.org\/wp-content\/uploads\/2021\/09\/image-1-1024x576.png\" alt=\"\" class=\"wp-image-27749\" width=\"671\" height=\"378\" srcset=\"https:\/\/atecordoba.org\/wp-content\/uploads\/2021\/09\/image-1-1024x576.png 1024w, https:\/\/atecordoba.org\/wp-content\/uploads\/2021\/09\/image-1-300x169.png 300w, https:\/\/atecordoba.org\/wp-content\/uploads\/2021\/09\/image-1-768x432.png 768w, https:\/\/atecordoba.org\/wp-content\/uploads\/2021\/09\/image-1-1536x864.png 1536w, https:\/\/atecordoba.org\/wp-content\/uploads\/2021\/09\/image-1-750x422.png 750w, https:\/\/atecordoba.org\/wp-content\/uploads\/2021\/09\/image-1-1140x641.png 1140w, https:\/\/atecordoba.org\/wp-content\/uploads\/2021\/09\/image-1.png 1920w\" sizes=\"auto, (max-width: 671px) 100vw, 671px\" \/><\/figure><\/div>\n\n\n\n<p>Y detall\u00f3 que &#8220;en marzo, cuando C\u00f3rdoba junto a otras dos provincias dijimos que el 30% no alcanzaba, pusimos nuestra voz en las instancias nacionales. Lo discutimos y se volvi\u00f3 abrir la paritaria ahora en agosto. Si bien esta reapertura tampoco fue suficiente pudimos recomponer unos puntos m\u00e1s de cara a diciembre de 2021, con una reapertura de noviembre. Ahora, este manual debe llegar a cada sector, a cada delegado. Y va a venir de la mano de capacitaciones, vamos a llegar a nuevos sectores y organismos en la provincia&#8221;.<\/p>\n\n\n\n<p>Bertone destac\u00f3 que &#8220;detr\u00e1s de este manual hay un equipo de trabajo, junto con el \u00e1rea de Prensa y el apoyo del secretario General, que conf\u00eda en nosotros y pone la confianza para crecer en cada sector. Esperamos con la vuelta a la presencialidad podamos hacer la presentaci\u00f3n f\u00edsica y comenzar las capacitaciones&#8221;.<\/p>\n\n\n\n<p><strong>Seccionales<\/strong><\/p>\n\n\n\n<p>Posteriormente habl\u00f3 el secretario General de ATE R\u00edo Tercero, Dami\u00e1n Albornoz, que remarc\u00f3 que el nuevo manual &#8220;es una herramienta importante con el conocimiento de nuestros delegados y militantes para transmitirlo a nuestros afiliados en los sectores de trabajo. Somos una seccional que tiene variados sectores que integran el Estado nacional como Anses, Pami, Unidad Tur\u00edstica de Embalse, la Central Nuclear, la Superintendencia de Riesgos de Trabajo, Fabricaciones Militares, un mont\u00f3n de sectores donde tenemos representaci\u00f3n y construcci\u00f3n&#8221;. <\/p>\n\n\n\n<p>Y concluy\u00f3 que &#8220;este manual nos ayudar\u00e1 a dar a conocer el sindicato y expresar lo que tenemos en materia de pol\u00edtica gremial&#8221;.<\/p>\n\n\n\n<p>A su turno, la secretaria General de ATE R\u00edo Cuarto, Rafaela Alcoba, dijo que el manual &#8220;es una herramienta que nos permite mostrar qu\u00e9 es ATE en el sector nacional y nos permite ir abriendo puertitas, para cumplir el objetivo de terminar con esa gran deuda que el sindicalismo tiene con la clase trabajadora, estando a la par de las y los trabajadores para luchar por los derechos que se nos vienen negando. Somos este c\u00famulo de cumpas donde se cruzan nacionales, provinciales y municipales. En R\u00edo cuarto tenemos presencia en los sectores nacionales, pero debemos seguir creciendo y tambi\u00e9n consolidarnos donde ya estamos&#8221;.<\/p>\n\n\n\n<p>Por eso, la dirigente afirm\u00f3 que &#8220;nuestro desaf\u00edo y responsabilidad como dirigentes es que este manual circule e incorporemos lo expresado all\u00ed. La seccional incorpor\u00f3\u00b4 recientemente la representaci\u00f3n del Ministerio de Trabajo de la Naci\u00f3n, que es un logro destacable&#8221;.<\/p>\n\n\n\n<p>Tambi\u00e9n se dirigi\u00f3 a los presentes el secretario General de ATE Villa Mar\u00eda, Fernando Mercado, para contar que &#8220;nosotros somos una seccional con mayor\u00eda de afiliados y afiliadas nacionales, sea de Fabricaciones Militares como Anses, Pami, Senasa y los distintos organismos nacionales. Por eso este manual es importante, siempre es bueno realizar capacitaciones, no solo para los delegados sino tambi\u00e9n para los dirigentes. Si algo aprend\u00ed desde que llegu\u00e9 a ATE es que debemos desarrollar pol\u00edticas para resolver problemas a los trabajadores no generar nuevos. Para eso hay que estar bien formado, conocer sobre convenios colectivos&#8221;.<\/p>\n\n\n\n<div class=\"wp-block-image is-style-default\"><figure class=\"alignright size-large is-resized\"><img loading=\"lazy\" decoding=\"async\" src=\"https:\/\/atecordoba.org\/wp-content\/uploads\/2021\/09\/image-1024x576.png\" alt=\"\" class=\"wp-image-27751\" width=\"722\" height=\"406\" srcset=\"https:\/\/atecordoba.org\/wp-content\/uploads\/2021\/09\/image-1024x576.png 1024w, https:\/\/atecordoba.org\/wp-content\/uploads\/2021\/09\/image-300x169.png 300w, https:\/\/atecordoba.org\/wp-content\/uploads\/2021\/09\/image-768x432.png 768w, https:\/\/atecordoba.org\/wp-content\/uploads\/2021\/09\/image-1536x864.png 1536w, https:\/\/atecordoba.org\/wp-content\/uploads\/2021\/09\/image-750x422.png 750w, https:\/\/atecordoba.org\/wp-content\/uploads\/2021\/09\/image-1140x641.png 1140w, https:\/\/atecordoba.org\/wp-content\/uploads\/2021\/09\/image.png 1920w\" sizes=\"auto, (max-width: 722px) 100vw, 722px\" \/><\/figure><\/div>\n\n\n\n<p>Tambi\u00e9n salud\u00f3 a la concurrencia el secretario General de ATE Adelia Mar\u00eda, Diego Villegas, para &#8220;felicitarlos por el trabajo realizado, si bien somos en mayor\u00eda municipales, esperamos poder incorporar nacionales a nuestra representaci\u00f3n&#8221;.<\/p>\n\n\n\n<p><strong>Departamentos <\/strong><\/p>\n\n\n\n<p>Desde el Departamento de Discapacidad del CDP, hizo uso de la palabra Franco Orsato, diciendo que &#8220;este manual plasma la necesidad de incorporar la problem\u00e1tica de la discapacidad en la agenda gremial, junto a la salud laboral, los cupos trans y travestis, para hacer efectivos esos derechos en el Estado nacional. Hay nuevos debates respecto a esta agenda porque para muchas autoridades de los organismos estatales es novedoso, m\u00e1s all\u00e1 que los colectivos que expresan estos sectores vienen trabajando hace mucho&#8221;.<\/p>\n\n\n\n<p>&#8220;Estos temas son de avanzada para un sindicato. ATE es el \u00fanico que est\u00e1 sumando estas tem\u00e1ticas a la discusi\u00f3n de las paritarias en los distintos sectores y no es un dato menor sino muy importante&#8221;, afirm\u00f3 el dirigente.<\/p>\n\n\n\n<p>Y describi\u00f3 que &#8220;se agregaron al manual conceptos de discapacidad, qu\u00e9 lenguaje debe usar, una mirada sobre el modelo social de la discapacidad, desde los DDHH, porque hay que cambiar rotundamente la mirada y transitar esta nueva \u00e9poca con otra visi\u00f3n respecto a estas problem\u00e1ticas para que nuestros derechos consagrados en la Constituci\u00f3n dejen de ser letra muerta y se hagan efectivos en el Estado&#8221;.<\/p>\n\n\n\n<p>Tambi\u00e9n habl\u00f3 la responsable de G\u00e9neros y Diversidades, Mar\u00eda Sotti. &#8220;En materia de g\u00e9neros y diversidades estamos tratando de abrir camino porque no es f\u00e1cil, para que las compa\u00f1eras sean paritarias tambi\u00e9n, desarrollando el cupo laboral trans. Todo hay que militarlo y para eso es importante capacitarse. Nuestro esp\u00edritu desde el Departamento de G\u00e9neros es formar, delegados, paritarios, miembros de conducciones con una perspectiva de g\u00e9nero, no solo desde lo te\u00f3rico sino en la pr\u00e1ctica&#8221;.<\/p>\n\n\n\n<p>Por \u00faltimo, desde el Departamento de Salud Laboral, Mat\u00edas Giuliani destac\u00f3 que &#8220;es importante la creaci\u00f3n de esta herramienta clave y felicitar a los que se pusieron al hombro esta iniciativa. Desde el sindicato estamos desarrollando conocimiento, y tambi\u00e9n es importante trasladar ese conocimiento y facilitar su elaboraci\u00f3n en las y los compa\u00f1eros de base&#8221;. <\/p>\n\n\n\n<p>Y dijo que &#8220;el manual tiene que estar circulando en las seccionales, las y los compa\u00f1eros secretarios gremiales se lo hagan llegar a los cuerpos de delegados, para tener herramientas de seguridad en el trabajo a la hora de discutir con la patronal&#8221;. <\/p>\n\n\n\n<p>A continuaci\u00f3n ponemos<a href=\"https:\/\/atecordoba.org\/wp-content\/uploads\/2021\/09\/Manual_Nacionales_2021.pdf\" target=\"_blank\" rel=\"noreferrer noopener\"> a disposici\u00f3n para descargar<\/a> el nuevo Manual de las y los Delegados Nacionales de ATE.<\/p>\n\n\n<a href=\"https:\/\/atecordoba.org\/wp-content\/uploads\/2021\/09\/Manual_Nacionales_2021.pdf\" class=\"pdfemb-viewer\" style=\"\" data-width=\"max\" data-height=\"max\" data-toolbar=\"bottom\" data-toolbar-fixed=\"off\">Manual_Nacionales_2021<\/a>\n<p class=\"wp-block-pdfemb-pdf-embedder-viewer\"><\/p>\n","protected":false},"excerpt":{"rendered":"<p>En una reuni\u00f3n virtual realizada ayer, con la coordinaci\u00f3n de la secretaria de Prensa Julia Giuliani, la conducci\u00f3n provincial present\u00f3 el Manual de las y los Delegados Nacionales de ATE C\u00f3rdoba, elaborado por el Consejo Directivo Provincial y con la participaci\u00f3n de todas las seccionales y departamentos del CDP, aportando una modalidad colectiva a la [&hellip;]<\/p>\n","protected":false},"author":7,"featured_media":27754,"comment_status":"open","ping_status":"open","sticky":false,"template":"","format":"standard","meta":{"_exactmetrics_skip_tracking":false,"_exactmetrics_sitenote_active":false,"_exactmetrics_sitenote_note":"","_exactmetrics_sitenote_category":0,"jnews-multi-image_gallery":[],"jnews_single_post":{"subtitle":"En una reuni\u00f3n virtual convocada por el CDP  con referentes de seccionales y sectores nacionales se present\u00f3 esta nueva herramienta de formaci\u00f3n y militancia.","format":"standard","video":"","gallery":"","source_name":"","source_url":"","via_name":"","via_url":"","override":[{"template":"1","single_blog_custom":"","parallax":"1","fullscreen":"1","layout":"right-sidebar","sidebar":"default-sidebar","second_sidebar":"default-sidebar","sticky_sidebar":"1","share_position":"top","share_float_style":"share-monocrhome","show_share_counter":"1","show_view_counter":"1","show_featured":"1","show_post_meta":"1","show_post_author":"1","show_post_author_image":"1","show_post_date":"1","post_date_format":"default","post_date_format_custom":"Y\/m\/d","show_post_category":"1","post_reading_time_wpm":"300","zoom_button_out_step":"2","zoom_button_in_step":"3","show_post_tag":"1","show_prev_next_post":"1","show_popup_post":"1","number_popup_post":"1"}],"image_override":[{"single_post_thumbnail_size":"crop-500","single_post_gallery_size":"crop-500"}],"trending_post_position":"meta","trending_post_label":"Trending","sponsored_post_label":"Sponsored by","sponsored_post_name":"","sponsored_post_url":"","sponsored_post_logo":"","sponsored_post_desc":""},"jnews_primary_category":{"id":""},"jnews_social_meta":{"fb_title":"","fb_description":"","fb_image":"","twitter_title":"","twitter_description":"","twitter_image":""},"jnews_review":[],"enable_review":"","type":"percentage","name":"","summary":"","brand":"","sku":"","good":[{"good_text":""}],"bad":[{"bad_text":""}],"score_override":"","override_value":"","rating":[{"rating_text":"","rating_number":"10"}],"price":[{"shop":"","price":"","link":"","icon":""}],"jnews_override_counter":{"view_counter_number":"0","share_counter_number":"0","like_counter_number":"0","dislike_counter_number":"0"},"jnews_post_split":{"post_split":[{"template":"1","tag":"h2","numbering":"asc","mode":"normal","toc_type":"normal"}]},"footnotes":""},"categories":[401,84,88,905,906,18],"tags":[900],"class_list":["post-27748","post","type-post","status-publish","format-standard","has-post-thumbnail","hentry","category-documentacion","category-documentacion-nacional","category-formacion","category-manual-de-delegadxs","category-nacionales-manual-de-delegadxs","category-nacionales","tag-manual-de-las-y-los-delegados-nacionales"],"jetpack_featured_media_url":"https:\/\/atecordoba.org\/wp-content\/uploads\/2021\/09\/Presentacion-Manual-Nacionales-80.jpg","_links":{"self":[{"href":"https:\/\/atecordoba.org\/index.php?rest_route=\/wp\/v2\/posts\/27748","targetHints":{"allow":["GET"]}}],"collection":[{"href":"https:\/\/atecordoba.org\/index.php?rest_route=\/wp\/v2\/posts"}],"about":[{"href":"https:\/\/atecordoba.org\/index.php?rest_route=\/wp\/v2\/types\/post"}],"author":[{"embeddable":true,"href":"https:\/\/atecordoba.org\/index.php?rest_route=\/wp\/v2\/users\/7"}],"replies":[{"embeddable":true,"href":"https:\/\/atecordoba.org\/index.php?rest_route=%2Fwp%2Fv2%2Fcomments&post=27748"}],"version-history":[{"count":8,"href":"https:\/\/atecordoba.org\/index.php?rest_route=\/wp\/v2\/posts\/27748\/revisions"}],"predecessor-version":[{"id":28002,"href":"https:\/\/atecordoba.org\/index.php?rest_route=\/wp\/v2\/posts\/27748\/revisions\/28002"}],"wp:featuredmedia":[{"embeddable":true,"href":"https:\/\/atecordoba.org\/index.php?rest_route=\/wp\/v2\/media\/27754"}],"wp:attachment":[{"href":"https:\/\/atecordoba.org\/index.php?rest_route=%2Fwp%2Fv2%2Fmedia&parent=27748"}],"wp:term":[{"taxonomy":"category","embeddable":true,"href":"https:\/\/atecordoba.org\/index.php?rest_route=%2Fwp%2Fv2%2Fcategories&post=27748"},{"taxonomy":"post_tag","embeddable":true,"href":"https:\/\/atecordoba.org\/index.php?rest_route=%2Fwp%2Fv2%2Ftags&post=27748"}],"curies":[{"name":"wp","href":"https:\/\/api.w.org\/{rel}","templated":true}]}}