{"id":27740,"date":"2021-09-02T14:58:42","date_gmt":"2021-09-02T17:58:42","guid":{"rendered":"https:\/\/atecordoba.org\/?p=27740"},"modified":"2021-09-02T15:07:00","modified_gmt":"2021-09-02T18:07:00","slug":"duran-los-provinciales-perdimos-44-de-poder-adquisitivo-en-tres-anos","status":"publish","type":"post","link":"https:\/\/atecordoba.org\/?p=27740","title":{"rendered":"Dur\u00e1n: &#8220;las y los provinciales perdimos 44% de poder adquisitivo en cuatro a\u00f1os&#8221;"},"content":{"rendered":"\n<figure class=\"wp-block-embed is-type-video is-provider-youtube wp-block-embed-youtube wp-embed-aspect-4-3 wp-has-aspect-ratio\"><div class=\"wp-block-embed__wrapper\">\n<div class=\"epyt-video-wrapper\"><iframe loading=\"lazy\"  style=\"display: block; margin: 0px auto;\"  id=\"_ytid_89293\"  width=\"480\" height=\"360\"  data-origwidth=\"480\" data-origheight=\"360\" src=\"https:\/\/www.youtube.com\/embed\/A4qMsYVp5Mo?enablejsapi=1&#038;autoplay=0&#038;cc_load_policy=0&#038;cc_lang_pref=&#038;iv_load_policy=3&#038;loop=0&#038;rel=0&#038;fs=1&#038;playsinline=0&#038;autohide=2&#038;theme=dark&#038;color=red&#038;controls=1&#038;disablekb=0&#038;\" class=\"__youtube_prefs__  epyt-is-override  no-lazyload\" title=\"YouTube player\"  allow=\"fullscreen; accelerometer; autoplay; clipboard-write; encrypted-media; gyroscope; picture-in-picture; web-share\" referrerpolicy=\"strict-origin-when-cross-origin\" allowfullscreen data-no-lazy=\"1\" data-skipgform_ajax_framebjll=\"\"><\/iframe><\/div>\n<\/div><\/figure>\n\n\n\n<p>Esta semana el programa &#8216;Entre Todos y Todas&#8217;, que emite GEN Fm, entrevist\u00f3 al secretario Adjunto de ATE  C\u00f3rdoba, Hugo Duran, para que evalu\u00e9 el alcance del paro que realiz\u00f3 el martes pasado el sector de la salud provincial y anticipe las nuevas medidas de fuerza que se llevar\u00e1n a cabo la semana que viene. <\/p>\n\n\n\n<p>Duran anticip\u00f3 que la Multisectorial de la Salud realizar\u00e1 un nuevo paro de actividades de 48 horas los pr\u00f3ximos 8 y 9 de septiembre. <\/p>\n\n\n\n<p>&#8220;Llevamos el s\u00e9ptimo paro en pandemia, reclamando paritarias justas, que sean incorporados los gremios que representan a los trabajadores; reclamando una serie de condiciones laborales y sobre todo por un salario digno. Pero el Gobierno de C\u00f3rdoba castig\u00f3 algunos a las y los trabajadores hospitales, aplicando sanciones econ\u00f3micas con descuentos por la participaci\u00f3n en asambleas. As\u00ed, el miserable aumento que recibi\u00f3 la mayor\u00eda de los sectores de entre 1500 y 1900 pesos lo absorbi\u00f3 esos descuentos y mucho m\u00e1s&#8221;.<\/p>\n\n\n\n<p>Adem\u00e1s el dirigente denunci\u00f3 que &#8220;tambi\u00e9n pudimos observar en los recibos que no solo vinieron descuentos por d\u00eda de paro, sino que tampoco estaban pagas las categor\u00edas que el gobierno hab\u00eda anunciado con motivo del acuerdo con el SEP. De forma que el clima fue muy tenso en los hospitales, no solo porque los aumentos son \u00ednfimos sino tambi\u00e9n por los descuentos&#8221;.<\/p>\n\n\n\n<p>A la hora de describir la medida de fuerza, Dur\u00e1n dijo que &#8220;hubo concentraciones en algunas ciudades del interior, en tanto que en C\u00f3rdoba Capital se hizo una concentraci\u00f3n en Col\u00f3n esquina General Paz. Y se resolvi\u00f3 profundizar las medidas ante la agresi\u00f3n econ\u00f3mica de un gobierno que ignora e invisibiliza al sector&#8221;.<\/p>\n\n\n\n<p>Y adelant\u00f3 que la semana que viene, mi\u00e9rcoles y jueves, habr\u00e1 48 horas de paro, con concentraci\u00f3n el mi\u00e9rcoles en Col\u00f3n y General Paz. Vale aclarar que tratamos que se atienda a toda persona que va a un hospital, pero el gobierno debe atender a la situaci\u00f3n porque est\u00e1 en juego la subsistencia del personal de salud. Estamos obligados a reclamar lo que nos corresponde&#8221;. <\/p>\n\n\n\n<p>Duran destac\u00f3 que  en los siete paros que hicimos nunca hubo un inconveniente para la atenci\u00f3n de un paciente porque siempre se garantizaron guardias m\u00ednimas para el cubrir la demanda de la poblaci\u00f3n.<\/p>\n\n\n\n<p><strong>Salarios miserables<\/strong><\/p>\n\n\n\n<p>&#8220;Una enfermera ingresa al sistema cobrando entre 35 y 45 mil pesos, mientras que los contratos Covid est\u00e1n en 32 mil pesos&#8221;, prosigui\u00f3 el secretario Adjunto. <\/p>\n\n\n\n<p>&#8220;Adem\u00e1s, casi el 55% del plantel del Estado provincial est\u00e1 contratado por fuera de las regulaciones legales vigentes. Son contratos basura con que el gobierno manda a atender a la comunidad. Del resto, un 35% aproximadamente son planta permanente y el 10% restante se distribuye entre monotributos, becarios y contratos de diversa \u00edndole&#8221;, dijo refiri\u00e9ndose a las condiciones laborales.<\/p>\n\n\n\n<p>&#8220;Desde que empez\u00f3 el a\u00f1o recibimos 17.5% de aumento y ahora se sum\u00f3 otro 5% m\u00e1s. A esta altura del a\u00f1o somos el sector que menos reconocimiento recibi\u00f3 por la inflaci\u00f3n. C\u00f3rdoba tiene la paritaria m\u00e1s pobre del pa\u00eds. Pero el gobernador insiste en negociar con el sindicato que escasamente representa al 10% de los trabajadores de la salud. Por eso conformamos la Multisectorial con las tres asociaciones m\u00e9dicas, ATE y UTS, junto al Foro de Especialidades M\u00e9dicas que representa a esos profesionales de cada hospital. Eso nos permiti\u00f3 ejercer un reclamo en unidad y eso es lo que vamos a seguir haciendo&#8221;.<\/p>\n\n\n\n<p>Y finaliz\u00f3 apuntando que &#8220;comparando la inflaci\u00f3n interanual a la fecha, arrastramos un retraso del 13.9%. Si lo proyectamos a tres a\u00f1os atr\u00e1s, perdimos el 44%del poder adquisitivo&#8221;.<\/p>\n","protected":false},"excerpt":{"rendered":"<p>Esta semana el programa &#8216;Entre Todos y Todas&#8217;, que emite GEN Fm, entrevist\u00f3 al secretario Adjunto de ATE C\u00f3rdoba, Hugo Duran, para que evalu\u00e9 el alcance del paro que realiz\u00f3 el martes pasado el sector de la salud provincial y anticipe las nuevas medidas de fuerza que se llevar\u00e1n a cabo la semana que viene. [&hellip;]<\/p>\n","protected":false},"author":7,"featured_media":27743,"comment_status":"open","ping_status":"open","sticky":false,"template":"","format":"standard","meta":{"_exactmetrics_skip_tracking":false,"_exactmetrics_sitenote_active":false,"_exactmetrics_sitenote_note":"","_exactmetrics_sitenote_category":0,"jnews-multi-image_gallery":[],"jnews_single_post":{"subtitle":"El Secretario Adjunto de ATE C\u00f3rdoba, especific\u00f3 tambi\u00e9n que \"casi el 55% del plantel del Estado provincial est\u00e1 contratado por fuera de las regulaciones legales vigentes. Son contratos basura con que el gobierno manda a atender a la comunidad. Del resto, un 35% aproximadamente son planta permanente y el 10% restante se distribuye entre monotributos, becarios y contratos de diversa \u00edndole\".","format":"standard","video":"","gallery":"","source_name":"","source_url":"","via_name":"","via_url":"","override":[{"template":"1","single_blog_custom":"","parallax":"1","fullscreen":"1","layout":"right-sidebar","sidebar":"default-sidebar","second_sidebar":"default-sidebar","sticky_sidebar":"1","share_position":"top","share_float_style":"share-monocrhome","show_share_counter":"1","show_view_counter":"1","show_featured":"1","show_post_meta":"1","show_post_author":"1","show_post_author_image":"1","show_post_date":"1","post_date_format":"default","post_date_format_custom":"Y\/m\/d","show_post_category":"1","post_reading_time_wpm":"300","zoom_button_out_step":"2","zoom_button_in_step":"3","show_post_tag":"1","show_prev_next_post":"1","show_popup_post":"1","number_popup_post":"1"}],"image_override":[{"single_post_thumbnail_size":"crop-500","single_post_gallery_size":"crop-500"}],"trending_post_position":"meta","trending_post_label":"Trending","sponsored_post_label":"Sponsored by","sponsored_post_name":"","sponsored_post_url":"","sponsored_post_logo":"","sponsored_post_desc":""},"jnews_primary_category":{"id":""},"jnews_social_meta":{"fb_title":"","fb_description":"","fb_image":"","twitter_title":"","twitter_description":"","twitter_image":""},"jnews_review":[],"enable_review":"","type":"percentage","name":"","summary":"","brand":"","sku":"","good":[{"good_text":""}],"bad":[{"bad_text":""}],"score_override":"","override_value":"","rating":[{"rating_text":"","rating_number":"10"}],"price":[{"shop":"","price":"","link":"","icon":""}],"jnews_override_counter":{"view_counter_number":"0","share_counter_number":"0","like_counter_number":"0","dislike_counter_number":"0"},"jnews_post_split":{"post_split":[{"template":"1","tag":"h2","numbering":"asc","mode":"normal","toc_type":"normal"}]},"footnotes":""},"categories":[8],"tags":[898],"class_list":["post-27740","post","type-post","status-publish","format-standard","has-post-thumbnail","hentry","category-provinciales","tag-paro-multisectorial-de-la-salud"],"jetpack_featured_media_url":"https:\/\/atecordoba.org\/wp-content\/uploads\/2021\/09\/31_08_Salud_portada.jpg","_links":{"self":[{"href":"https:\/\/atecordoba.org\/index.php?rest_route=\/wp\/v2\/posts\/27740","targetHints":{"allow":["GET"]}}],"collection":[{"href":"https:\/\/atecordoba.org\/index.php?rest_route=\/wp\/v2\/posts"}],"about":[{"href":"https:\/\/atecordoba.org\/index.php?rest_route=\/wp\/v2\/types\/post"}],"author":[{"embeddable":true,"href":"https:\/\/atecordoba.org\/index.php?rest_route=\/wp\/v2\/users\/7"}],"replies":[{"embeddable":true,"href":"https:\/\/atecordoba.org\/index.php?rest_route=%2Fwp%2Fv2%2Fcomments&post=27740"}],"version-history":[{"count":4,"href":"https:\/\/atecordoba.org\/index.php?rest_route=\/wp\/v2\/posts\/27740\/revisions"}],"predecessor-version":[{"id":27746,"href":"https:\/\/atecordoba.org\/index.php?rest_route=\/wp\/v2\/posts\/27740\/revisions\/27746"}],"wp:featuredmedia":[{"embeddable":true,"href":"https:\/\/atecordoba.org\/index.php?rest_route=\/wp\/v2\/media\/27743"}],"wp:attachment":[{"href":"https:\/\/atecordoba.org\/index.php?rest_route=%2Fwp%2Fv2%2Fmedia&parent=27740"}],"wp:term":[{"taxonomy":"category","embeddable":true,"href":"https:\/\/atecordoba.org\/index.php?rest_route=%2Fwp%2Fv2%2Fcategories&post=27740"},{"taxonomy":"post_tag","embeddable":true,"href":"https:\/\/atecordoba.org\/index.php?rest_route=%2Fwp%2Fv2%2Ftags&post=27740"}],"curies":[{"name":"wp","href":"https:\/\/api.w.org\/{rel}","templated":true}]}}