{"id":27724,"date":"2021-09-02T14:14:47","date_gmt":"2021-09-02T17:14:47","guid":{"rendered":"https:\/\/atecordoba.org\/?p=27724"},"modified":"2021-09-02T14:25:08","modified_gmt":"2021-09-02T17:25:08","slug":"senaf-ate-se-movilizo-en-rio-cuarto-por-la-gravisima-situacion-laboral-en-el-sector","status":"publish","type":"post","link":"https:\/\/atecordoba.org\/?p=27724","title":{"rendered":"SENAF: ATE se moviliz\u00f3 en R\u00edo Cuarto por la grav\u00edsima situaci\u00f3n laboral en el sector"},"content":{"rendered":"\n<div class=\"wp-block-image is-style-default\"><figure class=\"aligncenter size-large is-resized\"><img loading=\"lazy\" decoding=\"async\" src=\"https:\/\/atecordoba.org\/wp-content\/uploads\/2021\/09\/02_09_SENAF_RioCuarto7-1024x576.jpeg\" alt=\"\" class=\"wp-image-27725\" width=\"602\" height=\"339\" \/><\/figure><\/div>\n\n\n\n<p>hoy pro la ma\u00f1ana la seccional ATE R\u00edo Cuarto se moviliz\u00f3 a la puerta de la delegaci\u00f3n local de la Secretaria de Ni\u00f1ez Adolescencia y Familia (SENAF) para reclamar mejoras en las grav\u00edsimas condiciones laborales y salariales que sufren las y los compa\u00f1eros del sector. <\/p>\n\n\n\n<p>Encabezada pro su secretaria General Rafaela Alcoba, la columna de trabajadores y trabajadores realiz\u00f3 una ruidosa protesta en el lugar. <\/p>\n\n\n\n<p>Ante la prensa, Alcoba explic\u00f3 la situaci\u00f3n describiendo &#8220;un conflicto que lleva tiempo, donde dijimos que hay que terminar con la precarizaci\u00f3n laboral de los equipos t\u00e9cnicos que llevan adelante la tarea de la Senaf. Hasta el d\u00eda de hoy no tenemos ning\u00fan tipo de respuesta&#8221;.<\/p>\n\n\n\n<p>La dirigente dijo que &#8220;los representantes del Gobierno de C\u00f3rdoba, y los funcionarios del Centro C\u00edvico y la delegaci\u00f3n local solo hacen comentarios de pasillo, sin dar respuesta concreta a una amplia agenda que se plante\u00f3. Todo lo que tiene que ver con el salario y la estabilidad laboral repercute de manera directa en la tarea que realiza la Secretaria&#8221;.<\/p>\n\n\n\n<figure class=\"wp-block-gallery columns-3 is-cropped wp-block-gallery-1 is-layout-flex wp-block-gallery-is-layout-flex\"><ul class=\"blocks-gallery-grid\"><li class=\"blocks-gallery-item\"><figure><a href=\"https:\/\/atecordoba.org\/wp-content\/uploads\/2021\/09\/02_09_SENAF_RioCuarto.jpeg\"><img loading=\"lazy\" decoding=\"async\" width=\"150\" height=\"150\" src=\"https:\/\/atecordoba.org\/wp-content\/uploads\/2021\/09\/02_09_SENAF_RioCuarto-150x150.jpeg\" alt=\"\" data-id=\"27726\" data-full-url=\"https:\/\/atecordoba.org\/wp-content\/uploads\/2021\/09\/02_09_SENAF_RioCuarto.jpeg\" data-link=\"https:\/\/atecordoba.org\/?attachment_id=27726\" class=\"wp-image-27726\" srcset=\"https:\/\/atecordoba.org\/wp-content\/uploads\/2021\/09\/02_09_SENAF_RioCuarto-150x150.jpeg 150w, https:\/\/atecordoba.org\/wp-content\/uploads\/2021\/09\/02_09_SENAF_RioCuarto-560x560.jpeg 560w, https:\/\/atecordoba.org\/wp-content\/uploads\/2021\/09\/02_09_SENAF_RioCuarto-75x75.jpeg 75w, https:\/\/atecordoba.org\/wp-content\/uploads\/2021\/09\/02_09_SENAF_RioCuarto-350x350.jpeg 350w\" sizes=\"auto, (max-width: 150px) 100vw, 150px\" \/><\/a><\/figure><\/li><li class=\"blocks-gallery-item\"><figure><a href=\"https:\/\/atecordoba.org\/wp-content\/uploads\/2021\/09\/02_09_SENAF_RioCuarto2.jpeg\"><img loading=\"lazy\" decoding=\"async\" width=\"150\" height=\"150\" src=\"https:\/\/atecordoba.org\/wp-content\/uploads\/2021\/09\/02_09_SENAF_RioCuarto2-150x150.jpeg\" alt=\"\" data-id=\"27727\" data-full-url=\"https:\/\/atecordoba.org\/wp-content\/uploads\/2021\/09\/02_09_SENAF_RioCuarto2.jpeg\" data-link=\"https:\/\/atecordoba.org\/?attachment_id=27727\" class=\"wp-image-27727\" \/><\/a><\/figure><\/li><li class=\"blocks-gallery-item\"><figure><a href=\"https:\/\/atecordoba.org\/wp-content\/uploads\/2021\/09\/02_09_SENAF_RioCuarto3.jpeg\"><img loading=\"lazy\" decoding=\"async\" width=\"150\" height=\"150\" src=\"https:\/\/atecordoba.org\/wp-content\/uploads\/2021\/09\/02_09_SENAF_RioCuarto3-150x150.jpeg\" alt=\"\" data-id=\"27728\" data-full-url=\"https:\/\/atecordoba.org\/wp-content\/uploads\/2021\/09\/02_09_SENAF_RioCuarto3.jpeg\" data-link=\"https:\/\/atecordoba.org\/?attachment_id=27728\" class=\"wp-image-27728\" srcset=\"https:\/\/atecordoba.org\/wp-content\/uploads\/2021\/09\/02_09_SENAF_RioCuarto3-150x150.jpeg 150w, https:\/\/atecordoba.org\/wp-content\/uploads\/2021\/09\/02_09_SENAF_RioCuarto3-560x560.jpeg 560w, https:\/\/atecordoba.org\/wp-content\/uploads\/2021\/09\/02_09_SENAF_RioCuarto3-75x75.jpeg 75w, https:\/\/atecordoba.org\/wp-content\/uploads\/2021\/09\/02_09_SENAF_RioCuarto3-350x350.jpeg 350w\" sizes=\"auto, (max-width: 150px) 100vw, 150px\" \/><\/a><\/figure><\/li><li class=\"blocks-gallery-item\"><figure><a href=\"https:\/\/atecordoba.org\/wp-content\/uploads\/2021\/09\/02_09_SENAF_RioCuarto4.jpeg\"><img loading=\"lazy\" decoding=\"async\" width=\"150\" height=\"150\" src=\"https:\/\/atecordoba.org\/wp-content\/uploads\/2021\/09\/02_09_SENAF_RioCuarto4-150x150.jpeg\" alt=\"\" data-id=\"27729\" data-full-url=\"https:\/\/atecordoba.org\/wp-content\/uploads\/2021\/09\/02_09_SENAF_RioCuarto4.jpeg\" data-link=\"https:\/\/atecordoba.org\/?attachment_id=27729\" class=\"wp-image-27729\" srcset=\"https:\/\/atecordoba.org\/wp-content\/uploads\/2021\/09\/02_09_SENAF_RioCuarto4-150x150.jpeg 150w, https:\/\/atecordoba.org\/wp-content\/uploads\/2021\/09\/02_09_SENAF_RioCuarto4-560x560.jpeg 560w, https:\/\/atecordoba.org\/wp-content\/uploads\/2021\/09\/02_09_SENAF_RioCuarto4-75x75.jpeg 75w, https:\/\/atecordoba.org\/wp-content\/uploads\/2021\/09\/02_09_SENAF_RioCuarto4-350x350.jpeg 350w\" sizes=\"auto, (max-width: 150px) 100vw, 150px\" \/><\/a><\/figure><\/li><li class=\"blocks-gallery-item\"><figure><a href=\"https:\/\/atecordoba.org\/wp-content\/uploads\/2021\/09\/02_09_SENAF_RioCuarto5.jpeg\"><img loading=\"lazy\" decoding=\"async\" width=\"150\" height=\"150\" src=\"https:\/\/atecordoba.org\/wp-content\/uploads\/2021\/09\/02_09_SENAF_RioCuarto5-150x150.jpeg\" alt=\"\" data-id=\"27730\" data-full-url=\"https:\/\/atecordoba.org\/wp-content\/uploads\/2021\/09\/02_09_SENAF_RioCuarto5.jpeg\" data-link=\"https:\/\/atecordoba.org\/?attachment_id=27730\" class=\"wp-image-27730\" srcset=\"https:\/\/atecordoba.org\/wp-content\/uploads\/2021\/09\/02_09_SENAF_RioCuarto5-150x150.jpeg 150w, https:\/\/atecordoba.org\/wp-content\/uploads\/2021\/09\/02_09_SENAF_RioCuarto5-560x560.jpeg 560w, https:\/\/atecordoba.org\/wp-content\/uploads\/2021\/09\/02_09_SENAF_RioCuarto5-75x75.jpeg 75w, https:\/\/atecordoba.org\/wp-content\/uploads\/2021\/09\/02_09_SENAF_RioCuarto5-350x350.jpeg 350w\" sizes=\"auto, (max-width: 150px) 100vw, 150px\" \/><\/a><\/figure><\/li><li class=\"blocks-gallery-item\"><figure><a href=\"https:\/\/atecordoba.org\/wp-content\/uploads\/2021\/09\/02_09_SENAF_RioCuarto6.jpeg\"><img loading=\"lazy\" decoding=\"async\" width=\"150\" height=\"150\" src=\"https:\/\/atecordoba.org\/wp-content\/uploads\/2021\/09\/02_09_SENAF_RioCuarto6-150x150.jpeg\" alt=\"\" data-id=\"27731\" data-full-url=\"https:\/\/atecordoba.org\/wp-content\/uploads\/2021\/09\/02_09_SENAF_RioCuarto6.jpeg\" data-link=\"https:\/\/atecordoba.org\/?attachment_id=27731\" class=\"wp-image-27731\" srcset=\"https:\/\/atecordoba.org\/wp-content\/uploads\/2021\/09\/02_09_SENAF_RioCuarto6-150x150.jpeg 150w, https:\/\/atecordoba.org\/wp-content\/uploads\/2021\/09\/02_09_SENAF_RioCuarto6-560x560.jpeg 560w, https:\/\/atecordoba.org\/wp-content\/uploads\/2021\/09\/02_09_SENAF_RioCuarto6-75x75.jpeg 75w, https:\/\/atecordoba.org\/wp-content\/uploads\/2021\/09\/02_09_SENAF_RioCuarto6-350x350.jpeg 350w\" sizes=\"auto, (max-width: 150px) 100vw, 150px\" \/><\/a><\/figure><\/li><li class=\"blocks-gallery-item\"><figure><a href=\"https:\/\/atecordoba.org\/wp-content\/uploads\/2021\/09\/02_09_SENAF_RioCuarto8.jpeg\"><img loading=\"lazy\" decoding=\"async\" width=\"1024\" height=\"768\" src=\"https:\/\/atecordoba.org\/wp-content\/uploads\/2021\/09\/02_09_SENAF_RioCuarto8-1024x768.jpeg\" alt=\"\" data-id=\"27732\" data-full-url=\"https:\/\/atecordoba.org\/wp-content\/uploads\/2021\/09\/02_09_SENAF_RioCuarto8.jpeg\" data-link=\"https:\/\/atecordoba.org\/?attachment_id=27732\" class=\"wp-image-27732\" srcset=\"https:\/\/atecordoba.org\/wp-content\/uploads\/2021\/09\/02_09_SENAF_RioCuarto8-1024x768.jpeg 1024w, https:\/\/atecordoba.org\/wp-content\/uploads\/2021\/09\/02_09_SENAF_RioCuarto8-300x225.jpeg 300w, https:\/\/atecordoba.org\/wp-content\/uploads\/2021\/09\/02_09_SENAF_RioCuarto8-768x576.jpeg 768w, https:\/\/atecordoba.org\/wp-content\/uploads\/2021\/09\/02_09_SENAF_RioCuarto8-750x563.jpeg 750w, https:\/\/atecordoba.org\/wp-content\/uploads\/2021\/09\/02_09_SENAF_RioCuarto8.jpeg 1032w\" sizes=\"auto, (max-width: 1024px) 100vw, 1024px\" \/><\/a><\/figure><\/li><\/ul><\/figure>\n\n\n\n<p>En ese sentido, y atento a encontrarnos en plena campa\u00f1a electoral, Alcoba fustig\u00f3 a la administraci\u00f3n que encabeza Juan Schiaretti. &#8220;Nos parece lamentable que el Gobierno de C\u00f3rdoba gaste cuatro veces m\u00e1s en un solo cartel electoral que lo que gasta en salario de una trabajadora o trabajador. Ac\u00e1 son aproximadamente 25 personas y el 60% se desempe\u00f1a con una beca, una delegaci\u00f3n que atiende 24 localidades, incluyendo la ciudad de R\u00edo Cuarto. Claramente se necesita m\u00e1s personal pero antes es necesario estabilidad laboral y un salario digno. Actualmente, las becas van de 8 mil pesos a 15 mil el m\u00e1ximo&#8221;.<\/p>\n\n\n\n<p>Y concluy\u00f3 se\u00f1alando que la Senaf tiene por principal tarea &#8220;el resguardo de ni\u00f1as, ni\u00f1os y adolescentes en total estado de vulneraci\u00f3n, situaciones de acoso, de abuso, de violencia. En ese marco entendemos que, si la primera l\u00ednea de atenci\u00f3n del Estado est\u00e1 en estas condiciones, claramente la Senaf est\u00e1 fallando. El gobierno de la provincia hace campa\u00f1a con esta Secretar\u00eda pero puertas adentro sufre irregularidades tremendas&#8221;.<\/p>\n","protected":false},"excerpt":{"rendered":"<p>hoy pro la ma\u00f1ana la seccional ATE R\u00edo Cuarto se moviliz\u00f3 a la puerta de la delegaci\u00f3n local de la Secretaria de Ni\u00f1ez Adolescencia y Familia (SENAF) para reclamar mejoras en las grav\u00edsimas condiciones laborales y salariales que sufren las y los compa\u00f1eros del sector. Encabezada pro su secretaria General Rafaela Alcoba, la columna de [&hellip;]<\/p>\n","protected":false},"author":7,"featured_media":27725,"comment_status":"open","ping_status":"open","sticky":false,"template":"","format":"standard","meta":{"_exactmetrics_skip_tracking":false,"_exactmetrics_sitenote_active":false,"_exactmetrics_sitenote_note":"","_exactmetrics_sitenote_category":0,"jnews-multi-image_gallery":[],"jnews_single_post":{"subtitle":"El 60% de las y los trabajadores cumple funciones en condici\u00f3n de becarios cuyos sueldos no superan los 15 mil pesos.","format":"standard","video":"","gallery":"","source_name":"","source_url":"","via_name":"","via_url":"","override":[{"template":"1","single_blog_custom":"","parallax":"1","fullscreen":"1","layout":"right-sidebar","sidebar":"default-sidebar","second_sidebar":"default-sidebar","sticky_sidebar":"1","share_position":"top","share_float_style":"share-monocrhome","show_share_counter":"1","show_view_counter":"1","show_featured":"1","show_post_meta":"1","show_post_author":"1","show_post_author_image":"1","show_post_date":"1","post_date_format":"default","post_date_format_custom":"Y\/m\/d","show_post_category":"1","post_reading_time_wpm":"300","zoom_button_out_step":"2","zoom_button_in_step":"3","show_post_tag":"1","show_prev_next_post":"1","show_popup_post":"1","number_popup_post":"1"}],"image_override":[{"single_post_thumbnail_size":"crop-500","single_post_gallery_size":"crop-500"}],"trending_post_position":"meta","trending_post_label":"Trending","sponsored_post_label":"Sponsored by","sponsored_post_name":"","sponsored_post_url":"","sponsored_post_logo":"","sponsored_post_desc":""},"jnews_primary_category":{"id":""},"jnews_social_meta":{"fb_title":"","fb_description":"","fb_image":"","twitter_title":"","twitter_description":"","twitter_image":""},"jnews_review":[],"enable_review":"","type":"percentage","name":"","summary":"","brand":"","sku":"","good":[{"good_text":""}],"bad":[{"bad_text":""}],"score_override":"","override_value":"","rating":[{"rating_text":"","rating_number":"10"}],"price":[{"shop":"","price":"","link":"","icon":""}],"jnews_override_counter":{"view_counter_number":"0","share_counter_number":"0","like_counter_number":"0","dislike_counter_number":"0"},"jnews_post_split":{"post_split":[{"template":"1","tag":"h2","numbering":"asc","mode":"normal","toc_type":"normal"}]},"footnotes":""},"categories":[8,12],"tags":[457],"class_list":["post-27724","post","type-post","status-publish","format-standard","has-post-thumbnail","hentry","category-provinciales","category-rio-cuarto","tag-senaf"],"jetpack_featured_media_url":"https:\/\/atecordoba.org\/wp-content\/uploads\/2021\/09\/02_09_SENAF_RioCuarto7-e1630602826328.jpeg","_links":{"self":[{"href":"https:\/\/atecordoba.org\/index.php?rest_route=\/wp\/v2\/posts\/27724","targetHints":{"allow":["GET"]}}],"collection":[{"href":"https:\/\/atecordoba.org\/index.php?rest_route=\/wp\/v2\/posts"}],"about":[{"href":"https:\/\/atecordoba.org\/index.php?rest_route=\/wp\/v2\/types\/post"}],"author":[{"embeddable":true,"href":"https:\/\/atecordoba.org\/index.php?rest_route=\/wp\/v2\/users\/7"}],"replies":[{"embeddable":true,"href":"https:\/\/atecordoba.org\/index.php?rest_route=%2Fwp%2Fv2%2Fcomments&post=27724"}],"version-history":[{"count":2,"href":"https:\/\/atecordoba.org\/index.php?rest_route=\/wp\/v2\/posts\/27724\/revisions"}],"predecessor-version":[{"id":27739,"href":"https:\/\/atecordoba.org\/index.php?rest_route=\/wp\/v2\/posts\/27724\/revisions\/27739"}],"wp:featuredmedia":[{"embeddable":true,"href":"https:\/\/atecordoba.org\/index.php?rest_route=\/wp\/v2\/media\/27725"}],"wp:attachment":[{"href":"https:\/\/atecordoba.org\/index.php?rest_route=%2Fwp%2Fv2%2Fmedia&parent=27724"}],"wp:term":[{"taxonomy":"category","embeddable":true,"href":"https:\/\/atecordoba.org\/index.php?rest_route=%2Fwp%2Fv2%2Fcategories&post=27724"},{"taxonomy":"post_tag","embeddable":true,"href":"https:\/\/atecordoba.org\/index.php?rest_route=%2Fwp%2Fv2%2Ftags&post=27724"}],"curies":[{"name":"wp","href":"https:\/\/api.w.org\/{rel}","templated":true}]}}