{"id":27713,"date":"2021-09-02T13:27:54","date_gmt":"2021-09-02T16:27:54","guid":{"rendered":"https:\/\/atecordoba.org\/?p=27713"},"modified":"2021-09-02T14:24:35","modified_gmt":"2021-09-02T17:24:35","slug":"ate-se-suma-a-la-red-de-consumo-alimentario","status":"publish","type":"post","link":"https:\/\/atecordoba.org\/?p=27713","title":{"rendered":"ATE se suma a la red de consumo alimentario"},"content":{"rendered":"\n<div class=\"wp-block-image is-style-default\"><figure class=\"aligncenter size-large is-resized\"><img loading=\"lazy\" decoding=\"async\" src=\"https:\/\/atecordoba.org\/wp-content\/uploads\/2021\/09\/31_08_Alejandro_Martinez-1024x575.jpeg\" alt=\"\" class=\"wp-image-27714\" width=\"796\" height=\"447\" srcset=\"https:\/\/atecordoba.org\/wp-content\/uploads\/2021\/09\/31_08_Alejandro_Martinez-1024x575.jpeg 1024w, https:\/\/atecordoba.org\/wp-content\/uploads\/2021\/09\/31_08_Alejandro_Martinez-300x169.jpeg 300w, https:\/\/atecordoba.org\/wp-content\/uploads\/2021\/09\/31_08_Alejandro_Martinez-768x431.jpeg 768w, https:\/\/atecordoba.org\/wp-content\/uploads\/2021\/09\/31_08_Alejandro_Martinez-750x421.jpeg 750w, https:\/\/atecordoba.org\/wp-content\/uploads\/2021\/09\/31_08_Alejandro_Martinez-1140x640.jpeg 1140w, https:\/\/atecordoba.org\/wp-content\/uploads\/2021\/09\/31_08_Alejandro_Martinez.jpeg 1280w\" sizes=\"auto, (max-width: 796px) 100vw, 796px\" \/><\/figure><\/div>\n\n\n\n<p>El Consejo Directivo Provincial anuncia que los afiliados y afiliadas de ATE C\u00f3rdoba pueden inscribirse en la red de consumo alimentario para adquirir las a ofertas de alimentos que se encuentran disponibles en las mesas de econom\u00eda social. De esta forma, podr\u00e1n acceder a productos directamente desde la mano de los productores, ayudando e impulsando la econom\u00eda social.<\/p>\n\n\n\n<p>Durante una entrevista que dio al programa &#8216;Entre Todos y todas&#8217;, Alejandro Mart\u00ednez, de la Mutual La Unidad, cont\u00f3 como se est\u00e1 desarrollando la iniciativa, que parte del Instituto Nacional de Asociativismo y Econom\u00eda Social (Inaes). &#8220;Se ha resuelto organizar mesas de econom\u00eda social con cooperativas y mutuales, al mismo tiempo que se invit\u00f3 a sindicatos, organizaciones sociales, asociaciones civiles, clubes y todo lo que pueda organizar comunidad&#8221;.<\/p>\n\n\n\n<p>&#8220;Dentro de ese marco, dijo Mart\u00ednez, trabajamos soberan\u00eda y seguridad alimentaria, buscando que los productores puedan vender su producto directamente a los consumidores y evitando intermediarios. As\u00ed se logran mejores precios para los productores y menos costos para los vecinos, eso que hoy se terminan apropiando las grandes superficies&#8221;.<\/p>\n\n\n\n<p>La red de consumo es una de las tantas que hay en C\u00f3rdoba, en este caso asociada con la Mutual Mujica que ya lleva seis a\u00f1os en la tarea.<\/p>\n\n\n\n<p>&#8220;Hablamos de econom\u00eda popular y solidaria, para que todo lo que se pueda producir localmente debe ser realizado para disminuir los gastos de log\u00edstica y transporte dar valor agregado a la producci\u00f3n local. Tambi\u00e9n hacemos foco en la garant\u00eda de calidad en el proceso de producci\u00f3n seguridad bromatol\u00f3gica y con productos sanos y naturales. Por caso, los productores de leche en polvo que participan en la red no venden un producto que dice \u2018contiene leche\u2019 como las producciones que se ofrecen en los super, sino que es leche deshidratada de verdad&#8221;.<\/p>\n\n\n\n<p>Hay m\u00e1s de 150 productos a elecci\u00f3n, con importante diferencia de precio y calidad de producto respecto a lo disponible en el mercado. <\/p>\n\n\n\n<p>Los afiliados y afiliadas pueden pagar con efectivo, con tarjetas de cr\u00e9dito y de d\u00e9bito, abon\u00e1ndose al momento de la entrega, con un delivery a bajo costo. <\/p>\n\n\n\n<p>Los encargos se realizar\u00e1n hasta el 7 de septiembre y la entrega de las compras se realizar\u00e1 los d\u00edas jueves 16 y viernes 17 del corriente.<\/p>\n","protected":false},"excerpt":{"rendered":"<p>El Consejo Directivo Provincial anuncia que los afiliados y afiliadas de ATE C\u00f3rdoba pueden inscribirse en la red de consumo alimentario para adquirir las a ofertas de alimentos que se encuentran disponibles en las mesas de econom\u00eda social. De esta forma, podr\u00e1n acceder a productos directamente desde la mano de los productores, ayudando e impulsando [&hellip;]<\/p>\n","protected":false},"author":7,"featured_media":27714,"comment_status":"open","ping_status":"open","sticky":false,"template":"","format":"standard","meta":{"_exactmetrics_skip_tracking":false,"_exactmetrics_sitenote_active":false,"_exactmetrics_sitenote_note":"","_exactmetrics_sitenote_category":0,"jnews-multi-image_gallery":[],"jnews_single_post":{"subtitle":"El Consejo Directivo Provincial anuncia que los afiliados y afiliadas de ATE C\u00f3rdoba pueden inscribirse en la red de consumo alimentario para adquirir las a ofertas de alimentos que se encuentran disponibles en las mesas de econom\u00eda social. De esta forma, podr\u00e1n acceder a productos directamente desde la mano de los productores, ayudando e impulsando la econom\u00eda social.","format":"standard","video":"","gallery":"","source_name":"","source_url":"","via_name":"","via_url":"","override":[{"template":"1","single_blog_custom":"","parallax":"1","fullscreen":"1","layout":"right-sidebar","sidebar":"default-sidebar","second_sidebar":"default-sidebar","sticky_sidebar":"1","share_position":"top","share_float_style":"share-monocrhome","show_share_counter":"1","show_view_counter":"1","show_featured":"1","show_post_meta":"1","show_post_author":"1","show_post_author_image":"1","show_post_date":"1","post_date_format":"default","post_date_format_custom":"Y\/m\/d","show_post_category":"1","post_reading_time_wpm":"300","zoom_button_out_step":"2","zoom_button_in_step":"3","show_post_tag":"1","show_prev_next_post":"1","show_popup_post":"1","number_popup_post":"1"}],"image_override":[{"single_post_thumbnail_size":"crop-500","single_post_gallery_size":"crop-500"}],"trending_post_position":"meta","trending_post_label":"Trending","sponsored_post_label":"Sponsored by","sponsored_post_name":"","sponsored_post_url":"","sponsored_post_logo":"","sponsored_post_desc":""},"jnews_primary_category":{"id":""},"jnews_social_meta":{"fb_title":"","fb_description":"","fb_image":"","twitter_title":"","twitter_description":"","twitter_image":""},"jnews_review":[],"enable_review":"","type":"percentage","name":"","summary":"","brand":"","sku":"","good":[{"good_text":""}],"bad":[{"bad_text":""}],"score_override":"","override_value":"","rating":[{"rating_text":"","rating_number":"10"}],"price":[{"shop":"","price":"","link":"","icon":""}],"jnews_override_counter":{"view_counter_number":"0","share_counter_number":"0","like_counter_number":"0","dislike_counter_number":"0"},"jnews_post_split":{"post_split":[{"template":"1","tag":"h2","numbering":"asc","mode":"normal","toc_type":"normal"}]},"footnotes":""},"categories":[1],"tags":[],"class_list":["post-27713","post","type-post","status-publish","format-standard","has-post-thumbnail","hentry","category-sin-categoria"],"jetpack_featured_media_url":"https:\/\/atecordoba.org\/wp-content\/uploads\/2021\/09\/31_08_Alejandro_Martinez.jpeg","_links":{"self":[{"href":"https:\/\/atecordoba.org\/index.php?rest_route=\/wp\/v2\/posts\/27713","targetHints":{"allow":["GET"]}}],"collection":[{"href":"https:\/\/atecordoba.org\/index.php?rest_route=\/wp\/v2\/posts"}],"about":[{"href":"https:\/\/atecordoba.org\/index.php?rest_route=\/wp\/v2\/types\/post"}],"author":[{"embeddable":true,"href":"https:\/\/atecordoba.org\/index.php?rest_route=\/wp\/v2\/users\/7"}],"replies":[{"embeddable":true,"href":"https:\/\/atecordoba.org\/index.php?rest_route=%2Fwp%2Fv2%2Fcomments&post=27713"}],"version-history":[{"count":3,"href":"https:\/\/atecordoba.org\/index.php?rest_route=\/wp\/v2\/posts\/27713\/revisions"}],"predecessor-version":[{"id":27738,"href":"https:\/\/atecordoba.org\/index.php?rest_route=\/wp\/v2\/posts\/27713\/revisions\/27738"}],"wp:featuredmedia":[{"embeddable":true,"href":"https:\/\/atecordoba.org\/index.php?rest_route=\/wp\/v2\/media\/27714"}],"wp:attachment":[{"href":"https:\/\/atecordoba.org\/index.php?rest_route=%2Fwp%2Fv2%2Fmedia&parent=27713"}],"wp:term":[{"taxonomy":"category","embeddable":true,"href":"https:\/\/atecordoba.org\/index.php?rest_route=%2Fwp%2Fv2%2Fcategories&post=27713"},{"taxonomy":"post_tag","embeddable":true,"href":"https:\/\/atecordoba.org\/index.php?rest_route=%2Fwp%2Fv2%2Ftags&post=27713"}],"curies":[{"name":"wp","href":"https:\/\/api.w.org\/{rel}","templated":true}]}}