{"id":27706,"date":"2021-09-02T09:50:09","date_gmt":"2021-09-02T12:50:09","guid":{"rendered":"https:\/\/atecordoba.org\/?p=27706"},"modified":"2021-09-02T09:51:11","modified_gmt":"2021-09-02T12:51:11","slug":"logro-de-ate-anac-se-abre-a-la-constitucion-de-su-plan-de-carrera","status":"publish","type":"post","link":"https:\/\/atecordoba.org\/?p=27706","title":{"rendered":"Logro de ATE: ANAC se abre a la constituci\u00f3n de su Plan de Carrera"},"content":{"rendered":"\n<div class=\"wp-block-image is-style-default\"><figure class=\"aligncenter size-large is-resized\"><img loading=\"lazy\" decoding=\"async\" src=\"https:\/\/atecordoba.org\/wp-content\/uploads\/2021\/09\/anac-fachada.jpg\" alt=\"\" class=\"wp-image-27707\" width=\"576\" height=\"311\" \/><\/figure><\/div>\n\n\n\n<p>En una reuni\u00f3n realizada ayer entre las autoridades de la Administraci\u00f3n Nacional de Aviaci\u00f3n Civil y ATE, junto a la restante representaci\u00f3n gremial del sector, se dieron los primeros pasos para constituir el Plan de Carrera del organismo.<\/p>\n\n\n\n<p>Se trata de una vieja reivindicaci\u00f3n que impuls\u00f3 nuestro gremio y que la patronal accedi\u00f3 a discutir, tras el plan de lucha que concluy\u00f3 el pasado 9 de agosto con la firma de un acta en el Ministerio de Trabajo donde la patronal se comprometi\u00f3 a llevar adelante y que ahora se concreta para beneficio de todo el personal de ANAC.<\/p>\n\n\n\n<p>Seg\u00fan informaron las y los compa\u00f1eros de ATE-ANAC \u201cacordamos un esquema de trabajo quincenal que contar\u00e1 con la presencia de la oficina de Empleo P\u00fablico. Ambas organizaciones sindicales arribamos a la conclusi\u00f3n de que es necesario que la ANAC cuente con un Convenio Colectivo de Trabajo Sectorial que permita la retroalimentaci\u00f3n permanente entre trabajadorxs y el Estado empleador\u201d.<\/p>\n\n\n\n<p>Adem\u00e1s, valoraron positivamente la pol\u00edtica del gobierno nacional en contraposici\u00f3n a la gesti\u00f3n de Mauricio Macri: \u201cestamos muy conformes de que luego del vaciamiento macrista y de un achatamiento profesional, salarial y laboral de los y las trabajadoras del organismo, el Gobierno Nacional comience el proceso de reivindicaci\u00f3n en la ANAC. Creemos que este hecho, sumado al pago de reencasillamientos y de horas mixtas comienza a saldar deudas hist\u00f3ricas en el organismo\u201d.<\/p>\n\n\n\n<p>Por eso, desde ATE-Anac continuar\u00e1n trabajando coordinadamente \u201cpara que se cumplan el resto de los acuerdos mantenidos entre los que est\u00e1n el pase a art\u00edculo 9 de lxs contratadxs a partir del presupuesto 2022, la equiparaci\u00f3n salarial de lxs m\u00e1s atrasados de este grupo y la puesta en pr\u00e1ctica de los financiamientos en orden de infraestructura que hoy se encuentran pendientes por la imposibilidad de uso del fideicomiso\u201d.<\/p>\n\n\n\n<p>Las y los trabajadores de la ANAC recordaron que \u201chemos sufrido en primera persona pol\u00edticas de vaciamiento y de achique del Estado, necesitamos que se siga profundizando un proceso que ponga nuevamente a la ANAC en su rol y funci\u00f3n. La \u00fanica lucha que se pierde es la que se abandona\u201d.<\/p>\n","protected":false},"excerpt":{"rendered":"<p>En una reuni\u00f3n realizada ayer entre las autoridades de la Administraci\u00f3n Nacional de Aviaci\u00f3n Civil y ATE, junto a la restante representaci\u00f3n gremial del sector, se dieron los primeros pasos para constituir el Plan de Carrera del organismo. Se trata de una vieja reivindicaci\u00f3n que impuls\u00f3 nuestro gremio y que la patronal accedi\u00f3 a discutir, [&hellip;]<\/p>\n","protected":false},"author":7,"featured_media":27707,"comment_status":"open","ping_status":"open","sticky":false,"template":"","format":"standard","meta":{"_exactmetrics_skip_tracking":false,"_exactmetrics_sitenote_active":false,"_exactmetrics_sitenote_note":"","_exactmetrics_sitenote_category":0,"jnews-multi-image_gallery":[],"jnews_single_post":{"subtitle":"La representaci\u00f3n gremial impulsa un convenio colectivo sectorial. ","format":"standard","video":"","gallery":"","source_name":"","source_url":"","via_name":"","via_url":"","override":[{"template":"1","single_blog_custom":"","parallax":"1","fullscreen":"1","layout":"right-sidebar","sidebar":"default-sidebar","second_sidebar":"default-sidebar","sticky_sidebar":"1","share_position":"top","share_float_style":"share-monocrhome","show_share_counter":"1","show_view_counter":"1","show_featured":"1","show_post_meta":"1","show_post_author":"1","show_post_author_image":"1","show_post_date":"1","post_date_format":"default","post_date_format_custom":"Y\/m\/d","show_post_category":"1","post_reading_time_wpm":"300","zoom_button_out_step":"2","zoom_button_in_step":"3","show_post_tag":"1","show_prev_next_post":"1","show_popup_post":"1","number_popup_post":"1"}],"image_override":[{"single_post_thumbnail_size":"crop-500","single_post_gallery_size":"crop-500"}],"trending_post_position":"meta","trending_post_label":"Trending","sponsored_post_label":"Sponsored by","sponsored_post_name":"","sponsored_post_url":"","sponsored_post_logo":"","sponsored_post_desc":""},"jnews_primary_category":{"id":""},"jnews_social_meta":{"fb_title":"","fb_description":"","fb_image":"","twitter_title":"","twitter_description":"","twitter_image":""},"jnews_review":[],"enable_review":"","type":"percentage","name":"","summary":"","brand":"","sku":"","good":[{"good_text":""}],"bad":[{"bad_text":""}],"score_override":"","override_value":"","rating":[{"rating_text":"","rating_number":"10"}],"price":[{"shop":"","price":"","link":"","icon":""}],"jnews_override_counter":{"view_counter_number":"0","share_counter_number":"0","like_counter_number":"0","dislike_counter_number":"0"},"jnews_post_split":{"post_split":[{"template":"1","tag":"h2","numbering":"asc","mode":"normal","toc_type":"normal"}]},"footnotes":""},"categories":[18],"tags":[33],"class_list":["post-27706","post","type-post","status-publish","format-standard","has-post-thumbnail","hentry","category-nacionales","tag-anac"],"jetpack_featured_media_url":"https:\/\/atecordoba.org\/wp-content\/uploads\/2021\/09\/anac-fachada-e1630586999740.jpg","_links":{"self":[{"href":"https:\/\/atecordoba.org\/index.php?rest_route=\/wp\/v2\/posts\/27706","targetHints":{"allow":["GET"]}}],"collection":[{"href":"https:\/\/atecordoba.org\/index.php?rest_route=\/wp\/v2\/posts"}],"about":[{"href":"https:\/\/atecordoba.org\/index.php?rest_route=\/wp\/v2\/types\/post"}],"author":[{"embeddable":true,"href":"https:\/\/atecordoba.org\/index.php?rest_route=\/wp\/v2\/users\/7"}],"replies":[{"embeddable":true,"href":"https:\/\/atecordoba.org\/index.php?rest_route=%2Fwp%2Fv2%2Fcomments&post=27706"}],"version-history":[{"count":1,"href":"https:\/\/atecordoba.org\/index.php?rest_route=\/wp\/v2\/posts\/27706\/revisions"}],"predecessor-version":[{"id":27708,"href":"https:\/\/atecordoba.org\/index.php?rest_route=\/wp\/v2\/posts\/27706\/revisions\/27708"}],"wp:featuredmedia":[{"embeddable":true,"href":"https:\/\/atecordoba.org\/index.php?rest_route=\/wp\/v2\/media\/27707"}],"wp:attachment":[{"href":"https:\/\/atecordoba.org\/index.php?rest_route=%2Fwp%2Fv2%2Fmedia&parent=27706"}],"wp:term":[{"taxonomy":"category","embeddable":true,"href":"https:\/\/atecordoba.org\/index.php?rest_route=%2Fwp%2Fv2%2Fcategories&post=27706"},{"taxonomy":"post_tag","embeddable":true,"href":"https:\/\/atecordoba.org\/index.php?rest_route=%2Fwp%2Fv2%2Ftags&post=27706"}],"curies":[{"name":"wp","href":"https:\/\/api.w.org\/{rel}","templated":true}]}}