{"id":27697,"date":"2021-09-01T14:51:47","date_gmt":"2021-09-01T17:51:47","guid":{"rendered":"https:\/\/atecordoba.org\/?p=27697"},"modified":"2021-09-02T10:07:34","modified_gmt":"2021-09-02T13:07:34","slug":"por-primera-vez-en-40-anos-hoy-se-realizaron-elecciones-libres-de-delegados-y-delegadas-en-la-municipalidad-de-rio-tercero","status":"publish","type":"post","link":"https:\/\/atecordoba.org\/?p=27697","title":{"rendered":"Por primera vez en 40 a\u00f1os hoy se realizaron elecciones libres de delegados y delegadas en la Municipalidad de R\u00edo Tercero"},"content":{"rendered":"\n<div class=\"wp-block-image is-style-default\"><figure class=\"alignleft size-large\"><img loading=\"lazy\" decoding=\"async\" width=\"526\" height=\"526\" src=\"https:\/\/atecordoba.org\/wp-content\/uploads\/2021\/09\/239646179_1190771954667397_7078367489378883975_n.jpg\" alt=\"\" class=\"wp-image-27698\" srcset=\"https:\/\/atecordoba.org\/wp-content\/uploads\/2021\/09\/239646179_1190771954667397_7078367489378883975_n.jpg 526w, https:\/\/atecordoba.org\/wp-content\/uploads\/2021\/09\/239646179_1190771954667397_7078367489378883975_n-300x300.jpg 300w, https:\/\/atecordoba.org\/wp-content\/uploads\/2021\/09\/239646179_1190771954667397_7078367489378883975_n-150x150.jpg 150w, https:\/\/atecordoba.org\/wp-content\/uploads\/2021\/09\/239646179_1190771954667397_7078367489378883975_n-75x75.jpg 75w, https:\/\/atecordoba.org\/wp-content\/uploads\/2021\/09\/239646179_1190771954667397_7078367489378883975_n-350x350.jpg 350w\" sizes=\"auto, (max-width: 526px) 100vw, 526px\" \/><\/figure><\/div>\n\n\n\n<p>Hoy se llev\u00f3 a cabo la primera elecci\u00f3n de delegados y delgadas de ATE en la Municipalidad de R\u00edo Tercero, despu\u00e9s que el sindicato municipal ejerciera el monopolio de representaci\u00f3n del personal por cuatro d\u00e9cadas. <\/p>\n\n\n\n<p>ATE cuenta con afiliadas y afiliados en el sector y se propone ampliar la representaci\u00f3n con una acci\u00f3n gremial basada en la recuperaci\u00f3n del salario y la mejora de las condiciones de trabajo.<\/p>\n\n\n\n<p>En ese marco, desde las 9 y hasta las 11.30 la urna de ATE estuvo en el Palacio Municipal para posteriormente trasladarse al \u00e1rea de servicios, donde se mantuvo hasta las 14.30. Para ma\u00f1ana podr\u00e1 saberse la cantidad de compa\u00f1eros y compa\u00f1eras que participaron de la elecci\u00f3n, que consagr\u00f3 a las y los delegados Paula Ducler, Luciano Caballero, Patricia Molina, Gisel Giordano, Marcelo Campos, Alan Guevara y Federico Moyano.<\/p>\n\n\n\n<p>Para el Secretario General de ATE R\u00edo Tercero, Dami\u00e1n Albornoz, se trat\u00f3 de &#8220;una elecci\u00f3n hist\u00f3rica porque hasta ahora hubo en la municipalidad un solo sindicato. Por lo tanto la aparici\u00f3n de ATE es una novedad muy buena para las y los municipales de R\u00edo Tercero&#8221;.<\/p>\n\n\n\n<p>Albornoz cont\u00f3 al programa radial &#8216;entre Todos y Todas&#8217; que &#8220;si bien cost\u00f3 al principio, porque hubo un intento de ilegalizarnos a trav\u00e9s del desconocimiento por parte del Ejecutivo del c\u00f3digo de descuento de la cuota de afiliados, despu\u00e9s de una a\u00f1o y medio el Ministerio de Trabajo habilit\u00f3 la elecci\u00f3n. Hoy es fundamental consolidar nuestro cuerpo de delegados y delegadas que tiene garantizada la paridad de g\u00e9nero en las listas, una pol\u00edtica muy importante para nuestro gremio&#8221;.<\/p>\n\n\n\n<p>El dirigente remarc\u00f3 que &#8220;tenemos preparada una agenda para los pr\u00f3ximos seis meses. Los compa\u00f1eros y compa\u00f1eras tienen a ATE como una organizaci\u00f3n dispuesta para pelear por sus derechos&#8221;.<\/p>\n\n\n\n<p>Y adelant\u00f3 que &#8220;vamos a reclamar al Ejecutivo que se implementen los comit\u00e9s mixtos de seguridad y medio ambiente en el trabajo, con la representaci\u00f3n de nuestros delegados para garantizar las condiciones de trabajo que tienen que tener nuestros compa\u00f1eros y compa\u00f1eras&#8221;.<\/p>\n\n\n\n<figure class=\"wp-block-gallery columns-3 is-cropped wp-block-gallery-1 is-layout-flex wp-block-gallery-is-layout-flex\"><ul class=\"blocks-gallery-grid\"><li class=\"blocks-gallery-item\"><figure><a href=\"https:\/\/atecordoba.org\/wp-content\/uploads\/2021\/09\/239874079_1191065034638089_8457350610792859475_n.jpg\"><img loading=\"lazy\" decoding=\"async\" width=\"720\" height=\"960\" src=\"https:\/\/atecordoba.org\/wp-content\/uploads\/2021\/09\/239874079_1191065034638089_8457350610792859475_n.jpg\" alt=\"\" data-id=\"27699\" data-full-url=\"https:\/\/atecordoba.org\/wp-content\/uploads\/2021\/09\/239874079_1191065034638089_8457350610792859475_n.jpg\" data-link=\"https:\/\/atecordoba.org\/?attachment_id=27699\" class=\"wp-image-27699\" srcset=\"https:\/\/atecordoba.org\/wp-content\/uploads\/2021\/09\/239874079_1191065034638089_8457350610792859475_n.jpg 720w, https:\/\/atecordoba.org\/wp-content\/uploads\/2021\/09\/239874079_1191065034638089_8457350610792859475_n-225x300.jpg 225w\" sizes=\"auto, (max-width: 720px) 100vw, 720px\" \/><\/a><\/figure><\/li><li class=\"blocks-gallery-item\"><figure><a href=\"https:\/\/atecordoba.org\/wp-content\/uploads\/2021\/09\/240316017_1191065227971403_5329100295770065825_n.jpg\"><img loading=\"lazy\" decoding=\"async\" width=\"720\" height=\"960\" src=\"https:\/\/atecordoba.org\/wp-content\/uploads\/2021\/09\/240316017_1191065227971403_5329100295770065825_n.jpg\" alt=\"\" data-id=\"27700\" data-full-url=\"https:\/\/atecordoba.org\/wp-content\/uploads\/2021\/09\/240316017_1191065227971403_5329100295770065825_n.jpg\" data-link=\"https:\/\/atecordoba.org\/?attachment_id=27700\" class=\"wp-image-27700\" srcset=\"https:\/\/atecordoba.org\/wp-content\/uploads\/2021\/09\/240316017_1191065227971403_5329100295770065825_n.jpg 720w, https:\/\/atecordoba.org\/wp-content\/uploads\/2021\/09\/240316017_1191065227971403_5329100295770065825_n-225x300.jpg 225w\" sizes=\"auto, (max-width: 720px) 100vw, 720px\" \/><\/a><\/figure><\/li><li class=\"blocks-gallery-item\"><figure><a href=\"https:\/\/atecordoba.org\/wp-content\/uploads\/2021\/09\/240319716_1191065181304741_3999998131371167142_n.jpg\"><img decoding=\"async\" src=\"https:\/\/atecordoba.org\/wp-content\/uploads\/2021\/09\/240319716_1191065181304741_3999998131371167142_n.jpg\" alt=\"\" data-id=\"27701\" data-full-url=\"https:\/\/atecordoba.org\/wp-content\/uploads\/2021\/09\/240319716_1191065181304741_3999998131371167142_n.jpg\" data-link=\"https:\/\/atecordoba.org\/?attachment_id=27701\" class=\"wp-image-27701\" \/><\/a><\/figure><\/li><\/ul><\/figure>\n\n\n\n<p>Albornoz dijo que ATE planea continuar con &#8220;la propuesta para incorporar la licencia por Violencia de G\u00e9nero que no est\u00e1 contemplado en el Estatuto. De hecho, el sindicato municipal manifest\u00f3 su total apoyo a esta iniciativa. Tambi\u00e9n hay que discutir sobre los protocolos al respecto&#8221;.<\/p>\n\n\n\n<p>Por \u00faltimo, el dirigente remarc\u00f3 que &#8220;en la mesa de relaciones laborales queremos discutir las recategorizaciones y los pases a planta permanente y una cuesti\u00f3n fundamental: el acuerdo salarial que hizo el sindicato municipal ya qued\u00f3 por debajo de los \u00edndices inflacionarios del 2021, por lo cual creemos fundamental implementar una recomposici\u00f3n salarial para recuperar los haberes municipales&#8221;.<\/p>\n","protected":false},"excerpt":{"rendered":"<p>Hoy se llev\u00f3 a cabo la primera elecci\u00f3n de delegados y delgadas de ATE en la Municipalidad de R\u00edo Tercero, despu\u00e9s que el sindicato municipal ejerciera el monopolio de representaci\u00f3n del personal por cuatro d\u00e9cadas. ATE cuenta con afiliadas y afiliados en el sector y se propone ampliar la representaci\u00f3n con una acci\u00f3n gremial basada [&hellip;]<\/p>\n","protected":false},"author":7,"featured_media":27701,"comment_status":"open","ping_status":"open","sticky":false,"template":"","format":"standard","meta":{"_exactmetrics_skip_tracking":false,"_exactmetrics_sitenote_active":false,"_exactmetrics_sitenote_note":"","_exactmetrics_sitenote_category":0,"jnews-multi-image_gallery":[],"jnews_single_post":{"subtitle":"ATE se suma al sindicato municipal local como entidad representativa de las y los trabajadores del sector. Salario y condiciones de trabajo al tope de la agenda gremial. ","format":"standard","video":"","gallery":"","source_name":"","source_url":"","via_name":"","via_url":"","override":[{"template":"1","single_blog_custom":"","parallax":"1","fullscreen":"1","layout":"right-sidebar","sidebar":"default-sidebar","second_sidebar":"default-sidebar","sticky_sidebar":"1","share_position":"top","share_float_style":"share-monocrhome","show_share_counter":"1","show_view_counter":"1","show_featured":"1","show_post_meta":"1","show_post_author":"1","show_post_author_image":"1","show_post_date":"1","post_date_format":"default","post_date_format_custom":"Y\/m\/d","show_post_category":"1","post_reading_time_wpm":"300","zoom_button_out_step":"2","zoom_button_in_step":"3","show_post_tag":"1","show_prev_next_post":"1","show_popup_post":"1","number_popup_post":"1"}],"image_override":[{"single_post_thumbnail_size":"crop-500","single_post_gallery_size":"crop-500"}],"trending_post_position":"meta","trending_post_label":"Trending","sponsored_post_label":"Sponsored by","sponsored_post_name":"","sponsored_post_url":"","sponsored_post_logo":"","sponsored_post_desc":""},"jnews_primary_category":{"id":""},"jnews_social_meta":{"fb_title":"","fb_description":"","fb_image":"","twitter_title":"","twitter_description":"","twitter_image":""},"jnews_review":[],"enable_review":"","type":"percentage","name":"","summary":"","brand":"","sku":"","good":[{"good_text":""}],"bad":[{"bad_text":""}],"score_override":"","override_value":"","rating":[{"rating_text":"","rating_number":"10"}],"price":[{"shop":"","price":"","link":"","icon":""}],"jnews_override_counter":{"view_counter_number":"0","share_counter_number":"0","like_counter_number":"0","dislike_counter_number":"0"},"jnews_post_split":{"post_split":[{"template":"1","tag":"h2","numbering":"asc","mode":"normal","toc_type":"normal"}]},"footnotes":""},"categories":[20,13],"tags":[896],"class_list":["post-27697","post","type-post","status-publish","format-standard","has-post-thumbnail","hentry","category-municipales","category-rio-tercero","tag-eleccion-de-delegados"],"jetpack_featured_media_url":"https:\/\/atecordoba.org\/wp-content\/uploads\/2021\/09\/240319716_1191065181304741_3999998131371167142_n-e1630518683728.jpg","_links":{"self":[{"href":"https:\/\/atecordoba.org\/index.php?rest_route=\/wp\/v2\/posts\/27697","targetHints":{"allow":["GET"]}}],"collection":[{"href":"https:\/\/atecordoba.org\/index.php?rest_route=\/wp\/v2\/posts"}],"about":[{"href":"https:\/\/atecordoba.org\/index.php?rest_route=\/wp\/v2\/types\/post"}],"author":[{"embeddable":true,"href":"https:\/\/atecordoba.org\/index.php?rest_route=\/wp\/v2\/users\/7"}],"replies":[{"embeddable":true,"href":"https:\/\/atecordoba.org\/index.php?rest_route=%2Fwp%2Fv2%2Fcomments&post=27697"}],"version-history":[{"count":4,"href":"https:\/\/atecordoba.org\/index.php?rest_route=\/wp\/v2\/posts\/27697\/revisions"}],"predecessor-version":[{"id":27709,"href":"https:\/\/atecordoba.org\/index.php?rest_route=\/wp\/v2\/posts\/27697\/revisions\/27709"}],"wp:featuredmedia":[{"embeddable":true,"href":"https:\/\/atecordoba.org\/index.php?rest_route=\/wp\/v2\/media\/27701"}],"wp:attachment":[{"href":"https:\/\/atecordoba.org\/index.php?rest_route=%2Fwp%2Fv2%2Fmedia&parent=27697"}],"wp:term":[{"taxonomy":"category","embeddable":true,"href":"https:\/\/atecordoba.org\/index.php?rest_route=%2Fwp%2Fv2%2Fcategories&post=27697"},{"taxonomy":"post_tag","embeddable":true,"href":"https:\/\/atecordoba.org\/index.php?rest_route=%2Fwp%2Fv2%2Ftags&post=27697"}],"curies":[{"name":"wp","href":"https:\/\/api.w.org\/{rel}","templated":true}]}}