{"id":27687,"date":"2021-09-01T13:29:56","date_gmt":"2021-09-01T16:29:56","guid":{"rendered":"https:\/\/atecordoba.org\/?p=27687"},"modified":"2021-09-01T13:29:57","modified_gmt":"2021-09-01T16:29:57","slug":"contra-la-violencia-institucional","status":"publish","type":"post","link":"https:\/\/atecordoba.org\/?p=27687","title":{"rendered":"Contra la violencia institucional"},"content":{"rendered":"\n<div class=\"wp-block-image is-style-default\"><figure class=\"aligncenter size-large is-resized\"><img loading=\"lazy\" decoding=\"async\" src=\"https:\/\/atecordoba.org\/wp-content\/uploads\/2021\/09\/31_08_Baronetto-1024x575.jpeg\" alt=\"\" class=\"wp-image-27688\" width=\"689\" height=\"387\" \/><\/figure><\/div>\n\n\n\n<p>El viernes pasado se realiz\u00f3 la S\u00e9ptima Marcha contra el Gatillo F\u00e1cil, haciendo foco en el papel de la polic\u00eda provincial en casos de violencia institucional.<\/p>\n\n\n\n<p>En el programa radial \u2018Entre Todos y Todas\u2019, entrevistaron a la trabajadora de la Secretaria de DDHH de la Naci\u00f3n Marlene Baronetto para reflexionar al respecto.<\/p>\n\n\n\n<p>En primer t\u00e9rmino, la compa\u00f1era refiri\u00f3 al panorama actual, apuntando que \u201cla violencia policial se ejerce principalmente contra las y los j\u00f3venes de los sectores m\u00e1s vulnerables, que son los estigmatizados\u201d.<\/p>\n\n\n\n<p>Y describi\u00f3 las pol\u00edticas oficiales como \u201creparatorias\u201d a trav\u00e9s de \u201casesoramientos y con un centro de denuncias. Durante la pandemia las denuncias crecieron de manera abrumadora, dirigida sobre todo contra la juventud y eso hay que remarcarlo\u201d.<\/p>\n\n\n\n<p>Para Baronetto \u201cel concepto de violencia institucional tiene que ver con el gatillo f\u00e1cil, como expresi\u00f3n m\u00e1s desgarradora, habiendo tambi\u00e9n muchas formas como se ejercen las violencias. Sin embargo, el caso de la Polic\u00eda necesita una evidente transformaci\u00f3n con un criterio de DDHH y visi\u00f3n de seguridad social, el fin que tiene que cumplir para garantizar la paz social y no ser una fuerza en contra de la ciudadan\u00eda\u201d.<\/p>\n\n\n\n<p><strong>Es un diagn\u00f3stico que se repite m\u00e1s all\u00e1 de nuestro pa\u00eds y nuestra \u00e9poca\u2026<\/strong><\/p>\n\n\n\n<p>Si. A mi criterio hasta que no haya un Estado que asuma las pol\u00edticas de DDHH como propias, cumpliendo con los tratados internacionales suscriptos por el pa\u00eds para alcanzar los est\u00e1ndares de los organismos internacionales en la materia, no se va a garantizar el cumplimiento efectivo de los derechos para controlar la violencia policial. Para democratizar estas instituciones deben haber gobiernos dispuestos a cambiar el paradigma y sostenerlos en el tiempo. Con una o dos gestiones no se cambia las instituciones. \u00a0Tambi\u00e9n hay un aval social para ejercer la violencia sobre sectores estigmatizados y eso es un obst\u00e1culo que lleva tiempo superar.<\/p>\n\n\n\n<p><strong>\u00bfC\u00f3mo impactar\u00e1 el proyecto de ley nacional que est\u00e1 por discutir el Congreso?<\/strong><\/p>\n\n\n\n<p>Ahora que la Secretaria de DDHH de la Naci\u00f3n elev\u00f3 un proyecto de ley al Congreso espec\u00edficamente sobre el tema, el gobierno se obliga a coordinar entre los diferentes niveles del Estado para adecuar las instituciones a los par\u00e1metros normativos. Las y los trabajadores del organismo vamos a tener un rol para ejercer en ese sentido.<\/p>\n","protected":false},"excerpt":{"rendered":"<p>El viernes pasado se realiz\u00f3 la S\u00e9ptima Marcha contra el Gatillo F\u00e1cil, haciendo foco en el papel de la polic\u00eda provincial en casos de violencia institucional. En el programa radial \u2018Entre Todos y Todas\u2019, entrevistaron a la trabajadora de la Secretaria de DDHH de la Naci\u00f3n Marlene Baronetto para reflexionar al respecto. En primer t\u00e9rmino, [&hellip;]<\/p>\n","protected":false},"author":7,"featured_media":27688,"comment_status":"open","ping_status":"open","sticky":false,"template":"","format":"standard","meta":{"_exactmetrics_skip_tracking":false,"_exactmetrics_sitenote_active":false,"_exactmetrics_sitenote_note":"","_exactmetrics_sitenote_category":0,"jnews-multi-image_gallery":[],"jnews_single_post":{"subtitle":"","format":"standard","video":"","gallery":"","source_name":"","source_url":"","via_name":"","via_url":"","override":[{"template":"1","single_blog_custom":"","parallax":"1","fullscreen":"1","layout":"right-sidebar","sidebar":"default-sidebar","second_sidebar":"default-sidebar","sticky_sidebar":"1","share_position":"top","share_float_style":"share-monocrhome","show_share_counter":"1","show_view_counter":"1","show_featured":"1","show_post_meta":"1","show_post_author":"1","show_post_author_image":"1","show_post_date":"1","post_date_format":"default","post_date_format_custom":"Y\/m\/d","show_post_category":"1","post_reading_time_wpm":"300","zoom_button_out_step":"2","zoom_button_in_step":"3","show_post_tag":"1","show_prev_next_post":"1","show_popup_post":"1","number_popup_post":"1"}],"image_override":[{"single_post_thumbnail_size":"crop-500","single_post_gallery_size":"crop-500"}],"trending_post_position":"meta","trending_post_label":"Trending","sponsored_post_label":"Sponsored by","sponsored_post_name":"","sponsored_post_url":"","sponsored_post_logo":"","sponsored_post_desc":""},"jnews_primary_category":{"id":""},"jnews_social_meta":{"fb_title":"","fb_description":"","fb_image":"","twitter_title":"","twitter_description":"","twitter_image":""},"jnews_review":[],"enable_review":"","type":"percentage","name":"","summary":"","brand":"","sku":"","good":[{"good_text":""}],"bad":[{"bad_text":""}],"score_override":"","override_value":"","rating":[{"rating_text":"","rating_number":"10"}],"price":[{"shop":"","price":"","link":"","icon":""}],"jnews_override_counter":{"view_counter_number":"0","share_counter_number":"0","like_counter_number":"0","dislike_counter_number":"0"},"jnews_post_split":{"post_split":[{"template":"1","tag":"h2","numbering":"asc","mode":"normal","toc_type":"normal"}]},"footnotes":""},"categories":[122],"tags":[526],"class_list":["post-27687","post","type-post","status-publish","format-standard","has-post-thumbnail","hentry","category-ddhh","tag-violencia-institucional"],"jetpack_featured_media_url":"https:\/\/atecordoba.org\/wp-content\/uploads\/2021\/09\/31_08_Baronetto-e1630513570578.jpeg","_links":{"self":[{"href":"https:\/\/atecordoba.org\/index.php?rest_route=\/wp\/v2\/posts\/27687","targetHints":{"allow":["GET"]}}],"collection":[{"href":"https:\/\/atecordoba.org\/index.php?rest_route=\/wp\/v2\/posts"}],"about":[{"href":"https:\/\/atecordoba.org\/index.php?rest_route=\/wp\/v2\/types\/post"}],"author":[{"embeddable":true,"href":"https:\/\/atecordoba.org\/index.php?rest_route=\/wp\/v2\/users\/7"}],"replies":[{"embeddable":true,"href":"https:\/\/atecordoba.org\/index.php?rest_route=%2Fwp%2Fv2%2Fcomments&post=27687"}],"version-history":[{"count":1,"href":"https:\/\/atecordoba.org\/index.php?rest_route=\/wp\/v2\/posts\/27687\/revisions"}],"predecessor-version":[{"id":27689,"href":"https:\/\/atecordoba.org\/index.php?rest_route=\/wp\/v2\/posts\/27687\/revisions\/27689"}],"wp:featuredmedia":[{"embeddable":true,"href":"https:\/\/atecordoba.org\/index.php?rest_route=\/wp\/v2\/media\/27688"}],"wp:attachment":[{"href":"https:\/\/atecordoba.org\/index.php?rest_route=%2Fwp%2Fv2%2Fmedia&parent=27687"}],"wp:term":[{"taxonomy":"category","embeddable":true,"href":"https:\/\/atecordoba.org\/index.php?rest_route=%2Fwp%2Fv2%2Fcategories&post=27687"},{"taxonomy":"post_tag","embeddable":true,"href":"https:\/\/atecordoba.org\/index.php?rest_route=%2Fwp%2Fv2%2Ftags&post=27687"}],"curies":[{"name":"wp","href":"https:\/\/api.w.org\/{rel}","templated":true}]}}