{"id":27675,"date":"2021-08-31T14:47:30","date_gmt":"2021-08-31T17:47:30","guid":{"rendered":"https:\/\/atecordoba.org\/?p=27675"},"modified":"2021-08-31T14:47:32","modified_gmt":"2021-08-31T17:47:32","slug":"giuliani-participo-de-la-reunion-presencial-de-la-conduccion-nacional-de-ate","status":"publish","type":"post","link":"https:\/\/atecordoba.org\/?p=27675","title":{"rendered":"Giuliani particip\u00f3 de la reuni\u00f3n presencial de la Conducci\u00f3n Nacional de ATE"},"content":{"rendered":"\n<p><\/p>\n\n\n\n<div class=\"wp-block-image is-style-default\"><figure class=\"aligncenter size-large is-resized\"><img loading=\"lazy\" decoding=\"async\" src=\"https:\/\/atecordoba.org\/wp-content\/uploads\/2021\/08\/240723949_10159495338159805_8829876165028838659_n.jpg\" alt=\"\" class=\"wp-image-27676\" width=\"596\" height=\"335\" srcset=\"https:\/\/atecordoba.org\/wp-content\/uploads\/2021\/08\/240723949_10159495338159805_8829876165028838659_n.jpg 960w, https:\/\/atecordoba.org\/wp-content\/uploads\/2021\/08\/240723949_10159495338159805_8829876165028838659_n-300x169.jpg 300w, https:\/\/atecordoba.org\/wp-content\/uploads\/2021\/08\/240723949_10159495338159805_8829876165028838659_n-768x432.jpg 768w, https:\/\/atecordoba.org\/wp-content\/uploads\/2021\/08\/240723949_10159495338159805_8829876165028838659_n-750x422.jpg 750w\" sizes=\"auto, (max-width: 596px) 100vw, 596px\" \/><figcaption>Auditorio de ATE Nacional &#8220;Eva Per\u00f3n&#8221;. <\/figcaption><\/figure><\/div>\n\n\n\n<p><sub>(fuente ctacordoba.org)<\/sub><\/p>\n\n\n\n<p>Con la presencia del Secretario General de ATE y la CTA Aut\u00f3noma C\u00f3rdoba, Federico Giuliani, durante gran parte de la jornada de ayer se llev\u00f3 a cabo una reuni\u00f3n del Consejo Directivo Nacional de ATE, la participaci\u00f3n de la mayor\u00eda de las conducciones provinciales a trav\u00e9s de sus secretarios y secretarias generales e integrantes de la conducci\u00f3n nacional.<\/p>\n\n\n\n<p>La novedad estuvo en que, luego de un a\u00f1o y medio de reuniones virtuales, este lunes las y los representantes debatieron de manera presencial. De todos modos, tambi\u00e9n se llev\u00f3 a cabo a trav\u00e9s del Zoom para aquellas personas que no pudieron trasladarse a la Capital Federal.<\/p>\n\n\n\n<div class=\"wp-block-image is-style-default\"><figure class=\"alignright size-large is-resized\"><img loading=\"lazy\" decoding=\"async\" src=\"https:\/\/atecordoba.org\/wp-content\/uploads\/2021\/08\/240819390_10159494971894805_5278153008003892902_n-300x236-1.jpg\" alt=\"\" class=\"wp-image-27677\" width=\"425\" height=\"334\" \/><figcaption>\u201cEn el marco de la reuni\u00f3n ampliada de nuestro Sindicato en la Sede del Consejo Directivo Nacional de ATE en Capital Federal, estuve dando el informe pol\u00edtico y gremial de ATE C\u00f3rdoba\u201d, escribi\u00f3 Giuliani en las redes sociales.<br><\/figcaption><\/figure><\/div>\n\n\n\n<p>El informe realizado por el Secretario General, Hugo \u201cCachorro\u201d Godoy, estuvo centrado en cinco ejes principales: la presencialidad en el Estado con protocolos de manera segura y progresiva; la paritaria nacional; \u00a0la apertura del proceso de elecci\u00f3n de delegadxs en todo el pa\u00eds; el seminario de tres d\u00edas que comienza hoy, titulado \u201cEl Estado que necesitamos para superar las pandemias\u201d, y la preparaci\u00f3n del Congreso de la CTA Aut\u00f3noma a realizarse en diciembre pr\u00f3ximo.<\/p>\n\n\n\n<p>Durante el informe, Godoy hizo un recorrido por las actividades que realiz\u00f3 ATE durante la pandemia, la intervenci\u00f3n pol\u00edtica del sindicato y lo que se propone discutir durante el seminario, la reafirmaci\u00f3n de ATE como actor central en el debate p\u00fablico para que el Estado est\u00e9 al servicio de las mayor\u00edas populares. Tambi\u00e9n destac\u00f3 la participaci\u00f3n que se tendr\u00e1 en el Consejo Federal de la Funci\u00f3n P\u00fablica y la importancia de la unidad del campo popular.<\/p>\n\n\n\n<p>Al hacer uso de la palabra, las y los representantes de las provincias ratificaron la importancia de la paritaria nacional que se logr\u00f3 hasta el momento y que continuar\u00e1 &nbsp;abierta para seguir definiendo mejoras salariales en enero pr\u00f3ximo.<\/p>\n\n\n\n<p>En ese contexto, tambi\u00e9n se plantearon fechas y modos de organizaci\u00f3n para llevar adelante la elecci\u00f3n de delegadxs en los municipios y las provincias alentados por el Consejo Directivo Nacional.<\/p>\n\n\n\n<p>Con respecto al seminario \u201cEl Estado que necesitamos para superar las pandemias\u201d que se llevar\u00e1 a cabo martes, mi\u00e9rcoles y jueves de esta semana, el mismo servir\u00e1 para que emerjan propuestas concretas para aun Estado diferente y que esta experiencia se replique en todas las provincias para discutir con todos los ejecutivos y organizar la unidad con el movimiento obrero y las organizaciones sociales.<\/p>\n\n\n\n<div class=\"wp-block-image is-style-default\"><figure class=\"aligncenter size-large is-resized\"><img loading=\"lazy\" decoding=\"async\" src=\"https:\/\/atecordoba.org\/wp-content\/uploads\/2021\/08\/240733606_10159495337964805_2700114654473180259_n-278x300-1.jpg\" alt=\"\" class=\"wp-image-27678\" width=\"363\" height=\"392\" \/><figcaption>Giuliani, junto al secretario de Formaci\u00f3n del CDP, C\u00e9sar Theaux.<\/figcaption><\/figure><\/div>\n\n\n\n<p>Adem\u00e1s, se hizo hincapi\u00e9 en la importancia que significa el Congreso de la CTA Aut\u00f3noma &nbsp;que se llevar\u00e1 a cabo en diciembre. Para ello, se realiz\u00f3 un panorama actual de la Central, de las organizaciones que se siguen sumando, la consolidaci\u00f3n de muchas de sus organizaciones y la representaci\u00f3n institucional que adquiri\u00f3 en los \u00faltimos a\u00f1os ocupando espacios antes vedados.<\/p>\n\n\n\n<p>Finalmente, la Secretar\u00eda de Formaci\u00f3n encabezada por Gustavo Quinteros, inform\u00f3 que el pr\u00f3ximo 22 de octubre se llevar\u00e1 a cabo toda una jornada para conmemorar los 50 a\u00f1os de la fundaci\u00f3n de la Escuela Libertario Ferrari.<\/p>\n","protected":false},"excerpt":{"rendered":"<p>(fuente ctacordoba.org) Con la presencia del Secretario General de ATE y la CTA Aut\u00f3noma C\u00f3rdoba, Federico Giuliani, durante gran parte de la jornada de ayer se llev\u00f3 a cabo una reuni\u00f3n del Consejo Directivo Nacional de ATE, la participaci\u00f3n de la mayor\u00eda de las conducciones provinciales a trav\u00e9s de sus secretarios y secretarias generales e [&hellip;]<\/p>\n","protected":false},"author":7,"featured_media":27678,"comment_status":"open","ping_status":"open","sticky":false,"template":"","format":"standard","meta":{"_exactmetrics_skip_tracking":false,"_exactmetrics_sitenote_active":false,"_exactmetrics_sitenote_note":"","_exactmetrics_sitenote_category":0,"jnews-multi-image_gallery":[],"jnews_single_post":{"subtitle":"","format":"standard","video":"","gallery":"","source_name":"","source_url":"","via_name":"","via_url":"","override":[{"template":"1","single_blog_custom":"","parallax":"1","fullscreen":"1","layout":"right-sidebar","sidebar":"default-sidebar","second_sidebar":"default-sidebar","sticky_sidebar":"1","share_position":"top","share_float_style":"share-monocrhome","show_share_counter":"1","show_view_counter":"1","show_featured":"1","show_post_meta":"1","show_post_author":"1","show_post_author_image":"1","show_post_date":"1","post_date_format":"default","post_date_format_custom":"Y\/m\/d","show_post_category":"1","post_reading_time_wpm":"300","zoom_button_out_step":"2","zoom_button_in_step":"3","show_post_tag":"1","show_prev_next_post":"1","show_popup_post":"1","number_popup_post":"1"}],"image_override":[{"single_post_thumbnail_size":"crop-500","single_post_gallery_size":"crop-500"}],"trending_post_position":"meta","trending_post_label":"Trending","sponsored_post_label":"Sponsored by","sponsored_post_name":"","sponsored_post_url":"","sponsored_post_logo":"","sponsored_post_desc":""},"jnews_primary_category":{"id":""},"jnews_social_meta":{"fb_title":"","fb_description":"","fb_image":"","twitter_title":"","twitter_description":"","twitter_image":""},"jnews_review":[],"enable_review":"","type":"percentage","name":"","summary":"","brand":"","sku":"","good":[{"good_text":""}],"bad":[{"bad_text":""}],"score_override":"","override_value":"","rating":[{"rating_text":"","rating_number":"10"}],"price":[{"shop":"","price":"","link":"","icon":""}],"jnews_override_counter":{"view_counter_number":"0","share_counter_number":"0","like_counter_number":"0","dislike_counter_number":"0"},"jnews_post_split":{"post_split":[{"template":"1","tag":"h2","numbering":"asc","mode":"normal","toc_type":"normal"}]},"footnotes":""},"categories":[18],"tags":[894],"class_list":["post-27675","post","type-post","status-publish","format-standard","has-post-thumbnail","hentry","category-nacionales","tag-reunion-cdn"],"jetpack_featured_media_url":"https:\/\/atecordoba.org\/wp-content\/uploads\/2021\/08\/240733606_10159495337964805_2700114654473180259_n-278x300-1.jpg","_links":{"self":[{"href":"https:\/\/atecordoba.org\/index.php?rest_route=\/wp\/v2\/posts\/27675","targetHints":{"allow":["GET"]}}],"collection":[{"href":"https:\/\/atecordoba.org\/index.php?rest_route=\/wp\/v2\/posts"}],"about":[{"href":"https:\/\/atecordoba.org\/index.php?rest_route=\/wp\/v2\/types\/post"}],"author":[{"embeddable":true,"href":"https:\/\/atecordoba.org\/index.php?rest_route=\/wp\/v2\/users\/7"}],"replies":[{"embeddable":true,"href":"https:\/\/atecordoba.org\/index.php?rest_route=%2Fwp%2Fv2%2Fcomments&post=27675"}],"version-history":[{"count":1,"href":"https:\/\/atecordoba.org\/index.php?rest_route=\/wp\/v2\/posts\/27675\/revisions"}],"predecessor-version":[{"id":27679,"href":"https:\/\/atecordoba.org\/index.php?rest_route=\/wp\/v2\/posts\/27675\/revisions\/27679"}],"wp:featuredmedia":[{"embeddable":true,"href":"https:\/\/atecordoba.org\/index.php?rest_route=\/wp\/v2\/media\/27678"}],"wp:attachment":[{"href":"https:\/\/atecordoba.org\/index.php?rest_route=%2Fwp%2Fv2%2Fmedia&parent=27675"}],"wp:term":[{"taxonomy":"category","embeddable":true,"href":"https:\/\/atecordoba.org\/index.php?rest_route=%2Fwp%2Fv2%2Fcategories&post=27675"},{"taxonomy":"post_tag","embeddable":true,"href":"https:\/\/atecordoba.org\/index.php?rest_route=%2Fwp%2Fv2%2Ftags&post=27675"}],"curies":[{"name":"wp","href":"https:\/\/api.w.org\/{rel}","templated":true}]}}