{"id":27667,"date":"2021-08-31T11:28:36","date_gmt":"2021-08-31T14:28:36","guid":{"rendered":"https:\/\/atecordoba.org\/?p=27667"},"modified":"2021-09-01T14:02:10","modified_gmt":"2021-09-01T17:02:10","slug":"entrevista-a-federico-giuliani-hace-falta-un-programa-politico-que-de-centralidad-a-la-clase-trabajadora","status":"publish","type":"post","link":"https:\/\/atecordoba.org\/?p=27667","title":{"rendered":"Entrevista a Federico Giuliani:  &#8220;hace falta un programa pol\u00edtico que d\u00e9 centralidad a la clase trabajadora&#8221;"},"content":{"rendered":"\n<figure class=\"wp-block-gallery columns-2 is-cropped wp-block-gallery-1 is-layout-flex wp-block-gallery-is-layout-flex\"><ul class=\"blocks-gallery-grid\"><li class=\"blocks-gallery-item\"><figure><a href=\"https:\/\/atecordoba.org\/wp-content\/uploads\/2021\/09\/Mesa-de-trabajo-5-80.jpg\"><img loading=\"lazy\" decoding=\"async\" width=\"1024\" height=\"1024\" src=\"https:\/\/atecordoba.org\/wp-content\/uploads\/2021\/09\/Mesa-de-trabajo-5-80-1024x1024.jpg\" alt=\"\" data-id=\"27695\" data-full-url=\"https:\/\/atecordoba.org\/wp-content\/uploads\/2021\/09\/Mesa-de-trabajo-5-80.jpg\" data-link=\"https:\/\/atecordoba.org\/?attachment_id=27695\" class=\"wp-image-27695\" srcset=\"https:\/\/atecordoba.org\/wp-content\/uploads\/2021\/09\/Mesa-de-trabajo-5-80-1024x1024.jpg 1024w, https:\/\/atecordoba.org\/wp-content\/uploads\/2021\/09\/Mesa-de-trabajo-5-80-300x300.jpg 300w, https:\/\/atecordoba.org\/wp-content\/uploads\/2021\/09\/Mesa-de-trabajo-5-80-150x150.jpg 150w, https:\/\/atecordoba.org\/wp-content\/uploads\/2021\/09\/Mesa-de-trabajo-5-80-768x768.jpg 768w, https:\/\/atecordoba.org\/wp-content\/uploads\/2021\/09\/Mesa-de-trabajo-5-80-560x560.jpg 560w, https:\/\/atecordoba.org\/wp-content\/uploads\/2021\/09\/Mesa-de-trabajo-5-80-75x75.jpg 75w, https:\/\/atecordoba.org\/wp-content\/uploads\/2021\/09\/Mesa-de-trabajo-5-80-350x350.jpg 350w, https:\/\/atecordoba.org\/wp-content\/uploads\/2021\/09\/Mesa-de-trabajo-5-80-750x750.jpg 750w, https:\/\/atecordoba.org\/wp-content\/uploads\/2021\/09\/Mesa-de-trabajo-5-80-1140x1140.jpg 1140w, https:\/\/atecordoba.org\/wp-content\/uploads\/2021\/09\/Mesa-de-trabajo-5-80.jpg 1498w\" sizes=\"auto, (max-width: 1024px) 100vw, 1024px\" \/><\/a><\/figure><\/li><li class=\"blocks-gallery-item\"><figure><a href=\"https:\/\/atecordoba.org\/wp-content\/uploads\/2021\/09\/Mesa-de-trabajo-2-80.jpg\"><img loading=\"lazy\" decoding=\"async\" width=\"1024\" height=\"1024\" src=\"https:\/\/atecordoba.org\/wp-content\/uploads\/2021\/09\/Mesa-de-trabajo-2-80-1024x1024.jpg\" alt=\"\" data-id=\"27692\" data-full-url=\"https:\/\/atecordoba.org\/wp-content\/uploads\/2021\/09\/Mesa-de-trabajo-2-80.jpg\" data-link=\"https:\/\/atecordoba.org\/?attachment_id=27692\" class=\"wp-image-27692\" srcset=\"https:\/\/atecordoba.org\/wp-content\/uploads\/2021\/09\/Mesa-de-trabajo-2-80-1024x1024.jpg 1024w, https:\/\/atecordoba.org\/wp-content\/uploads\/2021\/09\/Mesa-de-trabajo-2-80-300x300.jpg 300w, https:\/\/atecordoba.org\/wp-content\/uploads\/2021\/09\/Mesa-de-trabajo-2-80-150x150.jpg 150w, https:\/\/atecordoba.org\/wp-content\/uploads\/2021\/09\/Mesa-de-trabajo-2-80-768x768.jpg 768w, https:\/\/atecordoba.org\/wp-content\/uploads\/2021\/09\/Mesa-de-trabajo-2-80-560x560.jpg 560w, https:\/\/atecordoba.org\/wp-content\/uploads\/2021\/09\/Mesa-de-trabajo-2-80-75x75.jpg 75w, https:\/\/atecordoba.org\/wp-content\/uploads\/2021\/09\/Mesa-de-trabajo-2-80-350x350.jpg 350w, https:\/\/atecordoba.org\/wp-content\/uploads\/2021\/09\/Mesa-de-trabajo-2-80-750x750.jpg 750w, https:\/\/atecordoba.org\/wp-content\/uploads\/2021\/09\/Mesa-de-trabajo-2-80-1140x1140.jpg 1140w, https:\/\/atecordoba.org\/wp-content\/uploads\/2021\/09\/Mesa-de-trabajo-2-80.jpg 1498w\" sizes=\"auto, (max-width: 1024px) 100vw, 1024px\" \/><\/a><\/figure><\/li><\/ul><\/figure>\n\n\n\n<p>&#8220;Para nosotros es un orgullo formar parte de este panel que va a hablar sobre los desaf\u00edos del movimiento obrero en Argentina, con Pablo Moyano, Daniel Yofra, Lito Borello de la UTEP. Primero que nos tengan en cuenta. Estar sentado en esa mesa de discusi\u00f3n, siendo un dirigente del interior que est\u00e1 haciendo sus primeros pasos en C\u00f3rdoba Capital, es muy importante&#8221;, dijo Federico Giuliani, en una entrevista concedida al programa televisivo Vida Sindical.<\/p>\n\n\n\n<p>La nota se refiere al encuentro de debate virtual realizado la semana pasada que convoc\u00f3 a cientos de compa\u00f1eros y compa\u00f1eras por zoom a debatir sobre al realidad del movimiento obrero. <\/p>\n\n\n\n<p>&#8220;Hablamos de la unidad, de la solidaridad, de reagrupar al campo popular y evitar la dispersi\u00f3n que hay actualmente por los personalismos e individualismos, los sectarismos. Son cuatro siglas distintas compartiendo un diagn\u00f3stico, porque no sirve si le va bien a uno de los sectores que es pate de la cadena productiva en Argentina, pero al resto no. Los aceiteros sacaron la mejor paritaria nacional, con un piso de sueldos de 100 mil pesos. Pero los estatales no llegamos a cobrar para superar la l\u00ednea de la pobreza. Los desaf\u00edos son que la pospandemia nos encuentre agrupados, no solo para discutir las reivindicaciones del Movimiento Obrero sino plantear un programa que nos vuelva ubicar en escena y que ponga en agenda que los trabajadores no solo discutimos convenios colectivos o salario, sino que queremos discutir un proyecto de pa\u00eds&#8221;, sostuvo Giuliani.<\/p>\n\n\n\n<div class=\"wp-block-image is-style-default\"><figure class=\"alignright size-large is-resized\"><img loading=\"lazy\" decoding=\"async\" src=\"https:\/\/atecordoba.org\/wp-content\/uploads\/2021\/08\/Captura-de-pantalla-2021-08-31-111618-1024x435.jpg\" alt=\"\" class=\"wp-image-27670\" width=\"466\" height=\"198\" srcset=\"https:\/\/atecordoba.org\/wp-content\/uploads\/2021\/08\/Captura-de-pantalla-2021-08-31-111618-1024x435.jpg 1024w, https:\/\/atecordoba.org\/wp-content\/uploads\/2021\/08\/Captura-de-pantalla-2021-08-31-111618-300x127.jpg 300w, https:\/\/atecordoba.org\/wp-content\/uploads\/2021\/08\/Captura-de-pantalla-2021-08-31-111618-768x326.jpg 768w, https:\/\/atecordoba.org\/wp-content\/uploads\/2021\/08\/Captura-de-pantalla-2021-08-31-111618-750x318.jpg 750w, https:\/\/atecordoba.org\/wp-content\/uploads\/2021\/08\/Captura-de-pantalla-2021-08-31-111618.jpg 1107w\" sizes=\"auto, (max-width: 466px) 100vw, 466px\" \/><\/figure><\/div>\n\n\n\n<p><strong>Las instituciones sindicales son herramientas sumamente poderosas de los trabajadores para que eso ocurra, pero hay que ponerlas en marcha<\/strong>.<\/p>\n\n\n\n<p>Totalmente. En Argentina cuatro de cada diez trabajadores est\u00e1n sindicalizados. Y eso nos muestra que todav\u00eda hay un territorio grande para crecer. Deber\u00edamos superar claramente ese n\u00famero a pesar que tenemos los mejores \u00edndices de sindicalizaci\u00f3n de la regi\u00f3n, es decir que Argentina sigue siendo de los pa\u00edses de mayor nivel de sindicalizaci\u00f3n de Latinoam\u00e9rica y el Caribey tenemos una historia que nos compromete con eso.<\/p>\n\n\n\n<p>Como dirigentes actuales tenemos un compromiso con esa historia, con esos m\u00e1rtires y h\u00e9roes que marcaron paginas muy importantes para el Movimiento Obrero, en el pa\u00eds en general y en el caso cordob\u00e9s en particular. Tenemos ese desaf\u00edo por delante, nos parece fundamental dejar de lado cualquier matiz para poner sobre la mesa dos o tres coincidencias que nos permitan llegar a un puerto, desde abajo para arriba para poder cambiar las formas de la superestructura, ya que muchas veces estamos atados a que los acuerdos se den en capital federal o a nivel nacional. En este caso f\u00edjese que quienes participamos somos dirigentes que no estamos permanentemente en la escena de la pol\u00edtica nacional.<\/p>\n\n\n\n<p>Pablo Moyano seguramente dar\u00e1 la disputa por conducir la CGT, Daniel Yofra es muy cr\u00edtico de la actual conducci\u00f3n cegetista, la UTEP es una pata nueva de organizaci\u00f3n de la econom\u00eda popular, y nosotros como ATE y CTA desde C\u00f3rdoba.<\/p>\n\n\n<p><iframe loading=\"lazy\" width=\"560\" height=\"315\" src=\"https:\/\/www.youtube.com\/embed\/cBpZ-jXDN7s\" title=\"YouTube video player\" frameborder=\"0\" allow=\"accelerometer; autoplay; clipboard-write; encrypted-media; gyroscope; picture-in-picture\" allowfullscreen><\/iframe><\/p>\n\n\n\n<p><strong>El camino de la unidad se ve como la alternativa para mejorar las condiciones de trabajo en general.<\/strong><\/p>\n\n\n\n<p>Creemos que m\u00e1s all\u00e1 de las siglas y las organizaciones, que tienen su historia, su identidad y su autonom\u00eda, la centralidad est\u00e1 en la clase trabajadora y lo importante que esa centralidad se traslade a la escena pol\u00edtica, para que la pospandemia nos tenga como columna vertebral de un nuevo proyecto de liberaci\u00f3n nacional. Hoy se habla del cupo que tiene el movimiento obrero en las listas, qu\u00e9 ministerio puede llegar a cubrir un trabajador o una trabajadora, pero la verdades que si solo discutimos cupos y cargos no vamos a cambiar nada. Nosotros tenemos que volver a ocupar la centralidad para poner en agenda los problemas reales. Hoy ninguno de los candidatos de las fuerzas principales tiene en agenda los problemas de las y los trabajadores. No se habla de la desocupaci\u00f3n, de la pobreza y del hambre; para los que tenemos trabajo, no se habla de la informalidad laboral, de la precarizaci\u00f3n, de las condiciones en que trabajamos. Si ellos no nos ponen en agenda, sabiendo que los gobiernos est\u00e1n cuatro a\u00f1os pero el poder real lo tienen los grupos concentrados, nosotros debemos apuntar a la clase obrera por actor central para recuperar el concepto de \u2018masa\u2019, no solo en la calle.<\/p>\n\n\n\n<p>Todos los que participamos de la actividad estuvimos en la pelea para resistir primero al macrismo en la calle y despu\u00e9s para que se vaya y venga un gobierno popular. Pero ahora necesitamos un programa pol\u00edtico que nos vuelva a poner en escena.<\/p>\n\n\n\n<p><strong>Que se haga en funci\u00f3n de la gente que menos tiene.<\/strong><\/p>\n\n\n\n<p>Seguramente, tenemos que lograr que el proyecto involucre a las mayor\u00edas. Hoy el Estado, por ejemplo, puede seguir favoreciendo a las minor\u00edas, a la oligarqu\u00eda y los terratenientes, o que sea el artefacto para que la comunidad se organice pol\u00edticamente. Nosotros vamos por la segunda opci\u00f3n, para el beneficio de las mayor\u00edas populares construimos una fuerza que en el d\u00eda a d\u00eda pelee por nuestros derechos pero que tambi\u00e9n la pueda traducir en una propuesta pol\u00edtica concreta.<\/p>\n\n\n\n<div class=\"wp-block-image is-style-default\"><figure class=\"alignleft size-large is-resized\"><img loading=\"lazy\" decoding=\"async\" src=\"https:\/\/atecordoba.org\/wp-content\/uploads\/2021\/08\/Captura-de-pantalla-2021-08-31-111732-1024x490.jpg\" alt=\"\" class=\"wp-image-27671\" width=\"460\" height=\"220\" srcset=\"https:\/\/atecordoba.org\/wp-content\/uploads\/2021\/08\/Captura-de-pantalla-2021-08-31-111732-1024x490.jpg 1024w, https:\/\/atecordoba.org\/wp-content\/uploads\/2021\/08\/Captura-de-pantalla-2021-08-31-111732-300x144.jpg 300w, https:\/\/atecordoba.org\/wp-content\/uploads\/2021\/08\/Captura-de-pantalla-2021-08-31-111732-768x368.jpg 768w, https:\/\/atecordoba.org\/wp-content\/uploads\/2021\/08\/Captura-de-pantalla-2021-08-31-111732-750x359.jpg 750w, https:\/\/atecordoba.org\/wp-content\/uploads\/2021\/08\/Captura-de-pantalla-2021-08-31-111732.jpg 1113w\" sizes=\"auto, (max-width: 460px) 100vw, 460px\" \/><\/figure><\/div>\n\n\n\n<p>En este contexto, lo importante es encontrarnos con estos grandes dirigentes y entendemos que es un puntapi\u00e9 para otras actividades en com\u00fan donde nos podamos encontrar &nbsp;y debatir para tirar sobre la mesa las ideas en com\u00fan, para trabajar a partir de ah\u00ed con una mirada desde abajo para arriba, desde el interior al puerto y desde dirigentes no tan conocidos que puedan construir una unidad, una solidaridad y un agrupamiento ante esta gran dispersi\u00f3n que tiene el movimiento obrero en Argentina. &nbsp;<\/p>\n\n\n\n<p><strong>Ser\u00eda importante que esto se traslade a otros dirigentes de nuestra provincia.<\/strong><\/p>\n\n\n\n<p>Entendemos que la unidad no se decreta, sino que hay que construirla, hay muchos y muchas dirigentes valiosas, pero nos falta encontrarnos. Lamentablemente el d\u00eda a d\u00eda nos condiciona porque la vor\u00e1gine de la problem\u00e1tica laboral nos lleva el d\u00eda entero, m\u00e1s en organizaciones como la nuestra donde estamos poco en la oficina y mucho en la calle, en las asambleas, recorriendo los sectores de trabajo. Ah\u00ed no solo est\u00e1n los problemas sino las soluciones para resolverlos.<\/p>\n\n\n\n<p>Nos falta parar un poco la pelota, debatir y dejar de lado sectarismos y personalismos. Lo dec\u00eda Atilio L\u00f3pez, Elpidio Torres y H\u00e9ctor la perra Castro o Agust\u00edn Tosco. Ojal\u00e1 que nos podamos encontrar, no solo por nuestro bien y de los afiliados actuales sino para construir un movimiento obrero diferente en C\u00f3rdoba.<\/p>\n\n\n\n<figure class=\"wp-block-gallery columns-2 is-cropped wp-block-gallery-2 is-layout-flex wp-block-gallery-is-layout-flex\"><ul class=\"blocks-gallery-grid\"><li class=\"blocks-gallery-item\"><figure><a href=\"https:\/\/atecordoba.org\/wp-content\/uploads\/2021\/09\/Mesa-de-trabajo-4-80.jpg\"><img loading=\"lazy\" decoding=\"async\" width=\"1024\" height=\"1024\" src=\"https:\/\/atecordoba.org\/wp-content\/uploads\/2021\/09\/Mesa-de-trabajo-4-80-1024x1024.jpg\" alt=\"\" data-id=\"27694\" data-full-url=\"https:\/\/atecordoba.org\/wp-content\/uploads\/2021\/09\/Mesa-de-trabajo-4-80.jpg\" data-link=\"https:\/\/atecordoba.org\/?attachment_id=27694\" class=\"wp-image-27694\" srcset=\"https:\/\/atecordoba.org\/wp-content\/uploads\/2021\/09\/Mesa-de-trabajo-4-80-1024x1024.jpg 1024w, https:\/\/atecordoba.org\/wp-content\/uploads\/2021\/09\/Mesa-de-trabajo-4-80-300x300.jpg 300w, https:\/\/atecordoba.org\/wp-content\/uploads\/2021\/09\/Mesa-de-trabajo-4-80-150x150.jpg 150w, https:\/\/atecordoba.org\/wp-content\/uploads\/2021\/09\/Mesa-de-trabajo-4-80-768x768.jpg 768w, https:\/\/atecordoba.org\/wp-content\/uploads\/2021\/09\/Mesa-de-trabajo-4-80-560x560.jpg 560w, https:\/\/atecordoba.org\/wp-content\/uploads\/2021\/09\/Mesa-de-trabajo-4-80-75x75.jpg 75w, https:\/\/atecordoba.org\/wp-content\/uploads\/2021\/09\/Mesa-de-trabajo-4-80-350x350.jpg 350w, https:\/\/atecordoba.org\/wp-content\/uploads\/2021\/09\/Mesa-de-trabajo-4-80-750x750.jpg 750w, https:\/\/atecordoba.org\/wp-content\/uploads\/2021\/09\/Mesa-de-trabajo-4-80-1140x1140.jpg 1140w, https:\/\/atecordoba.org\/wp-content\/uploads\/2021\/09\/Mesa-de-trabajo-4-80.jpg 1498w\" sizes=\"auto, (max-width: 1024px) 100vw, 1024px\" \/><\/a><\/figure><\/li><li class=\"blocks-gallery-item\"><figure><a href=\"https:\/\/atecordoba.org\/wp-content\/uploads\/2021\/09\/Mesa-de-trabajo-3-80.jpg\"><img loading=\"lazy\" decoding=\"async\" width=\"1024\" height=\"1024\" src=\"https:\/\/atecordoba.org\/wp-content\/uploads\/2021\/09\/Mesa-de-trabajo-3-80-1024x1024.jpg\" alt=\"\" data-id=\"27693\" data-full-url=\"https:\/\/atecordoba.org\/wp-content\/uploads\/2021\/09\/Mesa-de-trabajo-3-80.jpg\" data-link=\"https:\/\/atecordoba.org\/?attachment_id=27693\" class=\"wp-image-27693\" srcset=\"https:\/\/atecordoba.org\/wp-content\/uploads\/2021\/09\/Mesa-de-trabajo-3-80-1024x1024.jpg 1024w, https:\/\/atecordoba.org\/wp-content\/uploads\/2021\/09\/Mesa-de-trabajo-3-80-300x300.jpg 300w, https:\/\/atecordoba.org\/wp-content\/uploads\/2021\/09\/Mesa-de-trabajo-3-80-150x150.jpg 150w, https:\/\/atecordoba.org\/wp-content\/uploads\/2021\/09\/Mesa-de-trabajo-3-80-768x768.jpg 768w, https:\/\/atecordoba.org\/wp-content\/uploads\/2021\/09\/Mesa-de-trabajo-3-80-560x560.jpg 560w, https:\/\/atecordoba.org\/wp-content\/uploads\/2021\/09\/Mesa-de-trabajo-3-80-75x75.jpg 75w, https:\/\/atecordoba.org\/wp-content\/uploads\/2021\/09\/Mesa-de-trabajo-3-80-350x350.jpg 350w, https:\/\/atecordoba.org\/wp-content\/uploads\/2021\/09\/Mesa-de-trabajo-3-80-750x750.jpg 750w, https:\/\/atecordoba.org\/wp-content\/uploads\/2021\/09\/Mesa-de-trabajo-3-80-1140x1140.jpg 1140w, https:\/\/atecordoba.org\/wp-content\/uploads\/2021\/09\/Mesa-de-trabajo-3-80.jpg 1498w\" sizes=\"auto, (max-width: 1024px) 100vw, 1024px\" \/><\/a><\/figure><\/li><\/ul><\/figure>\n","protected":false},"excerpt":{"rendered":"<p>&#8220;Para nosotros es un orgullo formar parte de este panel que va a hablar sobre los desaf\u00edos del movimiento obrero en Argentina, con Pablo Moyano, Daniel Yofra, Lito Borello de la UTEP. Primero que nos tengan en cuenta. Estar sentado en esa mesa de discusi\u00f3n, siendo un dirigente del interior que est\u00e1 haciendo sus primeros [&hellip;]<\/p>\n","protected":false},"author":7,"featured_media":27671,"comment_status":"open","ping_status":"open","sticky":false,"template":"","format":"standard","meta":{"_exactmetrics_skip_tracking":false,"_exactmetrics_sitenote_active":false,"_exactmetrics_sitenote_note":"","_exactmetrics_sitenote_category":0,"jnews-multi-image_gallery":[],"jnews_single_post":{"subtitle":"","format":"standard","video":"","gallery":"","source_name":"","source_url":"","via_name":"","via_url":"","override":[{"template":"1","single_blog_custom":"","parallax":"1","fullscreen":"1","layout":"right-sidebar","sidebar":"default-sidebar","second_sidebar":"default-sidebar","sticky_sidebar":"1","share_position":"top","share_float_style":"share-monocrhome","show_share_counter":"1","show_view_counter":"1","show_featured":"1","show_post_meta":"1","show_post_author":"1","show_post_author_image":"1","show_post_date":"1","post_date_format":"default","post_date_format_custom":"Y\/m\/d","show_post_category":"1","post_reading_time_wpm":"300","zoom_button_out_step":"2","zoom_button_in_step":"3","show_post_tag":"1","show_prev_next_post":"1","show_popup_post":"1","number_popup_post":"1"}],"image_override":[{"single_post_thumbnail_size":"crop-500","single_post_gallery_size":"crop-500"}],"trending_post_position":"meta","trending_post_label":"Trending","sponsored_post_label":"Sponsored by","sponsored_post_name":"","sponsored_post_url":"","sponsored_post_logo":"","sponsored_post_desc":""},"jnews_primary_category":{"id":""},"jnews_social_meta":{"fb_title":"","fb_description":"","fb_image":"","twitter_title":"","twitter_description":"","twitter_image":""},"jnews_review":[],"enable_review":"","type":"percentage","name":"","summary":"","brand":"","sku":"","good":[{"good_text":""}],"bad":[{"bad_text":""}],"score_override":"","override_value":"","rating":[{"rating_text":"","rating_number":"10"}],"price":[{"shop":"","price":"","link":"","icon":""}],"jnews_override_counter":{"view_counter_number":"0","share_counter_number":"0","like_counter_number":"0","dislike_counter_number":"0"},"jnews_post_split":{"post_split":[{"template":"1","tag":"h2","numbering":"asc","mode":"normal","toc_type":"normal"}]},"footnotes":""},"categories":[10],"tags":[744],"class_list":["post-27667","post","type-post","status-publish","format-standard","has-post-thumbnail","hentry","category-accion-politica","tag-movimiento-obrero"],"jetpack_featured_media_url":"https:\/\/atecordoba.org\/wp-content\/uploads\/2021\/08\/Captura-de-pantalla-2021-08-31-111732.jpg","_links":{"self":[{"href":"https:\/\/atecordoba.org\/index.php?rest_route=\/wp\/v2\/posts\/27667","targetHints":{"allow":["GET"]}}],"collection":[{"href":"https:\/\/atecordoba.org\/index.php?rest_route=\/wp\/v2\/posts"}],"about":[{"href":"https:\/\/atecordoba.org\/index.php?rest_route=\/wp\/v2\/types\/post"}],"author":[{"embeddable":true,"href":"https:\/\/atecordoba.org\/index.php?rest_route=\/wp\/v2\/users\/7"}],"replies":[{"embeddable":true,"href":"https:\/\/atecordoba.org\/index.php?rest_route=%2Fwp%2Fv2%2Fcomments&post=27667"}],"version-history":[{"count":3,"href":"https:\/\/atecordoba.org\/index.php?rest_route=\/wp\/v2\/posts\/27667\/revisions"}],"predecessor-version":[{"id":27696,"href":"https:\/\/atecordoba.org\/index.php?rest_route=\/wp\/v2\/posts\/27667\/revisions\/27696"}],"wp:featuredmedia":[{"embeddable":true,"href":"https:\/\/atecordoba.org\/index.php?rest_route=\/wp\/v2\/media\/27671"}],"wp:attachment":[{"href":"https:\/\/atecordoba.org\/index.php?rest_route=%2Fwp%2Fv2%2Fmedia&parent=27667"}],"wp:term":[{"taxonomy":"category","embeddable":true,"href":"https:\/\/atecordoba.org\/index.php?rest_route=%2Fwp%2Fv2%2Fcategories&post=27667"},{"taxonomy":"post_tag","embeddable":true,"href":"https:\/\/atecordoba.org\/index.php?rest_route=%2Fwp%2Fv2%2Ftags&post=27667"}],"curies":[{"name":"wp","href":"https:\/\/api.w.org\/{rel}","templated":true}]}}