{"id":2765,"date":"2013-05-23T19:14:59","date_gmt":"2013-05-23T22:14:59","guid":{"rendered":"http:\/\/www.atecordoba.org\/?p=2765"},"modified":"2013-05-23T19:14:59","modified_gmt":"2013-05-23T22:14:59","slug":"se-presento-el-departamento-de-salud-laboral","status":"publish","type":"post","link":"https:\/\/atecordoba.org\/?p=2765","title":{"rendered":"Se present\u00f3 el Departamento de Salud Laboral"},"content":{"rendered":"<p><em>Con la presencia del compa\u00f1ero Beto Galeano, encargado nacional del Departamento de Condiciones y Medio Ambiente de Trabajo (CYMAT-ATE) el Concejo Directivo Provincial present\u00f3 el Departamento de Salud Laboral. Alrededor de 60 compa\u00f1eros presenciaron la actividad que se propone hacer un aporte sustancial en an\u00e1lisis de las condiciones de trabajo en las dependencias del Estado en C\u00f3rdoba, tanto en el \u00a0nivel nacional, provincial \u00a0y municipal.<\/em><\/p>\n<p><a href=\"http:\/\/www.atecordoba.org\/wp-content\/uploads\/2013\/05\/foto-12.jpg\"><img loading=\"lazy\" decoding=\"async\" class=\"aligncenter size-full wp-image-2766\" title=\"foto 1\" src=\"http:\/\/www.atecordoba.org\/wp-content\/uploads\/2013\/05\/foto-12.jpg\" alt=\"\" width=\"800\" height=\"600\" \/><\/a><\/p>\n<p>Con el objetivo de prevenir, diagnosticar y proponer alternativas de soluci\u00f3n sobre las condiciones de trabajo y medio ambiente, el<br \/>\nConcejo Directivo Provincial present\u00f3 hoy \u00a0el Departamento de Salud Laboral de ATE C\u00f3rdoba. Se trata de una nueva dependencia de nuestro gremio nacida a partir de la iniciativa de un grupo de compa\u00f1eros delegados y afiliados el a\u00f1o pasado.<\/p>\n<p>El acto se realiz\u00f3 en el sal\u00f3n de nuestro gremio y fue encabezado pro nuestra secretaria General, Mar\u00eda Teresa Romero, junto al secretariado provincial. En la oportunidad, se cont\u00f3 con la presencia del compa\u00f1ero Beto Galeano, encargado del\u00a0CYMAT-ATE, que realiza el mismo trabajo a nivel nacional. Tambi\u00e9n se acercaron los secretarios Generales de la CTA Provincia y CTA Capital, Oscar Mengarelli y Guido Dreizik respectivamente, y el director del ISLyMA-CTA Eduardo Ahamendaburu.<\/p>\n<p>El nuevo departamento est\u00e1 coordinado por la compa\u00f1era Susana Ju\u00e1rez (delegada Anses y vocal del CDP) y el equipo est\u00e1 integrado por Delicia <a href=\"http:\/\/www.atecordoba.org\/wp-content\/uploads\/2013\/05\/foto-23.jpg\"><img loading=\"lazy\" decoding=\"async\" class=\"alignleft size-medium wp-image-2767\" title=\"foto 2\" src=\"http:\/\/www.atecordoba.org\/wp-content\/uploads\/2013\/05\/foto-23-300x225.jpg\" alt=\"\" width=\"300\" height=\"225\" \/><\/a>Arce Salazar (delegada Hospital C\u00f3rdoba), Bernabella R\u00edos (afiliada Anses), Alejandra Agnone (delegada Senasa), Daniel Fenoglio (Gendamer\u00eda), Santiago Beliz\u00e1n (delegado Hospital de Ni\u00f1os), Carlos Victorel \u00a0y Francisco Pav\u00e1n (delegados no docentes UNC) y Carlos Baz\u00e1n (guardaparques provinciales).<\/p>\n<p>En un comienzo, Mar\u00eda Teresa Romero dijo que estaba muy contenta con la iniciativa y auspici\u00f3 su continuidad &#8220;para la socializaci\u00f3n del conocimiento de todos los factores f\u00edsicos y sociales que inciden en las tareas en los lugares de trabajo&#8221;. \u00a0A su turno, Susana Ju\u00e1rez present\u00f3 el equipo de trabajo e inform\u00f3 sobre las actividades realizadas y la agenda que se proyecta llevar a cabo en lo que resta del a\u00f1o, a la vez que invit\u00f3 a la participaci\u00f3n de todos los afiliados en el Departamento.<\/p>\n<p>Por su parte, Beto Galeano hizo una exposici\u00f3n sobre las consecuencias en la salud de las malas condiciones de trabajo y desarroll\u00f3 los principales puntos sobre los que se funda la l\u00ednea de trabajo a nivel Nacional. &#8220;Todo tiene un contenido pol\u00edtico y su gravitancia es clave para entender porque mueren miles de trabajadores cada a\u00f1o<a href=\"http:\/\/www.atecordoba.org\/wp-content\/uploads\/2013\/05\/foto-33.jpg\"><img loading=\"lazy\" decoding=\"async\" class=\"alignright size-medium wp-image-2769\" title=\"foto 3\" src=\"http:\/\/www.atecordoba.org\/wp-content\/uploads\/2013\/05\/foto-33-300x225.jpg\" alt=\"\" width=\"300\" height=\"225\" \/><\/a> en nuestro pa\u00eds a consecuencia de las enfermedades que se generan en el trabajo. Tomamos el conocimiento que aportan los compa\u00f1eros y los multiplicamos en el resto del colectivo, porque no debemos naturalizar lo malo que nos pasa en el \u00a0sector de trabajo. Para nosotros la salud no tiene precio ni es un bien comercial &#8220;, se\u00f1al\u00f3.<\/p>\n<p>Tambi\u00e9n integr\u00f3 el panel el asesor letrado de ATE, Eugenio Biafore, para remarcar sobre &#8220;la nociva organizaci\u00f3n del trabajo que imponen las patronales para maximizar las ganancias a costa la salud de los trabajadores. Esto tambi\u00e9n se aplica para los trabajadores del Estado. La defensa de salud en los lugares de trabajo no es un problema individual sino colectivo, por eso debemos estar organizados para abordarlo&#8221;. El abogado se manifest\u00f3 tambi\u00e9n en contra de la Ley de ART que se aprob\u00f3 este a\u00f1o y desarroll\u00f3 los principales puntos sujetos a la cr\u00edtica de ATE y CTA. Biafore es coautor del proyecto alternativo para crear un sistema estatal de prevenci\u00f3n de riesgos de trabajo que present\u00f3 V\u00edctor De Gennaro en la C\u00e1mara de Diputados.<\/p>\n<p>El acto cont\u00f3 con la participaci\u00f3n de compa\u00f1eros de Villa Mar\u00eda, Jes\u00fas Mar\u00eda y Chaco.<\/p>\n\n<p>&nbsp;<\/p>\n","protected":false},"excerpt":{"rendered":"<p>Con la presencia del compa\u00f1ero Beto Galeano, encargado nacional del Departamento de Condiciones y Medio Ambiente de Trabajo (CYMAT-ATE) el Concejo Directivo Provincial present\u00f3 el Departamento de Salud Laboral. Alrededor de 60 compa\u00f1eros presenciaron la actividad que se propone hacer un aporte sustancial en an\u00e1lisis de las condiciones de trabajo en las dependencias del Estado [&hellip;]<\/p>\n","protected":false},"author":1,"featured_media":19220,"comment_status":"open","ping_status":"open","sticky":false,"template":"","format":"standard","meta":{"_exactmetrics_skip_tracking":false,"_exactmetrics_sitenote_active":false,"_exactmetrics_sitenote_note":"","_exactmetrics_sitenote_category":0,"jnews-multi-image_gallery":[],"jnews_single_post":[],"jnews_primary_category":[],"jnews_social_meta":[],"jnews_review":[],"enable_review":"","type":"","name":"","summary":"","brand":"","sku":"","good":[],"bad":[],"score_override":"","override_value":"","rating":[],"price":[],"jnews_override_counter":[],"jnews_post_split":[],"footnotes":""},"categories":[18],"tags":[],"class_list":["post-2765","post","type-post","status-publish","format-standard","has-post-thumbnail","hentry","category-nacionales"],"jetpack_featured_media_url":"https:\/\/atecordoba.org\/wp-content\/uploads\/2020\/05\/logo-nuevochico-e1561581322808.png","_links":{"self":[{"href":"https:\/\/atecordoba.org\/index.php?rest_route=\/wp\/v2\/posts\/2765","targetHints":{"allow":["GET"]}}],"collection":[{"href":"https:\/\/atecordoba.org\/index.php?rest_route=\/wp\/v2\/posts"}],"about":[{"href":"https:\/\/atecordoba.org\/index.php?rest_route=\/wp\/v2\/types\/post"}],"author":[{"embeddable":true,"href":"https:\/\/atecordoba.org\/index.php?rest_route=\/wp\/v2\/users\/1"}],"replies":[{"embeddable":true,"href":"https:\/\/atecordoba.org\/index.php?rest_route=%2Fwp%2Fv2%2Fcomments&post=2765"}],"version-history":[{"count":0,"href":"https:\/\/atecordoba.org\/index.php?rest_route=\/wp\/v2\/posts\/2765\/revisions"}],"wp:featuredmedia":[{"embeddable":true,"href":"https:\/\/atecordoba.org\/index.php?rest_route=\/wp\/v2\/media\/19220"}],"wp:attachment":[{"href":"https:\/\/atecordoba.org\/index.php?rest_route=%2Fwp%2Fv2%2Fmedia&parent=2765"}],"wp:term":[{"taxonomy":"category","embeddable":true,"href":"https:\/\/atecordoba.org\/index.php?rest_route=%2Fwp%2Fv2%2Fcategories&post=2765"},{"taxonomy":"post_tag","embeddable":true,"href":"https:\/\/atecordoba.org\/index.php?rest_route=%2Fwp%2Fv2%2Ftags&post=2765"}],"curies":[{"name":"wp","href":"https:\/\/api.w.org\/{rel}","templated":true}]}}