{"id":27554,"date":"2021-08-30T10:26:06","date_gmt":"2021-08-30T13:26:06","guid":{"rendered":"https:\/\/atecordoba.org\/?p=27554"},"modified":"2021-08-30T11:18:59","modified_gmt":"2021-08-30T14:18:59","slug":"capacitacion-en-adelia-maria","status":"publish","type":"post","link":"https:\/\/atecordoba.org\/?p=27554","title":{"rendered":"Las y los delegados municipales se forman en Adelia Mar\u00eda"},"content":{"rendered":"\n<div class=\"wp-block-image is-style-default\"><figure class=\"aligncenter size-large is-resized\"><img loading=\"lazy\" decoding=\"async\" src=\"https:\/\/atecordoba.org\/wp-content\/uploads\/2021\/08\/capacitacion4.jpg\" alt=\"\" class=\"wp-image-27555\" width=\"480\" height=\"360\" srcset=\"https:\/\/atecordoba.org\/wp-content\/uploads\/2021\/08\/capacitacion4.jpg 960w, https:\/\/atecordoba.org\/wp-content\/uploads\/2021\/08\/capacitacion4-300x225.jpg 300w, https:\/\/atecordoba.org\/wp-content\/uploads\/2021\/08\/capacitacion4-768x576.jpg 768w, https:\/\/atecordoba.org\/wp-content\/uploads\/2021\/08\/capacitacion4-750x563.jpg 750w\" sizes=\"auto, (max-width: 480px) 100vw, 480px\" \/><\/figure><\/div>\n\n\n\n<p>Con la presencia de delegados y delegadas de las localidades que integran la Seccional de Adelia Mar\u00eda, el pasado 19 de agosto se realiz\u00f3 un plenario de municipales a los fines de evaluar y planificar estrategias en el sur cordob\u00e9s.<\/p>\n\n\n\n<p>La capacitaci\u00f3n estuvo a cargo el asesor letrado, dr. Gaston Lagable.<\/p>\n\n\n\n<p>Adelia Mar\u00eda es una de las nuevas seccionales creadas por le Consejo Directivo Provincial a partir del importante crecimiento de afiliados y afiliadas estatales en el sur provincial.<\/p>\n","protected":false},"excerpt":{"rendered":"<p>Con la presencia de delegados y delegadas de las localidades que integran la Seccional de Adelia Mar\u00eda, el pasado 19 de agosto se realiz\u00f3 un plenario de municipales a los fines de evaluar y planificar estrategias en el sur cordob\u00e9s. La capacitaci\u00f3n estuvo a cargo el asesor letrado, dr. Gaston Lagable. Adelia Mar\u00eda es una [&hellip;]<\/p>\n","protected":false},"author":7,"featured_media":27555,"comment_status":"open","ping_status":"open","sticky":false,"template":"","format":"standard","meta":{"_exactmetrics_skip_tracking":false,"_exactmetrics_sitenote_active":false,"_exactmetrics_sitenote_note":"","_exactmetrics_sitenote_category":0,"jnews-multi-image_gallery":[],"jnews_single_post":{"subtitle":"Capacitaci\u00f3n de referentas y referentes de ATE en el sur provincial.","format":"standard","video":"","gallery":"","source_name":"","source_url":"","via_name":"","via_url":"","override":[{"template":"1","single_blog_custom":"","parallax":"1","fullscreen":"1","layout":"right-sidebar","sidebar":"default-sidebar","second_sidebar":"default-sidebar","sticky_sidebar":"1","share_position":"top","share_float_style":"share-monocrhome","show_share_counter":"1","show_view_counter":"1","show_featured":"1","show_post_meta":"1","show_post_author":"1","show_post_author_image":"1","show_post_date":"1","post_date_format":"default","post_date_format_custom":"Y\/m\/d","show_post_category":"1","post_reading_time_wpm":"300","zoom_button_out_step":"2","zoom_button_in_step":"3","show_post_tag":"1","show_prev_next_post":"1","show_popup_post":"1","number_popup_post":"1"}],"image_override":[{"single_post_thumbnail_size":"crop-500","single_post_gallery_size":"crop-500"}],"trending_post_position":"meta","trending_post_label":"Trending","sponsored_post_label":"Sponsored by","sponsored_post_name":"","sponsored_post_url":"","sponsored_post_logo":"","sponsored_post_desc":""},"jnews_primary_category":{"id":""},"jnews_social_meta":{"fb_title":"El pasado 19 de agosto se llev\u00f3 a cabo una capacitaci\u00f3n para delegados y delegadas municipales en la seccional Adel\u00eda Mar\u00eda. ","fb_description":"","fb_image":"","twitter_title":"","twitter_description":"","twitter_image":""},"jnews_review":[],"enable_review":"","type":"percentage","name":"","summary":"","brand":"","sku":"","good":[{"good_text":""}],"bad":[{"bad_text":""}],"score_override":"","override_value":"","rating":[{"rating_text":"","rating_number":"10"}],"price":[{"shop":"","price":"","link":"","icon":""}],"jnews_override_counter":{"view_counter_number":"0","share_counter_number":"0","like_counter_number":"0","dislike_counter_number":"0"},"jnews_post_split":{"post_split":[{"template":"1","tag":"h2","numbering":"asc","mode":"normal","toc_type":"normal"}]},"footnotes":""},"categories":[88,20],"tags":[],"class_list":["post-27554","post","type-post","status-publish","format-standard","has-post-thumbnail","hentry","category-formacion","category-municipales"],"jetpack_featured_media_url":"https:\/\/atecordoba.org\/wp-content\/uploads\/2021\/08\/capacitacion4.jpg","_links":{"self":[{"href":"https:\/\/atecordoba.org\/index.php?rest_route=\/wp\/v2\/posts\/27554","targetHints":{"allow":["GET"]}}],"collection":[{"href":"https:\/\/atecordoba.org\/index.php?rest_route=\/wp\/v2\/posts"}],"about":[{"href":"https:\/\/atecordoba.org\/index.php?rest_route=\/wp\/v2\/types\/post"}],"author":[{"embeddable":true,"href":"https:\/\/atecordoba.org\/index.php?rest_route=\/wp\/v2\/users\/7"}],"replies":[{"embeddable":true,"href":"https:\/\/atecordoba.org\/index.php?rest_route=%2Fwp%2Fv2%2Fcomments&post=27554"}],"version-history":[{"count":4,"href":"https:\/\/atecordoba.org\/index.php?rest_route=\/wp\/v2\/posts\/27554\/revisions"}],"predecessor-version":[{"id":27564,"href":"https:\/\/atecordoba.org\/index.php?rest_route=\/wp\/v2\/posts\/27554\/revisions\/27564"}],"wp:featuredmedia":[{"embeddable":true,"href":"https:\/\/atecordoba.org\/index.php?rest_route=\/wp\/v2\/media\/27555"}],"wp:attachment":[{"href":"https:\/\/atecordoba.org\/index.php?rest_route=%2Fwp%2Fv2%2Fmedia&parent=27554"}],"wp:term":[{"taxonomy":"category","embeddable":true,"href":"https:\/\/atecordoba.org\/index.php?rest_route=%2Fwp%2Fv2%2Fcategories&post=27554"},{"taxonomy":"post_tag","embeddable":true,"href":"https:\/\/atecordoba.org\/index.php?rest_route=%2Fwp%2Fv2%2Ftags&post=27554"}],"curies":[{"name":"wp","href":"https:\/\/api.w.org\/{rel}","templated":true}]}}