{"id":27527,"date":"2021-08-27T10:53:54","date_gmt":"2021-08-27T13:53:54","guid":{"rendered":"https:\/\/atecordoba.org\/?p=27527"},"modified":"2021-08-27T10:53:56","modified_gmt":"2021-08-27T13:53:56","slug":"debates-latinoamerica-y-el-nuevo-escenario-economico-politico-socio-cultural","status":"publish","type":"post","link":"https:\/\/atecordoba.org\/?p=27527","title":{"rendered":"Debates: Latinoam\u00e9rica y el nuevo escenario econ\u00f3mico pol\u00edtico-socio-cultural"},"content":{"rendered":"\n<div class=\"wp-block-image is-style-default\"><figure class=\"aligncenter size-large is-resized\"><img loading=\"lazy\" decoding=\"async\" src=\"https:\/\/atecordoba.org\/wp-content\/uploads\/2021\/08\/rio-cuarto-rauber.jpg\" alt=\"\" class=\"wp-image-27528\" width=\"686\" height=\"336\" srcset=\"https:\/\/atecordoba.org\/wp-content\/uploads\/2021\/08\/rio-cuarto-rauber.jpg 914w, https:\/\/atecordoba.org\/wp-content\/uploads\/2021\/08\/rio-cuarto-rauber-300x147.jpg 300w, https:\/\/atecordoba.org\/wp-content\/uploads\/2021\/08\/rio-cuarto-rauber-768x376.jpg 768w, https:\/\/atecordoba.org\/wp-content\/uploads\/2021\/08\/rio-cuarto-rauber-750x368.jpg 750w\" sizes=\"auto, (max-width: 686px) 100vw, 686px\" \/><\/figure><\/div>\n\n\n\n<p>El pasado 19 de agosto la seccional ATE R\u00edo Cuarto organiz\u00f3 una charla virtual, convocada por el Departamento de DDHH &#8220;Irma Laciar de Carrica&#8221;, con la participaci\u00f3n de las y los disertantes fueron Isabel Rauber (docente, investigadora, y cient\u00edfica social) y Julio Fuentes (Presidente de la CLATE).<\/p>\n\n\n\n<p>En la oportunidad, participaron la secretaria General de ATE R\u00edo Cuarto, Rafaela Alcoba, el secretario General del Consejo Directivo Provincial, Federico Giuliani, as\u00ed como trabajadores y trabajadoras nucleados en la\u00a0 CTAA.<\/p>\n\n\n\n<p>En primer t\u00e9rmino, habl\u00f3 Rauber, querida compa\u00f1era, intelectual, investigadora, escritora, docente y militante popular.<\/p>\n\n\n\n<p>&#8220;Hablar de la coyuntura continental que no puede estar a la espalda de lo que ocurre en el mundo porque tenemos una situaci\u00f3n particular el reacomodo de las fichas de poder.<\/p>\n\n\n\n<p>Nosotros estamos viviendo una suerte de segunda oleada progresista yo dir\u00eda que es como un progresismo light, no es tan fuerte en sus intenciones revolucionaras y trasformadoras como en la primera oleada. Estamos intentando evitar nuevos golpes, es lo que vemos.<\/p>\n\n\n\n<p>Sin embargo, en otros lugares como Chile hay una presidenta mapuche de la Constituyente que fue lograda por el pueblo en las calles. Y marca una impronta diferente, lo m\u00e1s diferente que tenemos en el continente. La victoria de Castillo, fue una victoria peleada, mediatizada y es una victoria de una organizaci\u00f3n d\u00e9bil porque no hay tal organizaci\u00f3n. Hay un rejunte de fuerzas y sectores de izquierda que se han reunido para las elecciones, pero ahora hay que gobernar.<\/p>\n\n\n\n<p>Cuando se habla de gobernar se habla de intervenir en la correlaci\u00f3n de fuerzas internas a favor de determinado programa, de determinado proyecto con actores protagonistas y con otros actores que van a hacer afectados o no por las medidas y van a responder. Si algo se ha aprendido es que van a responder.<\/p>\n\n\n\n<p>Se habr\u00e1n corrido del mapa de definiciones pol\u00edticas, econ\u00f3micas, sociales, culturales del pa\u00eds con las fuerzas de las urnas, pero no han desaparecido. \u00bfEso quiere decir que van a tener \u00e9xito? No. Solamente que no hay que subestimar. Porque creo que una de las cuestiones que se tuvo en cuenta con mucha liviandad es el tema de la reversibilidad de todos los procesos democr\u00e1ticos del Continente.<\/p>\n\n\n\n<p>Esa idea del \u2018Golpe nunca m\u00e1s\u2019 result\u00f3 sorprendida de una forma directa, indirecta, suave, por el Lawfer. Est\u00e1 demostrada la voluntad del poder de no tolerar aquello que afecte a sus intereses. El caso m\u00e1s impactante de Lawfer sucedi\u00f3 en Brasil: al final del juicio pol\u00edtico se demostr\u00f3 que Vilma no era culpable y que debi\u00f3 haber sido repuesta de inmediato. Pero eso no sucedi\u00f3 y as\u00ed evidenciaron que el objetivo era quedarse con el gobierno.<\/p>\n\n\n\n<p>Quiero subrayar la importancia de atender que la construcci\u00f3n de sujetos (hist\u00f3ricos) no es v\u00e1lida solo para Per\u00fa, es una necesidad vital para todo el proceso que atraviesa Latinoam\u00e9rica. La participaci\u00f3n del pueblo, de la ciudadan\u00eda popular en la toma de decisiones es fundamental. Porque luego viene la lucha por la mentalidad, el gran problema de nuestro tiempo es como el poder, inventa y miente&#8221;.<\/p>\n\n\n\n<p>&#8220;No hay que pretender competir la infraestructura con infraestructura alternativa. Hay que abordar los espacios televisivos, radiales porque hacen falta. La clave no est\u00e1 en quien tiene m\u00e1s porque nunca vamos a llegar a tener m\u00e1s, tenemos que resolver problemas de hambre de la necesidad de la vivienda, no podemos pretender tener un poder global en algo que todav\u00eda no manejamos. En ese sentido, la cuesti\u00f3n del debate ideol\u00f3gico de los medios est\u00e1 anclada a la participaci\u00f3n y porque no hay nadie que reemplace el trabajo boca en boca, casa en casa. Hay que hacer part\u00edcipe a la ciudadan\u00eda de los diagn\u00f3sticos de la resoluci\u00f3n, de la construcci\u00f3n de las soluciones.<\/p>\n\n\n\n<p><strong>Fuentes<\/strong><\/p>\n\n\n\n<p>Seguidamente hizo uso de la palabra Julio Fuentes, secretario General de la Confederaci\u00f3n Latinoamericana de Trabajadores Estatales (CLATE). <\/p>\n\n\n\n<p>El dirigente estatal neuquino dijo que &#8220;me gustar\u00eda detener a mirar la primera oleada progresista ver los errores que tuvo la primera. Hubo un denominador com\u00fan, hubo ventajas importantes pero que nos marcan un modelo del cual se hizo poco para salir. En esa primera d\u00e9cada de ese siglo (siglo XXI) hubo una gran ventaja para nuestra regi\u00f3n bas\u00e1ndose en esa matriz extractivista, hubo muy buenos precios de los minerales y de los granos y ese tiempo no se utiliz\u00f3 para lo que se deb\u00eda utilizar: para tratar de que nuestra econom\u00eda se transforme.<\/p>\n\n\n\n<p>Un error lamentable de lo gobierno progresistas fue no haber construido y haber dotado a las organizaciones del pueblo de m\u00e1s poder. Los gobiernos deben utilizar el Estado, para darle poder a la poblaci\u00f3n.<\/p>\n\n\n\n<p>Tenemos la obligaci\u00f3n pol\u00edtica y social de mirar esta segunda oleada atento a lo que nos pas\u00f3 en la primera d\u00e9cada de nuestro siglo, es decir los errores cometidos en este siglo para que no los volvamos a repetir.<\/p>\n\n\n\n<p>La corriente neoliberal volvi\u00f3 para destruir todos los espacios de integraci\u00f3n, herramienta fundamental de los pueblos de Am\u00e9rica Latina y el Caribe para pensar en un proceso de liberaci\u00f3n, emancipador, para tener un desarrollo aut\u00f3nomo, tecnol\u00f3gico, social y una democracia duradera. Pero la oligarqu\u00eda y las derechas en los gobiernos ha ido minado todos esos espacios y hoy pr\u00e1cticamente de los procesos de integraci\u00f3n que llevaron adelante los gobiernos quedan muy pocos.<\/p>\n\n\n\n<p>Como fuerzas pol\u00edticas tenemos que impulsar con firmeza los procesos de integraci\u00f3n. Hay formas que debemos desarrollar para potenciar las organizaciones obreras, sociales, pol\u00edticas e integrarnos entre nosotros&#8221;.<\/p>\n\n\n\n<p><\/p>\n\n\n\n<p><\/p>\n","protected":false},"excerpt":{"rendered":"<p>El pasado 19 de agosto la seccional ATE R\u00edo Cuarto organiz\u00f3 una charla virtual, convocada por el Departamento de DDHH &#8220;Irma Laciar de Carrica&#8221;, con la participaci\u00f3n de las y los disertantes fueron Isabel Rauber (docente, investigadora, y cient\u00edfica social) y Julio Fuentes (Presidente de la CLATE). En la oportunidad, participaron la secretaria General de [&hellip;]<\/p>\n","protected":false},"author":7,"featured_media":27529,"comment_status":"open","ping_status":"open","sticky":false,"template":"","format":"standard","meta":{"_exactmetrics_skip_tracking":false,"_exactmetrics_sitenote_active":false,"_exactmetrics_sitenote_note":"","_exactmetrics_sitenote_category":0,"jnews-multi-image_gallery":[],"jnews_single_post":{"subtitle":"","format":"standard","video":"","gallery":"","source_name":"","source_url":"","via_name":"","via_url":"","override":[{"template":"1","single_blog_custom":"","parallax":"1","fullscreen":"1","layout":"right-sidebar","sidebar":"default-sidebar","second_sidebar":"default-sidebar","sticky_sidebar":"1","share_position":"top","share_float_style":"share-monocrhome","show_share_counter":"1","show_view_counter":"1","show_featured":"1","show_post_meta":"1","show_post_author":"1","show_post_author_image":"1","show_post_date":"1","post_date_format":"default","post_date_format_custom":"Y\/m\/d","show_post_category":"1","post_reading_time_wpm":"300","zoom_button_out_step":"2","zoom_button_in_step":"3","show_post_tag":"1","show_prev_next_post":"1","show_popup_post":"1","number_popup_post":"1"}],"image_override":[{"single_post_thumbnail_size":"crop-500","single_post_gallery_size":"crop-500"}],"trending_post_position":"meta","trending_post_label":"Trending","sponsored_post_label":"Sponsored by","sponsored_post_name":"","sponsored_post_url":"","sponsored_post_logo":"","sponsored_post_desc":""},"jnews_primary_category":{"id":""},"jnews_social_meta":{"fb_title":"","fb_description":"","fb_image":"","twitter_title":"","twitter_description":"","twitter_image":""},"jnews_review":[],"enable_review":"","type":"percentage","name":"","summary":"","brand":"","sku":"","good":[{"good_text":""}],"bad":[{"bad_text":""}],"score_override":"","override_value":"","rating":[{"rating_text":"","rating_number":"10"}],"price":[{"shop":"","price":"","link":"","icon":""}],"jnews_override_counter":{"view_counter_number":"0","share_counter_number":"0","like_counter_number":"0","dislike_counter_number":"0"},"jnews_post_split":{"post_split":[{"template":"1","tag":"h2","numbering":"asc","mode":"normal","toc_type":"normal"}]},"footnotes":""},"categories":[12],"tags":[617,890,424],"class_list":["post-27527","post","type-post","status-publish","format-standard","has-post-thumbnail","hentry","category-rio-cuarto","tag-isabel-rauber","tag-julio-fuentes","tag-latinoamerica"],"jetpack_featured_media_url":"https:\/\/atecordoba.org\/wp-content\/uploads\/2021\/08\/latinoamerica-unida-e1630072419835.jpg","_links":{"self":[{"href":"https:\/\/atecordoba.org\/index.php?rest_route=\/wp\/v2\/posts\/27527","targetHints":{"allow":["GET"]}}],"collection":[{"href":"https:\/\/atecordoba.org\/index.php?rest_route=\/wp\/v2\/posts"}],"about":[{"href":"https:\/\/atecordoba.org\/index.php?rest_route=\/wp\/v2\/types\/post"}],"author":[{"embeddable":true,"href":"https:\/\/atecordoba.org\/index.php?rest_route=\/wp\/v2\/users\/7"}],"replies":[{"embeddable":true,"href":"https:\/\/atecordoba.org\/index.php?rest_route=%2Fwp%2Fv2%2Fcomments&post=27527"}],"version-history":[{"count":1,"href":"https:\/\/atecordoba.org\/index.php?rest_route=\/wp\/v2\/posts\/27527\/revisions"}],"predecessor-version":[{"id":27530,"href":"https:\/\/atecordoba.org\/index.php?rest_route=\/wp\/v2\/posts\/27527\/revisions\/27530"}],"wp:featuredmedia":[{"embeddable":true,"href":"https:\/\/atecordoba.org\/index.php?rest_route=\/wp\/v2\/media\/27529"}],"wp:attachment":[{"href":"https:\/\/atecordoba.org\/index.php?rest_route=%2Fwp%2Fv2%2Fmedia&parent=27527"}],"wp:term":[{"taxonomy":"category","embeddable":true,"href":"https:\/\/atecordoba.org\/index.php?rest_route=%2Fwp%2Fv2%2Fcategories&post=27527"},{"taxonomy":"post_tag","embeddable":true,"href":"https:\/\/atecordoba.org\/index.php?rest_route=%2Fwp%2Fv2%2Ftags&post=27527"}],"curies":[{"name":"wp","href":"https:\/\/api.w.org\/{rel}","templated":true}]}}