{"id":27521,"date":"2021-08-27T09:43:59","date_gmt":"2021-08-27T12:43:59","guid":{"rendered":"https:\/\/atecordoba.org\/?p=27521"},"modified":"2021-08-27T09:49:09","modified_gmt":"2021-08-27T12:49:09","slug":"aguiar-propuso-debatir-la-reduccion-de-la-jornada-laboral-tambien-en-el-sector-publico","status":"publish","type":"post","link":"https:\/\/atecordoba.org\/?p=27521","title":{"rendered":"Aguiar propuso \u201cdebatir la reducci\u00f3n de la Jornada Laboral tambi\u00e9n en el Sector P\u00fablico\u201d"},"content":{"rendered":"\n<div class=\"wp-block-image is-style-default\"><figure class=\"aligncenter size-large is-resized\"><img loading=\"lazy\" decoding=\"async\" src=\"https:\/\/atecordoba.org\/wp-content\/uploads\/2021\/08\/nota-1654535-aguiar-propuso-debatir-reduccion-jornada-laboral-tambien-sector-publico-999297.jpg\" alt=\"\" class=\"wp-image-27522\" width=\"750\" height=\"497\" \/><figcaption>Aguiar es secretario General Adjunto del Consejo Directivo Nacional (CDN).<\/figcaption><\/figure><\/div>\n\n\n\n<p><strong>Fuente: www.lineasindical.com.ar<\/strong><\/p>\n\n\n\n<p>Ante los proyectos de reducci\u00f3n de la jornada laboral propuestos en el Congreso, el Secretario Adjunto de ATE Nacional, Rodolfo Aguiar, coincidi\u00f3 \u201cplenamente con la idea de modificar un r\u00e9gimen que ya tiene 108 a\u00f1os de antig\u00fcedad\u201d, pero asegur\u00f3 que \u201ceste es un debate que debe tambi\u00e9n ampliarse al sector p\u00fablico\u201d.<\/p>\n\n\n\n<p>\u201cEl hecho que en el Estado los v\u00ednculos laborales se rijan por otra normativa, no impide visualizar las consecuencias positivas que se derivar\u00edan a partir de reducir la jornada laboral actual\u201d, indic\u00f3 el dirigente. Para la administraci\u00f3n p\u00fablica nacional rige el convenio colectivo 214\/06, el cual establece 180 horas mensuales como base para sus trabajadores y 120 en casos especiales.<\/p>\n\n\n\n<p>Actualmente hay 4,5 millones de personas en calidad de sobreocupados, es decir que trabajan m\u00e1s de 45 horas a la semana, seg\u00fan detall\u00f3 un informe de Claudio Lozano para el Instituto de Pensamiento y Pol\u00edticas P\u00fablicas (IPyPP). \u201cEsta medida permitir\u00eda bajar los alt\u00edsimos niveles de precarizaci\u00f3n laboral que existen tanto en la administraci\u00f3n p\u00fablica nacional como en la mayor\u00eda de las provincias y en los 2.300 municipios del pa\u00eds\u201d, sostuvo el adjunto estatal.<\/p>\n\n\n\n<p>\u201cEl Estado no es una empresa y por lo tanto no est\u00e1 obligado a generar ganancias o utilidades. En medio de la crisis puede y debe aportar a la generaci\u00f3n de nuevos puestos de empleo en todo el pa\u00eds\u201d, opin\u00f3 Aguiar. A pesar que existen dos proyectos de ley en el Congreso para tratar el tema, desde el Ejecutivo consideran que a\u00fan no es posible implementar una reducci\u00f3n de la jornada. En tanto, el conductor de UPCN, Andr\u00e9s Rodr\u00edguez, indic\u00f3 desde la c\u00fapula de la CGT que no es necesaria esta implementaci\u00f3n y que, por el contrario, los trabajadores deben aumentar la producci\u00f3n.<\/p>\n\n\n\n<p>Por su parte, el referente de ATE indic\u00f3: \u201cUna jornada con menos horas laborables y m\u00e1s salario tambi\u00e9n pondr\u00eda fin a los abusos o autoexplotaci\u00f3n de algunos sectores como el de salud que, para lograr un piso de ingresos digno, deben duplicar y hasta triplicar sus jornadas con las denominadas horas o guardias extras\u201d. El informe del IPyPP tambi\u00e9n demostr\u00f3 que la sobrejornada laboral no garantiza aumentos significativos de salarios, ya que para ganar apenas un 4% por encima del promedio, los trabajadores deben incrementar m\u00e1s del 40% el tiempo de trabajo.<\/p>\n\n\n\n<p>Aguiar consider\u00f3 que \u201cuna reformulaci\u00f3n de la jornada laboral se traducir\u00eda sin dudas en servicios o prestaciones p\u00fablicas de mayor eficiencia y calidad, adem\u00e1s de bajar los altos \u00edndices de enfermedad en los trabajadores\u201d. El informe demostr\u00f3 que si se hiciera efectivo el control de la jornada laboral vigente, podr\u00edan liberarse 1,6 millones de puestos y se resolver\u00eda el 80% de la desocupaci\u00f3n. Esto surge de traducir en empleo las 14,8 horas excedentes de cada uno de los 4,5 millones de sobreocupados, seg\u00fan el documento.<\/p>\n\n\n\n<p><\/p>\n","protected":false},"excerpt":{"rendered":"<p>Fuente: www.lineasindical.com.ar Ante los proyectos de reducci\u00f3n de la jornada laboral propuestos en el Congreso, el Secretario Adjunto de ATE Nacional, Rodolfo Aguiar, coincidi\u00f3 \u201cplenamente con la idea de modificar un r\u00e9gimen que ya tiene 108 a\u00f1os de antig\u00fcedad\u201d, pero asegur\u00f3 que \u201ceste es un debate que debe tambi\u00e9n ampliarse al sector p\u00fablico\u201d. \u201cEl hecho [&hellip;]<\/p>\n","protected":false},"author":7,"featured_media":27522,"comment_status":"open","ping_status":"open","sticky":false,"template":"","format":"standard","meta":{"_exactmetrics_skip_tracking":false,"_exactmetrics_sitenote_active":false,"_exactmetrics_sitenote_note":"","_exactmetrics_sitenote_category":0,"jnews-multi-image_gallery":[],"jnews_single_post":{"subtitle":"Asegur\u00f3 que \u201cpermitir\u00eda reducir altos niveles de precarizaci\u00f3n, ponerle fin a la autoexplotaci\u00f3n con horas extras y mejorar las prestaciones estatales\u201d.","format":"standard","video":"","gallery":"","source_name":"","source_url":"","via_name":"","via_url":"","override":[{"template":"1","single_blog_custom":"","parallax":"1","fullscreen":"1","layout":"right-sidebar","sidebar":"default-sidebar","second_sidebar":"default-sidebar","sticky_sidebar":"1","share_position":"top","share_float_style":"share-monocrhome","show_share_counter":"1","show_view_counter":"1","show_featured":"1","show_post_meta":"1","show_post_author":"1","show_post_author_image":"1","show_post_date":"1","post_date_format":"default","post_date_format_custom":"Y\/m\/d","show_post_category":"1","post_reading_time_wpm":"300","zoom_button_out_step":"2","zoom_button_in_step":"3","show_post_tag":"1","show_prev_next_post":"1","show_popup_post":"1","number_popup_post":"1"}],"image_override":[{"single_post_thumbnail_size":"crop-500","single_post_gallery_size":"crop-500"}],"trending_post_position":"meta","trending_post_label":"Trending","sponsored_post_label":"Sponsored by","sponsored_post_name":"","sponsored_post_url":"","sponsored_post_logo":"","sponsored_post_desc":""},"jnews_primary_category":{"id":""},"jnews_social_meta":{"fb_title":"","fb_description":"","fb_image":"","twitter_title":"","twitter_description":"","twitter_image":""},"jnews_review":[],"enable_review":"","type":"percentage","name":"","summary":"","brand":"","sku":"","good":[{"good_text":""}],"bad":[{"bad_text":""}],"score_override":"","override_value":"","rating":[{"rating_text":"","rating_number":"10"}],"price":[{"shop":"","price":"","link":"","icon":""}],"jnews_override_counter":{"view_counter_number":"0","share_counter_number":"0","like_counter_number":"0","dislike_counter_number":"0"},"jnews_post_split":{"post_split":[{"template":"1","tag":"h2","numbering":"asc","mode":"normal","toc_type":"normal"}]},"footnotes":""},"categories":[1],"tags":[887,888],"class_list":["post-27521","post","type-post","status-publish","format-standard","has-post-thumbnail","hentry","category-sin-categoria","tag-aguiar","tag-reduccion-jornada-laboral"],"jetpack_featured_media_url":"https:\/\/atecordoba.org\/wp-content\/uploads\/2021\/08\/nota-1654535-aguiar-propuso-debatir-reduccion-jornada-laboral-tambien-sector-publico-999297-e1630068155934.jpg","_links":{"self":[{"href":"https:\/\/atecordoba.org\/index.php?rest_route=\/wp\/v2\/posts\/27521","targetHints":{"allow":["GET"]}}],"collection":[{"href":"https:\/\/atecordoba.org\/index.php?rest_route=\/wp\/v2\/posts"}],"about":[{"href":"https:\/\/atecordoba.org\/index.php?rest_route=\/wp\/v2\/types\/post"}],"author":[{"embeddable":true,"href":"https:\/\/atecordoba.org\/index.php?rest_route=\/wp\/v2\/users\/7"}],"replies":[{"embeddable":true,"href":"https:\/\/atecordoba.org\/index.php?rest_route=%2Fwp%2Fv2%2Fcomments&post=27521"}],"version-history":[{"count":1,"href":"https:\/\/atecordoba.org\/index.php?rest_route=\/wp\/v2\/posts\/27521\/revisions"}],"predecessor-version":[{"id":27523,"href":"https:\/\/atecordoba.org\/index.php?rest_route=\/wp\/v2\/posts\/27521\/revisions\/27523"}],"wp:featuredmedia":[{"embeddable":true,"href":"https:\/\/atecordoba.org\/index.php?rest_route=\/wp\/v2\/media\/27522"}],"wp:attachment":[{"href":"https:\/\/atecordoba.org\/index.php?rest_route=%2Fwp%2Fv2%2Fmedia&parent=27521"}],"wp:term":[{"taxonomy":"category","embeddable":true,"href":"https:\/\/atecordoba.org\/index.php?rest_route=%2Fwp%2Fv2%2Fcategories&post=27521"},{"taxonomy":"post_tag","embeddable":true,"href":"https:\/\/atecordoba.org\/index.php?rest_route=%2Fwp%2Fv2%2Ftags&post=27521"}],"curies":[{"name":"wp","href":"https:\/\/api.w.org\/{rel}","templated":true}]}}