{"id":27520,"date":"2021-08-27T11:21:05","date_gmt":"2021-08-27T14:21:05","guid":{"rendered":"https:\/\/atecordoba.org\/?p=27520"},"modified":"2021-08-27T11:21:06","modified_gmt":"2021-08-27T14:21:06","slug":"movimiento-obrero-para-giuliani-la-clave-es-la-unidad-desde-abajo-desde-el-interior-desde-la-periferia-al-centro","status":"publish","type":"post","link":"https:\/\/atecordoba.org\/?p=27520","title":{"rendered":"Movimiento obrero: para Giuliani la clave es &#8220;la unidad desde abajo, desde el interior, desde la periferia al centro&#8221;"},"content":{"rendered":"\n<div class=\"wp-block-image is-style-default\"><figure class=\"aligncenter size-large is-resized\"><img loading=\"lazy\" decoding=\"async\" src=\"https:\/\/atecordoba.org\/wp-content\/uploads\/2021\/08\/desafios-1024x774.jpeg\" alt=\"\" class=\"wp-image-27531\" width=\"768\" height=\"581\" srcset=\"https:\/\/atecordoba.org\/wp-content\/uploads\/2021\/08\/desafios-1024x774.jpeg 1024w, https:\/\/atecordoba.org\/wp-content\/uploads\/2021\/08\/desafios-300x227.jpeg 300w, https:\/\/atecordoba.org\/wp-content\/uploads\/2021\/08\/desafios-768x581.jpeg 768w, https:\/\/atecordoba.org\/wp-content\/uploads\/2021\/08\/desafios-750x567.jpeg 750w, https:\/\/atecordoba.org\/wp-content\/uploads\/2021\/08\/desafios-1140x862.jpeg 1140w, https:\/\/atecordoba.org\/wp-content\/uploads\/2021\/08\/desafios.jpeg 1280w\" sizes=\"auto, (max-width: 768px) 100vw, 768px\" \/><\/figure><\/div>\n\n\n\n<p>En una actividad virtual convocada por ATE C\u00f3rdoba, 300 compa\u00f1eros se sumaron ayer a debatir sobre la situaci\u00f3n del movimiento obrero v\u00eda redes sociales, en un conversatorio coordinado por nuestro secretario General Federico Giuliani, que cont\u00f3 con la presencia de prestigiosos compa\u00f1eros y compa\u00f1eras dirigentes de diversas organizaciones y extracciones sindicales, como Pablo Moyano -secretario Adjunto del sindicato de Camioneros-, Daniel Yofra -secretario General de la Federaci\u00f3n de Aceiteros- y Lito Borello &#8211; secretario de DDHH de la Uni\u00f3n de Trabajadores de la Econom\u00eda Popular (UTEP)-. <\/p>\n\n\n\n<p>Para introducir la charla-debate, Giuliani apunt\u00f3 contra la clase dirigente ante la pr\u00f3ximas elecciones, ya que \u201cen las propuestas de campa\u00f1a no se discute la pobreza, la marginalidad, el hambre, no se debaten los problemas reales de los trabajadores, no hay plata que alcance&#8221;. <\/p>\n\n\n\n<p>El dirigente destac\u00f3 en ese sentido que &#8220;nos parece fundamental recuperar la mirada de la unidad estrat\u00e9gica, de abajo hacia arriba, desde el interior hacia el puerto. Construcci\u00f3n de un programa de la clase trabajadora. Nos tiene que servir para debatir la iniciativa pol\u00edtica con una mirada hist\u00f3rica. Hay una gran dispersi\u00f3n y hay que reagrupar a la clase trabajadora con un programa propio\u201d.<\/p>\n\n\n\n<p>En otro tramo Giuliani dijo que &#8220;tenemos que saltar de las reivindicaciones sectoriales y pasar a proponer un programa, tenemos que seguir peleando para recuperar la soberan\u00eda popular. Entendemos que la centralidad hay que recuperarla con unidad desde abajo, desde el interior, desde la periferia al centro&#8221;. E inst\u00f3 a &#8220;Seguir luchando hasta que la dignidad se haga costumbre&#8221;.<\/p>\n\n\n\n<p><strong>Moyano<\/strong><\/p>\n\n\n\n<p>Por su parte, Pablo Moyano se esperanz\u00f3 por que &#8220;ojal\u00e1 que tengamos la fuerza para elegir una CGT fuerte y combativa. No podemos permitir que Mercado Libre siga generando trabajo esclavo por ejemplo&#8221;.<\/p>\n\n\n\n<p>El dirigente camionero alent\u00f3 para &#8220;trabajar para el triunfo del oficialismo&#8221; en las pr\u00f3ximas elecciones y &#8220;para tener una CGT que pueda reclamar y pelee, como peleamos en nuestras organizaciones de base para que los trabajadores tengan dignidad&#8221;. <\/p>\n\n\n\n<p>En esa l\u00ednea Moyano dijo que &#8220;tenemos que dejar de ser un factor de presi\u00f3n y pasar a ser factor de poder&#8221;, al tiempo que se solidariz\u00f3 &#8220;con las compa\u00f1eras docentes de Salta que fueron reprimidas&#8221;.<\/p>\n\n\n\n<p>Moyano concluy\u00f3 reclamando que &#8220;el movimiento obrero debe tener un programa pol\u00edtico y de trabajo. Los grandes empresarios han provocado el hambre que hay en distintos lugares del pa\u00eds por eso ojal\u00e1 llegue el momento de que un hombre del trabajo llegue a la Casa Rosada&#8221;.<\/p>\n\n\n\n<p><strong>Yofra<\/strong><\/p>\n\n\n\n<p>A su turno, Daniel Yofra comenz\u00f3 su participaci\u00f3n destacando que \u201cdurante los \u00faltimos 40 a\u00f1os de democracia hemos perdido derechos y tratamos de recuperar herramientas. El desaf\u00edo m\u00e1s importante es concientizar a la clase trabajadora porque el capitalismo ha trabajado mejor que nosotros como dirigentes. Eso debe a la batalla cultural que estamos dando&#8221;. <\/p>\n\n\n\n<p>Yofra dijo que &#8220;tenemos el 50% de los pobres en el pa\u00eds. Independientemente de los gobiernos de turno nuestra responsabilidad es representar a los trabajadores. Nuestro eje principal es el salario, m\u00ednimo vital y m\u00f3vil, lo hacemos a partir de saber cu\u00e1nto tiene que ganar un trabajador para vivir dignamente. El salario no los fijan las posibilidades de una empresa, ni el gobierno de turno, lo fijan las necesidades de los trabajadores&#8221;. Por eso asegur\u00f3 que &#8220;no hay que discutir porcentajes&#8221;.<\/p>\n\n\n\n<p>&#8220;En la distribuci\u00f3n de la riqueza el primer punto es saber cu\u00e1nto tiene que ganar el trabajador y eso significa que los patrones ganen menos. Nosotros tenemos que recuperar las herramientas organizativas de los compa\u00f1eros, de aquellos que luego fueron desaparecidos y encarcelados&#8221;, dijo.<\/p>\n\n\n\n<p>Y reclam\u00f3 &#8220;democracia sindical y participaci\u00f3n de los trabajadores de base, para tener la organizaci\u00f3n y el control de los lugares de trabajo. Va a ser muy dif\u00edcil enfrentar al capital, a los patrones si no nos organizamos&#8221;.<\/p>\n\n\n\n<p>Por \u00faltimo Yofra afirm\u00f3 que &#8220;nuestra prioridad tiene que ser el bienestar para todos. Por eso si no podemos transformar la CGT seguiremos peleando con otros espacios peleando en la calle\u201d.<\/p>\n\n\n\n<p>Borello<\/p>\n\n\n\n<p>Posteriormente, habl\u00f3 Lito Borello, coordinador nacional del Movimiento los Pibes. \u201cCreo que conviene enmarcar el momento que transitamos a nivel mundial. Una crisis multidimensional que permite que los pueblos est\u00e9n cada vez m\u00e1s pobres y los ricos m\u00e1s ricos. La crisis pone en riesgo la vida de la humanidad y del planeta&#8221;.<\/p>\n\n\n\n<p>Borello critic\u00f3 que &#8220;en los \u00faltimos a\u00f1os hay una reconfiguraci\u00f3n de los trabajadores. Estamos padeciendo una nueva recolonizaci\u00f3n. Cada vez el salario tiene menos valor, hay m\u00e1s transferencia hacia pocas manos, un modelo de dominaci\u00f3n donde el poder f\u00e1ctico act\u00faa de hecho&#8221;. <\/p>\n\n\n\n<p>&#8220;Hay una ofensiva restauradora pero tambi\u00e9n existe una oportunidad de reconstruir otro mundo y el movimiento obrero tiene que ser la columna vertebral para reconstruir la sociedad. Para nosotros estamos en un momento de gran oportunidad. Estamos esperanzados por la posibilidad de que la CGT encuentre un modelo de construir un programa que unifique para ir de nuevo por una patria que permita ejercer nuestra soberan\u00eda&#8221;, alent\u00f3 Borello.<\/p>\n\n\n\n<p>Para finalizar reflexionando que &#8220;estamos junto a los hermanos de Am\u00e9rica Latina. Los pueblos no esperan, se unen, se organizan y pelean. Ac\u00e1 estamos de pie, vamos a luchar hasta vencer, vamos a construir una patria justa libre y soberana&#8221;.<\/p>\n\n\n\n<p><\/p>\n\n\n\n<p><\/p>\n\n\n\n<p> <\/p>\n","protected":false},"excerpt":{"rendered":"<p>En una actividad virtual convocada por ATE C\u00f3rdoba, 300 compa\u00f1eros se sumaron ayer a debatir sobre la situaci\u00f3n del movimiento obrero v\u00eda redes sociales, en un conversatorio coordinado por nuestro secretario General Federico Giuliani, que cont\u00f3 con la presencia de prestigiosos compa\u00f1eros y compa\u00f1eras dirigentes de diversas organizaciones y extracciones sindicales, como Pablo Moyano -secretario [&hellip;]<\/p>\n","protected":false},"author":7,"featured_media":27531,"comment_status":"open","ping_status":"open","sticky":false,"template":"","format":"standard","meta":{"_exactmetrics_skip_tracking":false,"_exactmetrics_sitenote_active":false,"_exactmetrics_sitenote_note":"","_exactmetrics_sitenote_category":0,"jnews-multi-image_gallery":[],"jnews_single_post":{"subtitle":"","format":"standard","video":"","gallery":"","source_name":"","source_url":"","via_name":"","via_url":"","override":[{"template":"1","single_blog_custom":"","parallax":"1","fullscreen":"1","layout":"right-sidebar","sidebar":"default-sidebar","second_sidebar":"default-sidebar","sticky_sidebar":"1","share_position":"top","share_float_style":"share-monocrhome","show_share_counter":"1","show_view_counter":"1","show_featured":"1","show_post_meta":"1","show_post_author":"1","show_post_author_image":"1","show_post_date":"1","post_date_format":"default","post_date_format_custom":"Y\/m\/d","show_post_category":"1","post_reading_time_wpm":"300","zoom_button_out_step":"2","zoom_button_in_step":"3","show_post_tag":"1","show_prev_next_post":"1","show_popup_post":"1","number_popup_post":"1"}],"image_override":[{"single_post_thumbnail_size":"crop-500","single_post_gallery_size":"crop-500"}],"trending_post_position":"meta","trending_post_label":"Trending","sponsored_post_label":"Sponsored by","sponsored_post_name":"","sponsored_post_url":"","sponsored_post_logo":"","sponsored_post_desc":""},"jnews_primary_category":{"id":""},"jnews_social_meta":{"fb_title":"","fb_description":"","fb_image":"","twitter_title":"","twitter_description":"","twitter_image":""},"jnews_review":[],"enable_review":"","type":"percentage","name":"","summary":"","brand":"","sku":"","good":[{"good_text":""}],"bad":[{"bad_text":""}],"score_override":"","override_value":"","rating":[{"rating_text":"","rating_number":"10"}],"price":[{"shop":"","price":"","link":"","icon":""}],"jnews_override_counter":{"view_counter_number":"0","share_counter_number":"0","like_counter_number":"0","dislike_counter_number":"0"},"jnews_post_split":{"post_split":[{"template":"1","tag":"h2","numbering":"asc","mode":"normal","toc_type":"normal"}]},"footnotes":""},"categories":[10],"tags":[891],"class_list":["post-27520","post","type-post","status-publish","format-standard","has-post-thumbnail","hentry","category-accion-politica","tag-desafios-del-movimiento-de-trabaajdorxs"],"jetpack_featured_media_url":"https:\/\/atecordoba.org\/wp-content\/uploads\/2021\/08\/desafios.jpeg","_links":{"self":[{"href":"https:\/\/atecordoba.org\/index.php?rest_route=\/wp\/v2\/posts\/27520","targetHints":{"allow":["GET"]}}],"collection":[{"href":"https:\/\/atecordoba.org\/index.php?rest_route=\/wp\/v2\/posts"}],"about":[{"href":"https:\/\/atecordoba.org\/index.php?rest_route=\/wp\/v2\/types\/post"}],"author":[{"embeddable":true,"href":"https:\/\/atecordoba.org\/index.php?rest_route=\/wp\/v2\/users\/7"}],"replies":[{"embeddable":true,"href":"https:\/\/atecordoba.org\/index.php?rest_route=%2Fwp%2Fv2%2Fcomments&post=27520"}],"version-history":[{"count":2,"href":"https:\/\/atecordoba.org\/index.php?rest_route=\/wp\/v2\/posts\/27520\/revisions"}],"predecessor-version":[{"id":27668,"href":"https:\/\/atecordoba.org\/index.php?rest_route=\/wp\/v2\/posts\/27520\/revisions\/27668"}],"wp:featuredmedia":[{"embeddable":true,"href":"https:\/\/atecordoba.org\/index.php?rest_route=\/wp\/v2\/media\/27531"}],"wp:attachment":[{"href":"https:\/\/atecordoba.org\/index.php?rest_route=%2Fwp%2Fv2%2Fmedia&parent=27520"}],"wp:term":[{"taxonomy":"category","embeddable":true,"href":"https:\/\/atecordoba.org\/index.php?rest_route=%2Fwp%2Fv2%2Fcategories&post=27520"},{"taxonomy":"post_tag","embeddable":true,"href":"https:\/\/atecordoba.org\/index.php?rest_route=%2Fwp%2Fv2%2Ftags&post=27520"}],"curies":[{"name":"wp","href":"https:\/\/api.w.org\/{rel}","templated":true}]}}