{"id":27506,"date":"2021-08-26T11:32:10","date_gmt":"2021-08-26T14:32:10","guid":{"rendered":"https:\/\/atecordoba.org\/?p=27506"},"modified":"2021-08-26T11:40:39","modified_gmt":"2021-08-26T14:40:39","slug":"terminar-con-el-negacionismo","status":"publish","type":"post","link":"https:\/\/atecordoba.org\/?p=27506","title":{"rendered":"Terminar con el negacionismo"},"content":{"rendered":"\n<figure class=\"wp-block-gallery aligncenter columns-1 is-cropped wp-block-gallery-1 is-layout-flex wp-block-gallery-is-layout-flex\"><ul class=\"blocks-gallery-grid\"><li class=\"blocks-gallery-item\"><figure><a href=\"https:\/\/atecordoba.org\/wp-content\/uploads\/2021\/08\/marlenebaronetto.jpeg\"><img decoding=\"async\" src=\"https:\/\/atecordoba.org\/wp-content\/uploads\/2021\/08\/marlenebaronetto.jpeg\" alt=\"\" data-id=\"27508\" data-full-url=\"https:\/\/atecordoba.org\/wp-content\/uploads\/2021\/08\/marlenebaronetto.jpeg\" data-link=\"https:\/\/atecordoba.org\/?attachment_id=27508\" class=\"wp-image-27508\"\/><\/a><\/figure><\/li><\/ul><\/figure>\n\n\n\n<p><\/p>\n\n\n\n<p>Baronetto integra el &#8216;Equipo t\u00e9cnico de b\u00fasqueda de identidad&#8217; del organismo en la Provincia de C\u00f3rdoba y sostuvo, en primer t\u00e9rmino, que &#8220;es la sociedad quien ha generado condiciones y luego sostuvo las pol\u00edticas de memoria, verdad y justicia, m\u00e1s all\u00e1 que tuvimos gobiernos que trataron del destruir ese legado&#8221;.<\/p>\n\n\n\n<p>En tal sentido, la compa\u00f1era critic\u00f3 que &#8220;ante un discurso del gobierno actual que tiene a los DDHH como columna vertebral, aun  no est\u00e1 garantizada normativa que obstaculice el negacionismo, cuando pa\u00edses como Chile, con mucho menor trayectoria de pol\u00edticas p\u00fablicas de DDHH, ya tiene una ley al respecto&#8221;.<\/p>\n\n\n\n<p>Baronetto explic\u00f3 que &#8220;hay un retroceso en convivir con el discurso discriminador, que no se aclare la verdad nos hace ir para atr\u00e1s en un mont\u00f3n de cosas&#8221;. Y reclam\u00f3 acciones concretas del gobierno nacional: &#8220;nosotros (por Argentina) tenemos incluso el reconocimiento internacional por las pol\u00edticas desplegadas, en t\u00e9rminos de juicios de lesa humanidad o la cantidad de hijos restituidos y otras pol\u00edticas muy relevantes, pero no tenemos una ley que restrinja que los funcionarios y pol\u00edticos de distintos niveles, o polic\u00edas y jueces, que digan tan f\u00e1cilmente que no son 30 mil, que son 8900, que hay un curro de DDHH, que hayan puesto bolsas mortuorias frente a la Casa de Gobierno&#8221;.<\/p>\n\n\n<p><iframe loading=\"lazy\" width=\"100%\" height=\"175px\" scrolling=\"no\" frameborder=\"no\" src=\"\/\/ar.radiocut.fm\/audiocut\/embed\/hori\/entrevista-a-marlene-baronetto-trabajadora-del-min-justicia-y-ddhh-nacion-en-cordoba\/\" ><\/iframe><\/p>\n","protected":false},"excerpt":{"rendered":"<p>Baronetto integra el &#8216;Equipo t\u00e9cnico de b\u00fasqueda de identidad&#8217; del organismo en la Provincia de C\u00f3rdoba y sostuvo, en primer t\u00e9rmino, que &#8220;es la sociedad quien ha generado condiciones y luego sostuvo las pol\u00edticas de memoria, verdad y justicia, m\u00e1s all\u00e1 que tuvimos gobiernos que trataron del destruir ese legado&#8221;. En tal sentido, la compa\u00f1era [&hellip;]<\/p>\n","protected":false},"author":7,"featured_media":27508,"comment_status":"open","ping_status":"open","sticky":false,"template":"","format":"standard","meta":{"_exactmetrics_skip_tracking":false,"_exactmetrics_sitenote_active":false,"_exactmetrics_sitenote_note":"","_exactmetrics_sitenote_category":0,"jnews-multi-image_gallery":[],"jnews_single_post":{"subtitle":"En una entrevista realizada en el programa radial Entre Todos y Todas, que realiza la Secretar\u00eda de Prensa de ATE C\u00f3rdoba en FM Gen, la trabajadora de la Secretar\u00eda de Derechos Humanos de la Naci\u00f3n, Marlene Baronetto, cont\u00f3 su impresi\u00f3n respecto a las muestras de negacionismo que suele observarse en el discurso p\u00fablico.","format":"standard","video":"","gallery":"","source_name":"","source_url":"","via_name":"","via_url":"","override":[{"template":"1","single_blog_custom":"","parallax":"1","fullscreen":"1","layout":"right-sidebar","sidebar":"default-sidebar","second_sidebar":"default-sidebar","sticky_sidebar":"1","share_position":"top","share_float_style":"share-monocrhome","show_share_counter":"1","show_view_counter":"1","show_featured":"1","show_post_meta":"1","show_post_author":"1","show_post_author_image":"1","show_post_date":"1","post_date_format":"default","post_date_format_custom":"Y\/m\/d","show_post_category":"1","post_reading_time_wpm":"300","zoom_button_out_step":"2","zoom_button_in_step":"3","show_post_tag":"1","show_prev_next_post":"1","show_popup_post":"1","number_popup_post":"1"}],"image_override":[{"single_post_thumbnail_size":"crop-500","single_post_gallery_size":"crop-500"}],"trending_post_position":"meta","trending_post_label":"Trending","sponsored_post_label":"Sponsored by","sponsored_post_name":"","sponsored_post_url":"","sponsored_post_logo":"","sponsored_post_desc":""},"jnews_primary_category":{"id":""},"jnews_social_meta":{"fb_title":"","fb_description":"","fb_image":"","twitter_title":"","twitter_description":"","twitter_image":""},"jnews_review":[],"enable_review":"","type":"percentage","name":"","summary":"","brand":"","sku":"","good":[{"good_text":""}],"bad":[{"bad_text":""}],"score_override":"","override_value":"","rating":[{"rating_text":"","rating_number":"10"}],"price":[{"shop":"","price":"","link":"","icon":""}],"jnews_override_counter":{"view_counter_number":"0","share_counter_number":"0","like_counter_number":"0","dislike_counter_number":"0"},"jnews_post_split":{"post_split":[{"template":"1","tag":"h2","numbering":"asc","mode":"normal","toc_type":"normal"}]},"footnotes":""},"categories":[122],"tags":[],"class_list":["post-27506","post","type-post","status-publish","format-standard","has-post-thumbnail","hentry","category-ddhh"],"jetpack_featured_media_url":"https:\/\/atecordoba.org\/wp-content\/uploads\/2021\/08\/marlenebaronetto-e1629988301506.jpeg","_links":{"self":[{"href":"https:\/\/atecordoba.org\/index.php?rest_route=\/wp\/v2\/posts\/27506","targetHints":{"allow":["GET"]}}],"collection":[{"href":"https:\/\/atecordoba.org\/index.php?rest_route=\/wp\/v2\/posts"}],"about":[{"href":"https:\/\/atecordoba.org\/index.php?rest_route=\/wp\/v2\/types\/post"}],"author":[{"embeddable":true,"href":"https:\/\/atecordoba.org\/index.php?rest_route=\/wp\/v2\/users\/7"}],"replies":[{"embeddable":true,"href":"https:\/\/atecordoba.org\/index.php?rest_route=%2Fwp%2Fv2%2Fcomments&post=27506"}],"version-history":[{"count":3,"href":"https:\/\/atecordoba.org\/index.php?rest_route=\/wp\/v2\/posts\/27506\/revisions"}],"predecessor-version":[{"id":27511,"href":"https:\/\/atecordoba.org\/index.php?rest_route=\/wp\/v2\/posts\/27506\/revisions\/27511"}],"wp:featuredmedia":[{"embeddable":true,"href":"https:\/\/atecordoba.org\/index.php?rest_route=\/wp\/v2\/media\/27508"}],"wp:attachment":[{"href":"https:\/\/atecordoba.org\/index.php?rest_route=%2Fwp%2Fv2%2Fmedia&parent=27506"}],"wp:term":[{"taxonomy":"category","embeddable":true,"href":"https:\/\/atecordoba.org\/index.php?rest_route=%2Fwp%2Fv2%2Fcategories&post=27506"},{"taxonomy":"post_tag","embeddable":true,"href":"https:\/\/atecordoba.org\/index.php?rest_route=%2Fwp%2Fv2%2Ftags&post=27506"}],"curies":[{"name":"wp","href":"https:\/\/api.w.org\/{rel}","templated":true}]}}