{"id":27467,"date":"2021-08-25T11:58:59","date_gmt":"2021-08-25T14:58:59","guid":{"rendered":"https:\/\/atecordoba.org\/?p=27467"},"modified":"2021-08-25T11:58:59","modified_gmt":"2021-08-25T14:58:59","slug":"tres-jornadas-para-debatir-sobre-el-estado-que-necesitamos-para-superar-las-pandemias","status":"publish","type":"post","link":"https:\/\/atecordoba.org\/?p=27467","title":{"rendered":"Tres jornadas para debatir sobre el Estado que necesitamos para superar las pandemias"},"content":{"rendered":"\n<div class=\"wp-block-image is-style-default\"><figure class=\"aligncenter size-large is-resized\"><img loading=\"lazy\" decoding=\"async\" src=\"https:\/\/atecordoba.org\/wp-content\/uploads\/2021\/08\/seminario_estadoquenecesitamos-1024x753.jpg\" alt=\"\" class=\"wp-image-27469\" width=\"741\" height=\"545\" \/><\/figure><\/div>\n\n\n\n<p>Este 31 de agosto, y 1 y 2 de septiembre, en el Anfiteatro Eva Per\u00f3n de ATE Nacional (Av. Belgrano 2527, CABA), se llevara cabo el Seminario \u00abEl Estado que necesitamos para superar las pandemias: Hacia un Estado democr\u00e1tico y popular\u00bb.&nbsp;<strong>Las jornadas se trasmitir\u00e1n en vivo por las redes sociales de ATE Nacional,&nbsp;<\/strong><strong>y<\/strong><strong>&nbsp;cientos de compa\u00f1erxs de todo el pa\u00eds participaran mediante teleconferencia.<\/strong><\/p>\n\n\n\n<p>La propuesta parte de la premisa de que la pandemia por COVID-19, cuyas consecuencias radicalizaron las condiciones de deterioro social producidas por cuatro a\u00f1os de experiencia neoliberal, no pueden soslayar otras discusiones importantes y pendientes.<\/p>\n\n\n\n<p>En primer lugar, sobre las condiciones de ordenamiento de nuestra vida cotidiana, que \u00aben clave emancipatoria, nos desaf\u00eda a discutir un nuevo rol del Estado\u00bb, se\u00f1alan lxs organizadores.\u00bbEse nuevo papel -detallan- tiene que ver con articular estrategias en el proceso econ\u00f3mico, recuperar funciones en la producci\u00f3n, en la prestaci\u00f3n de servicios p\u00fablicos esenciales y avanzando en una regulaci\u00f3n estricta de los principales grupos de poder econ\u00f3mico\u00bb<\/p>\n\n\n\n<p>Sobre los motivos de la convocatoria, el Secretario General de ATE y principal anfitri\u00f3n del evento,\u00a0<strong>Hugo \u00abCachorro\u00bb Godoy,<\/strong>\u00a0explic\u00f3 que sucede en un contexto en el que se requieren\u00a0\u00abrespuestas m\u00e1s contundentes por parte del Gobierno\u00bb<em>.<\/em>\u00a0Tanto\u00a0\u00abpara la construcci\u00f3n de nuevas instituciones y pol\u00edticas p\u00fablicas\u00bb,\u00a0como para \u00abavanzar en formas de intervenci\u00f3n del Gobierno y del Estado\u00bb. En ese marco,<em>\u00a0<\/em>\u00ablas y los trabajadores necesitamos acrecentar las formas de intervenci\u00f3n en el debate pol\u00edtico, en la propuesta y en acciones en pos de estos objetivos\u00bb, afirm\u00f3.<\/p>\n\n\n\n<p>\u00abQueremos seguir siendo, en este tiempo hist\u00f3rico, promotores de un nuevo paradigma de sociedad\u00bb,\u00a0se\u00f1al\u00f3 Godoy, quien remarc\u00f3 que\u00a0\u00abese nuevo paradigma no se puede pensar solamente a escala nacional\u00bb.\u00a0\u00abLa construcci\u00f3n de Estados Plurinacionales debe ser un objetivo para fortalecer las identidades de nuestros pueblos y naciones\u00bb, subray\u00f3.<\/p>\n\n\n\n<p>As\u00ed, la participaci\u00f3n popular es clave para la democratizaci\u00f3n del Estado. Por eso, el Seminario se popone debatir junto a distintos sectores sociales, con la participaci\u00f3n de dirigentes sindicales, pol\u00edticos y sociales, docentes e investigadores, legisladores, funcionarixs de Gobierno y empresarixs, entre otrxs.<\/p>\n\n\n\n<p><strong>Dora Barrancos (Co Presidente de la CPM), Fernando Huanacuni (Ex Canciller de Bolivia), Ricardo Peidro (titular de la CTA-A), Ana Castellani (Secretaria de Gesti\u00f3n y Empleo P\u00fablico), Javier Noguera (vicepresidente de la Federaci\u00f3n Argentina de Municipios), la diputada Fernanda Vallejos, y Alejandra Dar\u00edn (Asociaci\u00f3n Argentina de Actores), son s\u00f3lo algunxs de lxs referentes que disertaran durante las tres jornadas.<\/strong><\/p>\n\n\n\n<p>En las mismas, se profundizar\u00e1 en seis ejes tem\u00e1ticos: Estado, democratizaci\u00f3n y nuevas instituciones; el Estado y la democratizaci\u00f3n de las Relaciones Laborales; El Estado y su intervenci\u00f3n en la Econom\u00eda; Estado y Modelo Productivo; Estado, Trabajo y Pol\u00edticas P\u00fablicas; Estado, Comunicaci\u00f3n y Cultura.<\/p>\n\n\n<a href=\"https:\/\/atecordoba.org\/wp-content\/uploads\/2021\/08\/Seminario-ATE_EstadoQueNecesitamos.pdf\" class=\"pdfemb-viewer\" style=\"\" data-width=\"max\" data-height=\"max\" data-toolbar=\"bottom\" data-toolbar-fixed=\"off\">Seminario-ATE_EstadoQueNecesitamos<\/a>\n<p class=\"wp-block-pdfemb-pdf-embedder-viewer\"><\/p>\n\n\n\n<p><\/p>\n","protected":false},"excerpt":{"rendered":"<p>Este 31 de agosto, y 1 y 2 de septiembre, en el Anfiteatro Eva Per\u00f3n de ATE Nacional (Av. Belgrano 2527, CABA), se llevara cabo el Seminario \u00abEl Estado que necesitamos para superar las pandemias: Hacia un Estado democr\u00e1tico y popular\u00bb.&nbsp;Las jornadas se trasmitir\u00e1n en vivo por las redes sociales de ATE Nacional,&nbsp;y&nbsp;cientos de compa\u00f1erxs [&hellip;]<\/p>\n","protected":false},"author":7,"featured_media":27469,"comment_status":"open","ping_status":"open","sticky":false,"template":"","format":"standard","meta":{"_exactmetrics_skip_tracking":false,"_exactmetrics_sitenote_active":false,"_exactmetrics_sitenote_note":"","_exactmetrics_sitenote_category":0,"jnews-multi-image_gallery":[],"jnews_single_post":{"subtitle":"El Seminario comienza el 31 de agosto. Participaran dirigentes sindicales, sociales, investigadores, empresarixs, funcionarixs, entre otrxs sectores. Es abierto al p\u00fablico. ","format":"standard","video":"","gallery":"","source_name":"","source_url":"","via_name":"","via_url":"","override":[{"single_blog_custom":"","sidebar":"","second_sidebar":"","share_position":"","share_float_style":"","post_date_format":"","post_date_format_custom":"","post_reading_time_wpm":"","zoom_button_out_step":"1","zoom_button_in_step":"1","number_popup_post":"1"}],"image_override":[{"single_post_thumbnail_size":"","single_post_gallery_size":""}],"trending_post_position":"","trending_post_label":"","sponsored_post_label":"","sponsored_post_name":"","sponsored_post_url":"","sponsored_post_logo":"","sponsored_post_desc":""},"jnews_primary_category":{"id":""},"jnews_social_meta":{"fb_title":"","fb_description":"","fb_image":"","twitter_title":"","twitter_description":"","twitter_image":""},"jnews_review":[],"enable_review":"","type":"percentage","name":"","summary":"","brand":"","sku":"","good":[{"good_text":""}],"bad":[{"bad_text":""}],"score_override":"","override_value":"","rating":[{"rating_text":"","rating_number":"10"}],"price":[{"shop":"","price":"","link":"","icon":""}],"jnews_override_counter":{"view_counter_number":"0","share_counter_number":"0","like_counter_number":"0","dislike_counter_number":"0"},"jnews_post_split":{"post_split":[{"template":"1","tag":"h2","numbering":"asc","mode":"normal","toc_type":"normal"}]},"footnotes":""},"categories":[10],"tags":[],"class_list":["post-27467","post","type-post","status-publish","format-standard","has-post-thumbnail","hentry","category-accion-politica"],"jetpack_featured_media_url":"https:\/\/atecordoba.org\/wp-content\/uploads\/2021\/08\/seminario_estadoquenecesitamos-e1629903494532.jpg","_links":{"self":[{"href":"https:\/\/atecordoba.org\/index.php?rest_route=\/wp\/v2\/posts\/27467","targetHints":{"allow":["GET"]}}],"collection":[{"href":"https:\/\/atecordoba.org\/index.php?rest_route=\/wp\/v2\/posts"}],"about":[{"href":"https:\/\/atecordoba.org\/index.php?rest_route=\/wp\/v2\/types\/post"}],"author":[{"embeddable":true,"href":"https:\/\/atecordoba.org\/index.php?rest_route=\/wp\/v2\/users\/7"}],"replies":[{"embeddable":true,"href":"https:\/\/atecordoba.org\/index.php?rest_route=%2Fwp%2Fv2%2Fcomments&post=27467"}],"version-history":[{"count":1,"href":"https:\/\/atecordoba.org\/index.php?rest_route=\/wp\/v2\/posts\/27467\/revisions"}],"predecessor-version":[{"id":27471,"href":"https:\/\/atecordoba.org\/index.php?rest_route=\/wp\/v2\/posts\/27467\/revisions\/27471"}],"wp:featuredmedia":[{"embeddable":true,"href":"https:\/\/atecordoba.org\/index.php?rest_route=\/wp\/v2\/media\/27469"}],"wp:attachment":[{"href":"https:\/\/atecordoba.org\/index.php?rest_route=%2Fwp%2Fv2%2Fmedia&parent=27467"}],"wp:term":[{"taxonomy":"category","embeddable":true,"href":"https:\/\/atecordoba.org\/index.php?rest_route=%2Fwp%2Fv2%2Fcategories&post=27467"},{"taxonomy":"post_tag","embeddable":true,"href":"https:\/\/atecordoba.org\/index.php?rest_route=%2Fwp%2Fv2%2Ftags&post=27467"}],"curies":[{"name":"wp","href":"https:\/\/api.w.org\/{rel}","templated":true}]}}