{"id":27463,"date":"2021-08-25T11:50:51","date_gmt":"2021-08-25T14:50:51","guid":{"rendered":"https:\/\/atecordoba.org\/?p=27463"},"modified":"2021-08-25T11:53:49","modified_gmt":"2021-08-25T14:53:49","slug":"giuliani-la-pobreza-y-el-hambre-no-estan-en-la-agenda-electoral","status":"publish","type":"post","link":"https:\/\/atecordoba.org\/?p=27463","title":{"rendered":"Giuliani: \u201cLa pobreza y el hambre no est\u00e1n en la agenda electoral\u201d"},"content":{"rendered":"\n<div class=\"wp-block-image is-style-default\"><figure class=\"alignright size-large is-resized\"><img loading=\"lazy\" decoding=\"async\" src=\"https:\/\/atecordoba.org\/wp-content\/uploads\/2021\/08\/fenat_rio-cuarto2.jpg\" alt=\"\" class=\"wp-image-27464\" width=\"477\" height=\"318\"\/><\/figure><\/div>\n\n\n\n<p>Durante una recorrida por barrio San Mart\u00edn, en R\u00edo Cuarto, el secretario General del Consejo Directivo Provincial y la Central Aut\u00f3noma, Federico Giuliani, cuestion\u00f3 el tono y el nivel del debate pol\u00edtico en esta fase electoral y denunci\u00f3 que \u201clos temas del hambre y la pobreza no aparecen en la agenda electoral de las principales fuerzas pol\u00edticas\u201d.<\/p>\n\n\n\n<p>\u201cNo hay plata que alcance, los merenderos y comedores comunitarios no dan abasto y toda la ayuda social que pueda venir del Estado es insuficiente. En el pa\u00eds de la carne, la leche y el pan, millones de compatriotas pasan hambre y son pobres. Es lastimoso que en el primer semestre del a\u00f1o hubo el menor consumo de carne de toda la historia. Hay que poner plata en el bolsillo de los sectores populares y terminar con la cantinela de controlar el gasto p\u00fablico para endulzar los o\u00eddos del FMI\u201d, sentenci\u00f3 el dirigente.<\/p>\n\n\n\n<p>Junto a Silvia Alcoba, Coordinadora Provincial de la Federaci\u00f3n Nacional Territorial (FeNaT-CTA) y Valeria Palacio, Secretaria de Acci\u00f3n Social de la CTA-A provincial, se llev\u00f3 a cabo una asamblea con la Brigada de Construcci\u00f3n \u201cLos Guerreros\u201d de la FeNaT, que est\u00e1 construyendo el Centro Comunitario de la CTA Aut\u00f3noma en esa barriada.<\/p>\n\n\n\n<p>\u201cAqu\u00ed y ahora estamos poniendo manos a la obra para transformar los planes sociales en trabajo genuino\u201d, indic\u00f3 Giuliani. Y a\u00f1adi\u00f3: \u201cNo se defiende lo que no se conoce y lo que no se hace con el esfuerzo colectivo. Por eso esta construcci\u00f3n que estamos llevando adelante perdurar\u00e1 con el tiempo, porque la hacemos con el sudor de nuestra frente.&nbsp;Vamos por Tierra, Techo y Trabajo. Este nuevo Centro Comunitario ser\u00e1 transformador para el Barrio San Mart\u00edn y su gente\u201d.<\/p>\n\n\n\n<p><strong>La obra<\/strong><\/p>\n\n\n\n<p>\u201cEsta obra en construcci\u00f3n que esper\u00e1bamos con ansias arranc\u00f3 el 11 de agosto\u201d, avis\u00f3 Silvia Alcoba.<\/p>\n\n\n\n<div class=\"wp-block-image is-style-default\"><figure class=\"aligncenter size-large is-resized\"><img loading=\"lazy\" decoding=\"async\" src=\"https:\/\/atecordoba.org\/wp-content\/uploads\/2021\/08\/fenat_rio-cuarto.jpg\" alt=\"\" class=\"wp-image-27465\" width=\"595\" height=\"397\" srcset=\"https:\/\/atecordoba.org\/wp-content\/uploads\/2021\/08\/fenat_rio-cuarto.jpg 960w, https:\/\/atecordoba.org\/wp-content\/uploads\/2021\/08\/fenat_rio-cuarto-300x200.jpg 300w, https:\/\/atecordoba.org\/wp-content\/uploads\/2021\/08\/fenat_rio-cuarto-768x513.jpg 768w, https:\/\/atecordoba.org\/wp-content\/uploads\/2021\/08\/fenat_rio-cuarto-750x501.jpg 750w\" sizes=\"auto, (max-width: 595px) 100vw, 595px\" \/><\/figure><\/div>\n\n\n\n<p>\u201cNuestra b\u00fasqueda por Techo, Tierra y Trabajo para la vida digna de nuestros compa\u00f1eros y compa\u00f1eras necesit\u00f3 de demandas y negociaciones con el Estado Municipal y Nacional hasta que finalmente dieron sus frutos: Conseguimos herramientas de trabajo y salarios para las trabajadores y trabajadores de las obras a trav\u00e9s de una Unidad Ejecutora\u201d, explic\u00f3.<\/p>\n","protected":false},"excerpt":{"rendered":"<p>Durante una recorrida por barrio San Mart\u00edn, en R\u00edo Cuarto, el secretario General del Consejo Directivo Provincial y la Central Aut\u00f3noma, Federico Giuliani, cuestion\u00f3 el tono y el nivel del debate pol\u00edtico en esta fase electoral y denunci\u00f3 que \u201clos temas del hambre y la pobreza no aparecen en la agenda electoral de las principales [&hellip;]<\/p>\n","protected":false},"author":7,"featured_media":27464,"comment_status":"open","ping_status":"open","sticky":false,"template":"","format":"standard","meta":{"_exactmetrics_skip_tracking":false,"_exactmetrics_sitenote_active":false,"_exactmetrics_sitenote_note":"","_exactmetrics_sitenote_category":0,"jnews-multi-image_gallery":[],"jnews_single_post":{"subtitle":"El Secretario General de ATE C\u00f3rdoba cuestion\u00f3 a la dirigencia pol\u00edtica por eludir los temas que m\u00e1s afectan a la poblaci\u00f3n.","format":"standard","video":"","gallery":"","source_name":"","source_url":"","via_name":"","via_url":"","override":[{"single_blog_custom":"","sidebar":"","second_sidebar":"","share_position":"","share_float_style":"","post_date_format":"","post_date_format_custom":"","post_reading_time_wpm":"","zoom_button_out_step":"1","zoom_button_in_step":"1","number_popup_post":"1"}],"image_override":[{"single_post_thumbnail_size":"","single_post_gallery_size":""}],"trending_post_position":"","trending_post_label":"","sponsored_post_label":"","sponsored_post_name":"","sponsored_post_url":"","sponsored_post_logo":"","sponsored_post_desc":""},"jnews_primary_category":{"id":""},"jnews_social_meta":{"fb_title":"","fb_description":"","fb_image":"","twitter_title":"","twitter_description":"","twitter_image":""},"jnews_review":[],"enable_review":"","type":"percentage","name":"","summary":"","brand":"","sku":"","good":[{"good_text":""}],"bad":[{"bad_text":""}],"score_override":"","override_value":"","rating":[{"rating_text":"","rating_number":"10"}],"price":[{"shop":"","price":"","link":"","icon":""}],"jnews_override_counter":{"view_counter_number":"0","share_counter_number":"0","like_counter_number":"0","dislike_counter_number":"0"},"jnews_post_split":{"post_split":[{"template":"1","tag":"h2","numbering":"asc","mode":"normal","toc_type":"normal"}]},"footnotes":""},"categories":[350],"tags":[863,885,155],"class_list":["post-27463","post","type-post","status-publish","format-standard","has-post-thumbnail","hentry","category-opinion","tag-fenat","tag-hambre","tag-pobreza"],"jetpack_featured_media_url":"https:\/\/atecordoba.org\/wp-content\/uploads\/2021\/08\/fenat_rio-cuarto2.jpg","_links":{"self":[{"href":"https:\/\/atecordoba.org\/index.php?rest_route=\/wp\/v2\/posts\/27463","targetHints":{"allow":["GET"]}}],"collection":[{"href":"https:\/\/atecordoba.org\/index.php?rest_route=\/wp\/v2\/posts"}],"about":[{"href":"https:\/\/atecordoba.org\/index.php?rest_route=\/wp\/v2\/types\/post"}],"author":[{"embeddable":true,"href":"https:\/\/atecordoba.org\/index.php?rest_route=\/wp\/v2\/users\/7"}],"replies":[{"embeddable":true,"href":"https:\/\/atecordoba.org\/index.php?rest_route=%2Fwp%2Fv2%2Fcomments&post=27463"}],"version-history":[{"count":2,"href":"https:\/\/atecordoba.org\/index.php?rest_route=\/wp\/v2\/posts\/27463\/revisions"}],"predecessor-version":[{"id":27468,"href":"https:\/\/atecordoba.org\/index.php?rest_route=\/wp\/v2\/posts\/27463\/revisions\/27468"}],"wp:featuredmedia":[{"embeddable":true,"href":"https:\/\/atecordoba.org\/index.php?rest_route=\/wp\/v2\/media\/27464"}],"wp:attachment":[{"href":"https:\/\/atecordoba.org\/index.php?rest_route=%2Fwp%2Fv2%2Fmedia&parent=27463"}],"wp:term":[{"taxonomy":"category","embeddable":true,"href":"https:\/\/atecordoba.org\/index.php?rest_route=%2Fwp%2Fv2%2Fcategories&post=27463"},{"taxonomy":"post_tag","embeddable":true,"href":"https:\/\/atecordoba.org\/index.php?rest_route=%2Fwp%2Fv2%2Ftags&post=27463"}],"curies":[{"name":"wp","href":"https:\/\/api.w.org\/{rel}","templated":true}]}}