{"id":27454,"date":"2021-08-25T09:27:35","date_gmt":"2021-08-25T12:27:35","guid":{"rendered":"https:\/\/atecordoba.org\/?p=27454"},"modified":"2021-08-25T13:22:05","modified_gmt":"2021-08-25T16:22:05","slug":"rio-tercero-asamblea-de-municipales-en-sede-de-ate","status":"publish","type":"post","link":"https:\/\/atecordoba.org\/?p=27454","title":{"rendered":"R\u00edo Tercero: asamblea de municipales en sede de ATE"},"content":{"rendered":"\n<div class=\"wp-block-image\"><figure class=\"aligncenter size-large is-resized\"><img loading=\"lazy\" decoding=\"async\" src=\"https:\/\/atecordoba.org\/wp-content\/uploads\/2021\/08\/asamblea_rio3.jpg\" alt=\"\" class=\"wp-image-27455\" width=\"722\" height=\"468\" \/><\/figure><\/div>\n\n\n\n<p>Con el acompa\u00f1amiento de la conducci\u00f3n de la seccional ATE R\u00edo Tercero, encabezada por su secretario General Dami\u00e1n Albornoz y el gremial David Salto, se llev\u00f3 a cabo ayer una asamblea de las y los trabajadores de la Municipalidad. En ese marco, se realiz\u00f3 la presentaci\u00f3n de la convocatoria a elecciones el 1\u00b0 de septiembre en el \u00e1mbito de la intendencia de R\u00edo Tercero.<\/p>\n\n\n\n<p>Se trata de la primera vez en 40 a\u00f1os que las y los trabajadores van a poder elegir a sus delegados de manera democr\u00e1tica y transparente.<\/p>\n\n\n\n<p>Conjuntamente con el cuerpo de las y los delegados, se debati\u00f3 las pr\u00f3ximas medidas a tomar a causa de la falta de carrera, elecci\u00f3n de delegados y las recategorizaciones postergadas<\/p>\n\n\n\n<div class=\"wp-block-image\"><figure class=\"aligncenter size-large is-resized\"><img loading=\"lazy\" decoding=\"async\" src=\"https:\/\/atecordoba.org\/wp-content\/uploads\/2021\/08\/david-salto.jpg\" alt=\"\" class=\"wp-image-27456\" width=\"502\" height=\"351\" srcset=\"https:\/\/atecordoba.org\/wp-content\/uploads\/2021\/08\/david-salto.jpg 960w, https:\/\/atecordoba.org\/wp-content\/uploads\/2021\/08\/david-salto-300x210.jpg 300w, https:\/\/atecordoba.org\/wp-content\/uploads\/2021\/08\/david-salto-768x537.jpg 768w, https:\/\/atecordoba.org\/wp-content\/uploads\/2021\/08\/david-salto-750x524.jpg 750w\" sizes=\"auto, (max-width: 502px) 100vw, 502px\" \/><\/figure><\/div>\n\n\n\n<p>Vale se\u00f1alar que se han mantenido reuniones con funcionarios del Ejecutivo comunal y jefes de sectores, en el marco de las relaciones institucionales que l\u00f3gicamente mantiene nuestro gremio con la patronal, pero a\u00fan sin resultados en camino de lograr la agenda de reclamos gremiales de las y los trabajadores. En la asamblea se concluy\u00f3 que una vez agotadas esas instancias se avanzar\u00e1 en otras medidas.<\/p>\n\n\n\n<p>Al mismo tiempo, se reafirm\u00f3 la apertura para la afiliaci\u00f3n de las y los trabajadores contratados, que d\u00eda a d\u00eda van presentando la intenci\u00f3n de sumarse a ATE.<\/p>\n\n\n\n<p><\/p>\n","protected":false},"excerpt":{"rendered":"<p>Con el acompa\u00f1amiento de la conducci\u00f3n de la seccional ATE R\u00edo Tercero, encabezada por su secretario General Dami\u00e1n Albornoz y el gremial David Salto, se llev\u00f3 a cabo ayer una asamblea de las y los trabajadores de la Municipalidad. En ese marco, se realiz\u00f3 la presentaci\u00f3n de la convocatoria a elecciones el 1\u00b0 de septiembre [&hellip;]<\/p>\n","protected":false},"author":7,"featured_media":27455,"comment_status":"open","ping_status":"open","sticky":false,"template":"","format":"standard","meta":{"_exactmetrics_skip_tracking":false,"_exactmetrics_sitenote_active":false,"_exactmetrics_sitenote_note":"","_exactmetrics_sitenote_category":0,"jnews-multi-image_gallery":[],"jnews_single_post":{"subtitle":"Avanza paso a paso la organizaci\u00f3n de las y los municipales en ATE. Por primera vez en 40 a\u00f1os habr\u00e1 elecciones libres y transparentes en el \u00e1mbito de la intendencia de R\u00edo Tercero.","format":"standard","video":"","gallery":"","source_name":"","source_url":"","via_name":"","via_url":"","override":[{"single_blog_custom":"","sidebar":"","second_sidebar":"","share_position":"","share_float_style":"","post_date_format":"","post_date_format_custom":"","post_reading_time_wpm":"","zoom_button_out_step":"1","zoom_button_in_step":"1","number_popup_post":"1"}],"image_override":[{"single_post_thumbnail_size":"","single_post_gallery_size":""}],"trending_post_position":"","trending_post_label":"","sponsored_post_label":"","sponsored_post_name":"","sponsored_post_url":"","sponsored_post_logo":"","sponsored_post_desc":""},"jnews_primary_category":{"id":""},"jnews_social_meta":{"fb_title":"","fb_description":"","fb_image":"","twitter_title":"","twitter_description":"","twitter_image":""},"jnews_review":[],"enable_review":"","type":"percentage","name":"","summary":"","brand":"","sku":"","good":[{"good_text":""}],"bad":[{"bad_text":""}],"score_override":"","override_value":"","rating":[{"rating_text":"","rating_number":"10"}],"price":[{"shop":"","price":"","link":"","icon":""}],"jnews_override_counter":{"view_counter_number":"0","share_counter_number":"0","like_counter_number":"0","dislike_counter_number":"0"},"jnews_post_split":{"post_split":[{"template":"1","tag":"h2","numbering":"asc","mode":"normal","toc_type":"normal"}]},"footnotes":""},"categories":[20],"tags":[716],"class_list":["post-27454","post","type-post","status-publish","format-standard","has-post-thumbnail","hentry","category-municipales","tag-municipalidad-de-rio-tercero"],"jetpack_featured_media_url":"https:\/\/atecordoba.org\/wp-content\/uploads\/2021\/08\/asamblea_rio3-e1629894402298.jpg","_links":{"self":[{"href":"https:\/\/atecordoba.org\/index.php?rest_route=\/wp\/v2\/posts\/27454","targetHints":{"allow":["GET"]}}],"collection":[{"href":"https:\/\/atecordoba.org\/index.php?rest_route=\/wp\/v2\/posts"}],"about":[{"href":"https:\/\/atecordoba.org\/index.php?rest_route=\/wp\/v2\/types\/post"}],"author":[{"embeddable":true,"href":"https:\/\/atecordoba.org\/index.php?rest_route=\/wp\/v2\/users\/7"}],"replies":[{"embeddable":true,"href":"https:\/\/atecordoba.org\/index.php?rest_route=%2Fwp%2Fv2%2Fcomments&post=27454"}],"version-history":[{"count":3,"href":"https:\/\/atecordoba.org\/index.php?rest_route=\/wp\/v2\/posts\/27454\/revisions"}],"predecessor-version":[{"id":27473,"href":"https:\/\/atecordoba.org\/index.php?rest_route=\/wp\/v2\/posts\/27454\/revisions\/27473"}],"wp:featuredmedia":[{"embeddable":true,"href":"https:\/\/atecordoba.org\/index.php?rest_route=\/wp\/v2\/media\/27455"}],"wp:attachment":[{"href":"https:\/\/atecordoba.org\/index.php?rest_route=%2Fwp%2Fv2%2Fmedia&parent=27454"}],"wp:term":[{"taxonomy":"category","embeddable":true,"href":"https:\/\/atecordoba.org\/index.php?rest_route=%2Fwp%2Fv2%2Fcategories&post=27454"},{"taxonomy":"post_tag","embeddable":true,"href":"https:\/\/atecordoba.org\/index.php?rest_route=%2Fwp%2Fv2%2Ftags&post=27454"}],"curies":[{"name":"wp","href":"https:\/\/api.w.org\/{rel}","templated":true}]}}