{"id":2744,"date":"2013-05-21T21:25:15","date_gmt":"2013-05-22T00:25:15","guid":{"rendered":"http:\/\/www.atecordoba.org\/?p=2744"},"modified":"2013-05-21T21:25:15","modified_gmt":"2013-05-22T00:25:15","slug":"se-realizo-ayer-el-congreso-provincial-con-amplia-participacion-de-toda-la-provincia","status":"publish","type":"post","link":"https:\/\/atecordoba.org\/?p=2744","title":{"rendered":"Se realiz\u00f3 ayer el congreso provincial con amplia participaci\u00f3n de toda la provincia"},"content":{"rendered":"<p><em>El 17\u00ba congreso ordinario aprob\u00f3 memoria y balance, en tanto que el extraordinario realiz\u00f3 un \u00a0debate sobre la pol\u00edtica que llevar\u00e1 adelante el gremio este a\u00f1o. Una delegaci\u00f3n del Concejo Directivo Nacional acompa\u00f1\u00f3 una jornada de esp\u00edritu militante.<\/em><\/p>\n<p><a href=\"http:\/\/www.atecordoba.org\/wp-content\/uploads\/2013\/05\/foto-1.jpg\"><img loading=\"lazy\" decoding=\"async\" class=\"aligncenter size-full wp-image-2745\" title=\"foto 1\" src=\"http:\/\/www.atecordoba.org\/wp-content\/uploads\/2013\/05\/foto-1.jpg\" alt=\"\" width=\"800\" height=\"600\" \/><\/a><\/p>\n<p>Pasadas las 10 horas de ayer lunes 20 de mayo, con m\u00e1s de un centenar de un centenar de congresales acreditados, nuestra secretaria General del Consejo Directivo Provincial (CDP), Mar\u00eda Teresa Romero, dio inicio al 17\u00ba Congreso Ordinario y Extraordinario de ATE C\u00f3rdoba.<\/p>\n<p>En la oportunidad se encontraban presentes, sentados junto a Romero, los secretarios generales de las seccionales Villa Mar\u00eda, R\u00edo Tercero y R\u00edo Cuarto, Walter Secondino, Cristian Colman y Federico Giuliani respectivamente, m\u00e1s el compa\u00f1ero pedro Mor\u00e1n, en representaci\u00f3n de los municipales de Cruz del Eje. Adem\u00e1s se destac\u00f3 una comitiva llegada desde el Consejo Directivo Nacional encasbezada por la secretaria de Organizaci\u00f3n, Silvia Le\u00f3n, el secretario de Interior, Vicente Mart\u00ed y los compa\u00f1eros integrantes de la conducci\u00f3n Marta Galante, Claudio Ar\u00e9valo y Lu\u00eds Maseiro.<\/p>\n<p>Las primeras palabras estuvieron a cargo del compa\u00f1ero Vicente Mart\u00ed, que se\u00f1al\u00f3 &#8220;la necesidad de seguir creciendo en el sector municipal, ya que existen m\u00e1s de 2500 municipios en todo el pa\u00eds&#8221;. El secretario de Interior del CDN \u00a0trajo el saludo del compa\u00f1ero Julio fuentes, secretario General del CDN. &#8220;Sabemos cu\u00e1l es la enfermedad -afirm\u00f3-y tenemos que dar la pelea para resolver los problemas de los trabajadores. Existen m\u00e1s de 380 categor\u00edas o funcionamientos entre los estatales de las distintas jurisdicciones. ATE debe estar en todas, para llegar al sector donde el <a href=\"http:\/\/www.atecordoba.org\/wp-content\/uploads\/2013\/05\/foto-5.jpg\"><img loading=\"lazy\" decoding=\"async\" class=\"alignright size-medium wp-image-2752\" title=\"foto 5\" src=\"http:\/\/www.atecordoba.org\/wp-content\/uploads\/2013\/05\/foto-5-300x225.jpg\" alt=\"\" width=\"300\" height=\"225\" \/><\/a>trabajador del Estado est\u00e9 sufriendo. Tenemos que ser m\u00e1s, sin que nos importen otras organizaciones gremiales, porque ATE tiene coherencia social y pol\u00edtica, no traiciona, no enga\u00f1a, es independiente del poder econ\u00f3mico, de los partidos pol\u00edticos, de las fuerzas del poder que intentan someter y avasallar todos los d\u00edas a los trabajadores del Estado&#8221;.<\/p>\n<p>Acto seguido, en su discurso inaugural de la jornada, Romero destac\u00f3 \u00a0que &#8220;venimos de un paro el viernes pasado que fue muy bueno, construido desde abajo, que \u00a0ped\u00edamos a la conducci\u00f3n nacional para salir a desnudar ante la poblaci\u00f3n las cosas que nos faltan -a pesar que venimos peleando hace a\u00f1os- como la precarizaci\u00f3n laboral, el blanqueo salarial, la unificaci\u00f3n de las asignaciones familiares, en contra del impuesto al salario, el 82% m\u00f3vil para los jubilados, denunciando lo que pasa en la provincia&#8221;.<\/p>\n<p><a href=\"http:\/\/www.atecordoba.org\/wp-content\/uploads\/2013\/05\/foto-22.jpg\"><img loading=\"lazy\" decoding=\"async\" class=\"alignleft size-medium wp-image-2747\" title=\"foto 2\" src=\"http:\/\/www.atecordoba.org\/wp-content\/uploads\/2013\/05\/foto-22-300x225.jpg\" alt=\"\" width=\"300\" height=\"225\" \/><\/a><\/p>\n<p>En otro tramo de su discurso, la secretaria General destac\u00f3 que &#8220;la precarizaci\u00f3n laboral es un tema \u00a0muy grave, sobre todo en tiempos de crisis porque los trabajadores no tienen proyecto de vida. Como todo est\u00e1 por hacerse, si bien hubo mejoras respecto a los \u201990 y ser\u00eda necio negarlas, tambi\u00e9n es cierto que faltan muchas cosas. Somos un gremio que debe respetar lo que plantean nuestros afiliados y aceptando el desaf\u00edo para salir a pelear&#8221;.<\/p>\n<p>La dirigente hizo referencia a la situaci\u00f3n de los afiliados provinciales y municipales y destac\u00f3 que &#8220;a pesar de los problemas que surgen por la falta de reconocimiento del gobierno provincial a nuestro, que deriva en situaciones similares en muchos municipios, los compa\u00f1eros se siguen llegando al gremio a afiliarse, como pas\u00f3 con los municipales de San Agustin, donde se implica la seccional R\u00edo Tercero, en T\u00edo Pujio, con la seccional Villa Mar\u00eda, o R\u00edo Cuarto, donde la gran mayor\u00eda de nuestros afiliados son municipales&#8221;.<\/p>\n<p>En otro orden, Romero anunci\u00f3 formalmente la remodelaci\u00f3n de la sede de ATE, la compra de dos veh\u00edculos para el CDP, se congratul\u00f3 por el superavit financiero que mostr\u00f3 el gremio durante el \u00faltimo periodo, en comparaci\u00f3n con otros a\u00f1os, y homenaje\u00f3 al contador \u00a0Carlos Moreno, fallecido recientemente. &#8220;Mur\u00edo el mismo d\u00eda que otro grande como el comandante Hugo Chavez&#8221;, dijo. Seguramente Moreno hubiera sonreido por los giros del destino.<\/p>\n<p>Posteriormente, se realiz\u00f3 un homenaje a Germ\u00e1n Abdala, al cumplirse los 20 a\u00f1os de su desaparici\u00f3n, con la proyecci\u00f3n de un video que emocion\u00f3 mucho a los compa\u00f1eros presentes.<\/p>\n<p>A la hora de la votaci\u00f3n, con s\u00f3lo dos votos en contra y una abstenci\u00f3n, se aprob\u00f3 el balance del a\u00f1o 2012 as\u00ed como la memoria de actividades.<\/p>\n<p>A su turno, la compa\u00f1era Silvia Le\u00f3n trajo el saludo del CDN e hizo un balance del panorama pol\u00edtico que enfrente ATE en la actualidad. &#8220;Hoy como nunca el Estado nacional est\u00e1 cerrando el aumento con un decreto y un caf\u00e9 con Andr\u00e9s Rodr\u00edguez en la casa de gobierno, ni siquiera con una paritaria trucha como hac\u00edan otros a\u00f1os. En 2013 directamente nos convocaron a la paritaria. Creemos que cerraron con UPCN, porque no nos <a href=\"http:\/\/www.atecordoba.org\/wp-content\/uploads\/2013\/05\/foto-31.jpg\"><img loading=\"lazy\" decoding=\"async\" class=\"alignright size-medium wp-image-2748\" title=\"foto 3\" src=\"http:\/\/www.atecordoba.org\/wp-content\/uploads\/2013\/05\/foto-31-300x225.jpg\" alt=\"\" width=\"300\" height=\"225\" \/><\/a>han informado, pero nosotros contrarrestamos con un importante paro nacional el viernes pasado en todo el pa\u00eds, con la voluntad pol\u00edtica de unificar la pelea de todos los trabajadores del Estado Nacional. Esto es necesario frente a un gobierno que, adem\u00e1s tomar el discurso de banderas tan amadas pro nuestro pueblo, est\u00e1 desarrollando un modelo de Estado que se expresa en la falta de paritarias, de discusiones libres de nuestros salarios en el medio de una inflaci\u00f3n galopante. O como en el caso de la sociedad an\u00f3nima en la ANAC, el modelo de un Estado que tiene que ver con los negocios y las cajas chicas y no como garante de derechos para la poblaci\u00f3n&#8221;.<\/p>\n<p>En ese sentido, Le\u00f3n concluy\u00f3 que &#8220;no podemos avanzar con los convenios colectivos como en el caso de Fabricaciones Militares, o cuando no los podemos actualizar en funci\u00f3n de la especificidad de nuestros trabajos. Pero estamos en ATE para revolucionar el Estado y poner a los trabajadores como eje de su desarrollo&#8221;.<\/p>\n<p>por la tarde los congresales trabajaron en comisiones sobre los ejes pol\u00edticos que se desarrollar\u00e1n durante el a\u00f1o, con la coordinaci\u00f3n del secretario de Formaci\u00f3n Gustavo Peyroti.<\/p>\n<p><a href=\"http:\/\/www.atecordoba.org\/wp-content\/uploads\/2013\/05\/foto-41.jpg\"><img loading=\"lazy\" decoding=\"async\" class=\"aligncenter size-full wp-image-2749\" title=\"foto 4\" src=\"http:\/\/www.atecordoba.org\/wp-content\/uploads\/2013\/05\/foto-41.jpg\" alt=\"\" width=\"800\" height=\"600\" \/><\/a><\/p>\n","protected":false},"excerpt":{"rendered":"<p>El 17\u00ba congreso ordinario aprob\u00f3 memoria y balance, en tanto que el extraordinario realiz\u00f3 un \u00a0debate sobre la pol\u00edtica que llevar\u00e1 adelante el gremio este a\u00f1o. Una delegaci\u00f3n del Concejo Directivo Nacional acompa\u00f1\u00f3 una jornada de esp\u00edritu militante. Pasadas las 10 horas de ayer lunes 20 de mayo, con m\u00e1s de un centenar de un [&hellip;]<\/p>\n","protected":false},"author":1,"featured_media":19220,"comment_status":"open","ping_status":"open","sticky":false,"template":"","format":"standard","meta":{"_exactmetrics_skip_tracking":false,"_exactmetrics_sitenote_active":false,"_exactmetrics_sitenote_note":"","_exactmetrics_sitenote_category":0,"jnews-multi-image_gallery":[],"jnews_single_post":[],"jnews_primary_category":[],"jnews_social_meta":[],"jnews_review":[],"enable_review":"","type":"","name":"","summary":"","brand":"","sku":"","good":[],"bad":[],"score_override":"","override_value":"","rating":[],"price":[],"jnews_override_counter":[],"jnews_post_split":[],"footnotes":""},"categories":[20,18,8],"tags":[],"class_list":["post-2744","post","type-post","status-publish","format-standard","has-post-thumbnail","hentry","category-municipales","category-nacionales","category-provinciales"],"jetpack_featured_media_url":"https:\/\/atecordoba.org\/wp-content\/uploads\/2020\/05\/logo-nuevochico-e1561581322808.png","_links":{"self":[{"href":"https:\/\/atecordoba.org\/index.php?rest_route=\/wp\/v2\/posts\/2744","targetHints":{"allow":["GET"]}}],"collection":[{"href":"https:\/\/atecordoba.org\/index.php?rest_route=\/wp\/v2\/posts"}],"about":[{"href":"https:\/\/atecordoba.org\/index.php?rest_route=\/wp\/v2\/types\/post"}],"author":[{"embeddable":true,"href":"https:\/\/atecordoba.org\/index.php?rest_route=\/wp\/v2\/users\/1"}],"replies":[{"embeddable":true,"href":"https:\/\/atecordoba.org\/index.php?rest_route=%2Fwp%2Fv2%2Fcomments&post=2744"}],"version-history":[{"count":0,"href":"https:\/\/atecordoba.org\/index.php?rest_route=\/wp\/v2\/posts\/2744\/revisions"}],"wp:featuredmedia":[{"embeddable":true,"href":"https:\/\/atecordoba.org\/index.php?rest_route=\/wp\/v2\/media\/19220"}],"wp:attachment":[{"href":"https:\/\/atecordoba.org\/index.php?rest_route=%2Fwp%2Fv2%2Fmedia&parent=2744"}],"wp:term":[{"taxonomy":"category","embeddable":true,"href":"https:\/\/atecordoba.org\/index.php?rest_route=%2Fwp%2Fv2%2Fcategories&post=2744"},{"taxonomy":"post_tag","embeddable":true,"href":"https:\/\/atecordoba.org\/index.php?rest_route=%2Fwp%2Fv2%2Ftags&post=2744"}],"curies":[{"name":"wp","href":"https:\/\/api.w.org\/{rel}","templated":true}]}}