{"id":27425,"date":"2021-08-23T12:24:56","date_gmt":"2021-08-23T15:24:56","guid":{"rendered":"https:\/\/atecordoba.org\/?p=27425"},"modified":"2021-08-23T14:43:30","modified_gmt":"2021-08-23T17:43:30","slug":"con-mucha-alegria-ate-inauguro-un-local-en-alejandro-roca","status":"publish","type":"post","link":"https:\/\/atecordoba.org\/?p=27425","title":{"rendered":"Con mucha alegr\u00eda ATE inaugur\u00f3 un local en Alejandro Roca"},"content":{"rendered":"\n<div class=\"wp-block-image\"><figure class=\"aligncenter size-large is-resized\"><img loading=\"lazy\" decoding=\"async\" src=\"https:\/\/atecordoba.org\/wp-content\/uploads\/2021\/08\/WhatsApp-Image-2021-08-23-at-10.38.47-2-1024x576.jpeg\" alt=\"\" class=\"wp-image-27426\" width=\"729\" height=\"410\" \/><\/figure><\/div>\n\n\n\n<p>El viernes pasado&nbsp;qued\u00f3 reinaugurada la casa de las y los trabajadores estatales en Alejandro Roca, ubicada a 300 kil\u00f3metros al sur de C\u00f3rdoba Capital. El local cuenta con un gran sal\u00f3n para actividades m\u00faltiples y se encuentra en la esquina de Arturo Ilia y Dr Rocha.<\/p>\n\n\n\n<p>La fiesta de inauguraci\u00f3n tuvo la presencia del secretario General del Consejo Directivo Provincial, Federico Giuliani, la secretaria General de ATE R\u00edo Cuarto, Rafaela Alcoba, y el secretario General de ATE Adel\u00eda Mar\u00eda, Diego Villegas, junto a los delegados municipales Ariel Paez y Julio  ubicado en pleno centro del localidad  donde estuvieron presentes cros de la seccional Adelia Mar\u00eda, de la conducci\u00f3n provincial Federico Giuliani.<\/p>\n\n\n\n<p>La fiesta de inauguraci\u00f3n tuvo la presencia del secretario General del Consejo Directivo Provincial, Federico Giuliani, la secretaria General de ATE R\u00edo Cuarto, Rafaela Alcoba, y el secretario General de ATE Adel\u00eda Mar\u00eda, Diego Villegas, junto a los delegados municipales Ariel Paez y Julio el Canto.<\/p>\n\n\n\n<p>Para Alcoba, la inauguraci\u00f3n  se inscribe en la l\u00ednea de &#8220;la necesidad de fortalecer los procesos de organizaci\u00f3n que se viene dando en la localidad de buena manera, con el compromiso de los delegados Ariel y Julio para con las y los afiliados de nuestro gremio&#8221;.<\/p>\n\n\n\n<p>En tal sentido, la dirigente de R\u00edo Cuarto afirm\u00f3 que &#8220;siempre decimos que ATE llega para quedarse y este es un paso m\u00e1s de la organizaci\u00f3n de las y los trabajadores para dar la pelea contra la precarizaci\u00f3n laboral que existe en todos los \u00e1mbitos estatales. Para ello necesitamos estos espacios, que no solo se deben llenar con acciones netamente gremiales sino tambi\u00e9n con actividades sociales y culturales que son muy importantes para la comunidad&#8221;.<\/p>\n\n\n\n<p>Por su parte los delegados se mostraron muy agradecidos con el acompa\u00f1amiento fraterno de las y los dirigentes de ATE. <\/p>\n\n\n\n<p>La fiesta se complet\u00f3 con un corte de cintas y una cena posterior.<\/p>\n\n\n<figure class=\"wp-block-gallery columns-3 is-cropped\">\n<ul class=\"blocks-gallery-grid\">\n<li>\n<figure><a href=\"https:\/\/atecordoba.org\/wp-content\/uploads\/2021\/08\/1.jpeg\"><img loading=\"lazy\" decoding=\"async\" width=\"150\" height=\"150\" class=\"wp-image-27439\" src=\"https:\/\/atecordoba.org\/wp-content\/uploads\/2021\/08\/1-150x150.jpeg\" alt=\"\" srcset=\"https:\/\/atecordoba.org\/wp-content\/uploads\/2021\/08\/1-150x150.jpeg 150w, https:\/\/atecordoba.org\/wp-content\/uploads\/2021\/08\/1-560x560.jpeg 560w, https:\/\/atecordoba.org\/wp-content\/uploads\/2021\/08\/1-75x75.jpeg 75w, https:\/\/atecordoba.org\/wp-content\/uploads\/2021\/08\/1-350x350.jpeg 350w\" sizes=\"auto, (max-width: 150px) 100vw, 150px\" \/><\/a><\/figure>\n<\/li>\n<li>\n<figure><a href=\"https:\/\/atecordoba.org\/wp-content\/uploads\/2021\/08\/FB_IMG_1629726824054.jpg\"><img loading=\"lazy\" decoding=\"async\" width=\"150\" height=\"150\" class=\"wp-image-27442\" src=\"https:\/\/atecordoba.org\/wp-content\/uploads\/2021\/08\/FB_IMG_1629726824054-150x150.jpg\" alt=\"\" srcset=\"https:\/\/atecordoba.org\/wp-content\/uploads\/2021\/08\/FB_IMG_1629726824054-150x150.jpg 150w, https:\/\/atecordoba.org\/wp-content\/uploads\/2021\/08\/FB_IMG_1629726824054-75x75.jpg 75w, https:\/\/atecordoba.org\/wp-content\/uploads\/2021\/08\/FB_IMG_1629726824054-350x350.jpg 350w\" sizes=\"auto, (max-width: 150px) 100vw, 150px\" \/><\/a><\/figure>\n<\/li>\n<li>\n<figure><a href=\"https:\/\/atecordoba.org\/wp-content\/uploads\/2021\/08\/FB_IMG_1629726829406.jpg\"><img loading=\"lazy\" decoding=\"async\" width=\"150\" height=\"150\" class=\"wp-image-27443\" src=\"https:\/\/atecordoba.org\/wp-content\/uploads\/2021\/08\/FB_IMG_1629726829406-150x150.jpg\" alt=\"\" srcset=\"https:\/\/atecordoba.org\/wp-content\/uploads\/2021\/08\/FB_IMG_1629726829406-150x150.jpg 150w, https:\/\/atecordoba.org\/wp-content\/uploads\/2021\/08\/FB_IMG_1629726829406-75x75.jpg 75w, https:\/\/atecordoba.org\/wp-content\/uploads\/2021\/08\/FB_IMG_1629726829406-350x350.jpg 350w\" sizes=\"auto, (max-width: 150px) 100vw, 150px\" \/><\/a><\/figure>\n<\/li>\n<li>\n<figure><a href=\"https:\/\/atecordoba.org\/wp-content\/uploads\/2021\/08\/FB_IMG_1629726834290.jpg\"><img loading=\"lazy\" decoding=\"async\" width=\"150\" height=\"150\" class=\"wp-image-27445\" src=\"https:\/\/atecordoba.org\/wp-content\/uploads\/2021\/08\/FB_IMG_1629726834290-150x150.jpg\" alt=\"\" srcset=\"https:\/\/atecordoba.org\/wp-content\/uploads\/2021\/08\/FB_IMG_1629726834290-150x150.jpg 150w, https:\/\/atecordoba.org\/wp-content\/uploads\/2021\/08\/FB_IMG_1629726834290-75x75.jpg 75w, https:\/\/atecordoba.org\/wp-content\/uploads\/2021\/08\/FB_IMG_1629726834290-350x350.jpg 350w\" sizes=\"auto, (max-width: 150px) 100vw, 150px\" \/><\/a><\/figure>\n<\/li>\n<li>\n<figure><a href=\"https:\/\/atecordoba.org\/wp-content\/uploads\/2021\/08\/FB_IMG_1629726842201.jpg\"><img loading=\"lazy\" decoding=\"async\" width=\"150\" height=\"150\" class=\"wp-image-27446 aligncenter\" src=\"https:\/\/atecordoba.org\/wp-content\/uploads\/2021\/08\/FB_IMG_1629726842201-150x150.jpg\" alt=\"\" srcset=\"https:\/\/atecordoba.org\/wp-content\/uploads\/2021\/08\/FB_IMG_1629726842201-150x150.jpg 150w, https:\/\/atecordoba.org\/wp-content\/uploads\/2021\/08\/FB_IMG_1629726842201-75x75.jpg 75w, https:\/\/atecordoba.org\/wp-content\/uploads\/2021\/08\/FB_IMG_1629726842201-350x350.jpg 350w\" sizes=\"auto, (max-width: 150px) 100vw, 150px\" \/><\/a><\/figure>\n<\/li>\n<li>\n<figure><a href=\"https:\/\/atecordoba.org\/wp-content\/uploads\/2021\/08\/FB_IMG_1629726844514.jpg\"><img loading=\"lazy\" decoding=\"async\" width=\"150\" height=\"150\" class=\"wp-image-27447 aligncenter\" src=\"https:\/\/atecordoba.org\/wp-content\/uploads\/2021\/08\/FB_IMG_1629726844514-150x150.jpg\" alt=\"\" srcset=\"https:\/\/atecordoba.org\/wp-content\/uploads\/2021\/08\/FB_IMG_1629726844514-150x150.jpg 150w, https:\/\/atecordoba.org\/wp-content\/uploads\/2021\/08\/FB_IMG_1629726844514-75x75.jpg 75w, https:\/\/atecordoba.org\/wp-content\/uploads\/2021\/08\/FB_IMG_1629726844514-350x350.jpg 350w\" sizes=\"auto, (max-width: 150px) 100vw, 150px\" \/><\/a><\/figure>\n<\/li>\n<li>\u00a0<\/li>\n<li>\n<figure><a href=\"https:\/\/atecordoba.org\/wp-content\/uploads\/2021\/08\/FB_IMG_1629726856585.jpg\"><img loading=\"lazy\" decoding=\"async\" width=\"150\" height=\"150\" class=\"wp-image-27449 aligncenter\" src=\"https:\/\/atecordoba.org\/wp-content\/uploads\/2021\/08\/FB_IMG_1629726856585-150x150.jpg\" alt=\"\" srcset=\"https:\/\/atecordoba.org\/wp-content\/uploads\/2021\/08\/FB_IMG_1629726856585-150x150.jpg 150w, https:\/\/atecordoba.org\/wp-content\/uploads\/2021\/08\/FB_IMG_1629726856585-75x75.jpg 75w, https:\/\/atecordoba.org\/wp-content\/uploads\/2021\/08\/FB_IMG_1629726856585-350x350.jpg 350w\" sizes=\"auto, (max-width: 150px) 100vw, 150px\" \/><\/a><\/figure>\n<\/li>\n<li>\n<figure><a href=\"https:\/\/atecordoba.org\/wp-content\/uploads\/2021\/08\/FB_IMG_1629726860621.jpg\"><img loading=\"lazy\" decoding=\"async\" width=\"150\" height=\"150\" class=\"wp-image-27450 aligncenter\" src=\"https:\/\/atecordoba.org\/wp-content\/uploads\/2021\/08\/FB_IMG_1629726860621-150x150.jpg\" alt=\"\" srcset=\"https:\/\/atecordoba.org\/wp-content\/uploads\/2021\/08\/FB_IMG_1629726860621-150x150.jpg 150w, https:\/\/atecordoba.org\/wp-content\/uploads\/2021\/08\/FB_IMG_1629726860621-75x75.jpg 75w, https:\/\/atecordoba.org\/wp-content\/uploads\/2021\/08\/FB_IMG_1629726860621-350x350.jpg 350w\" sizes=\"auto, (max-width: 150px) 100vw, 150px\" \/><\/a><\/figure>\n<\/li>\n<li>\n<figure><a href=\"https:\/\/atecordoba.org\/wp-content\/uploads\/2021\/08\/WhatsApp-Image-2021-08-23-at-10.38.48.jpeg\"><img loading=\"lazy\" decoding=\"async\" class=\"wp-image-27435 aligncenter\" src=\"https:\/\/atecordoba.org\/wp-content\/uploads\/2021\/08\/WhatsApp-Image-2021-08-23-at-10.38.48-768x1024.jpeg\" alt=\"\" width=\"130\" height=\"173\" srcset=\"https:\/\/atecordoba.org\/wp-content\/uploads\/2021\/08\/WhatsApp-Image-2021-08-23-at-10.38.48-768x1024.jpeg 768w, https:\/\/atecordoba.org\/wp-content\/uploads\/2021\/08\/WhatsApp-Image-2021-08-23-at-10.38.48-225x300.jpeg 225w, https:\/\/atecordoba.org\/wp-content\/uploads\/2021\/08\/WhatsApp-Image-2021-08-23-at-10.38.48-1152x1536.jpeg 1152w, https:\/\/atecordoba.org\/wp-content\/uploads\/2021\/08\/WhatsApp-Image-2021-08-23-at-10.38.48-750x1000.jpeg 750w, https:\/\/atecordoba.org\/wp-content\/uploads\/2021\/08\/WhatsApp-Image-2021-08-23-at-10.38.48-1140x1520.jpeg 1140w, https:\/\/atecordoba.org\/wp-content\/uploads\/2021\/08\/WhatsApp-Image-2021-08-23-at-10.38.48.jpeg 1200w\" sizes=\"auto, (max-width: 130px) 100vw, 130px\" \/><\/a><\/figure>\n<\/li>\n<li>\n<figure><a href=\"https:\/\/atecordoba.org\/wp-content\/uploads\/2021\/08\/WhatsApp-Image-2021-08-23-at-10.38.48-2.jpeg\"><img loading=\"lazy\" decoding=\"async\" class=\"wp-image-27434 aligncenter\" src=\"https:\/\/atecordoba.org\/wp-content\/uploads\/2021\/08\/WhatsApp-Image-2021-08-23-at-10.38.48-2-1024x576.jpeg\" alt=\"\" width=\"211\" height=\"119\" srcset=\"https:\/\/atecordoba.org\/wp-content\/uploads\/2021\/08\/WhatsApp-Image-2021-08-23-at-10.38.48-2-1024x576.jpeg 1024w, https:\/\/atecordoba.org\/wp-content\/uploads\/2021\/08\/WhatsApp-Image-2021-08-23-at-10.38.48-2-300x169.jpeg 300w, https:\/\/atecordoba.org\/wp-content\/uploads\/2021\/08\/WhatsApp-Image-2021-08-23-at-10.38.48-2-768x432.jpeg 768w, https:\/\/atecordoba.org\/wp-content\/uploads\/2021\/08\/WhatsApp-Image-2021-08-23-at-10.38.48-2-1536x864.jpeg 1536w, https:\/\/atecordoba.org\/wp-content\/uploads\/2021\/08\/WhatsApp-Image-2021-08-23-at-10.38.48-2-750x422.jpeg 750w, https:\/\/atecordoba.org\/wp-content\/uploads\/2021\/08\/WhatsApp-Image-2021-08-23-at-10.38.48-2-1140x641.jpeg 1140w, https:\/\/atecordoba.org\/wp-content\/uploads\/2021\/08\/WhatsApp-Image-2021-08-23-at-10.38.48-2.jpeg 1600w\" sizes=\"auto, (max-width: 211px) 100vw, 211px\" \/><\/a><\/figure>\n<\/li>\n<li>\u00a0<\/li>\n<li><a href=\"https:\/\/atecordoba.org\/wp-content\/uploads\/2021\/08\/WhatsApp-Image-2021-08-23-at-10.38.46.jpeg\"><img loading=\"lazy\" decoding=\"async\" class=\"wp-image-27430 aligncenter\" src=\"https:\/\/atecordoba.org\/wp-content\/uploads\/2021\/08\/WhatsApp-Image-2021-08-23-at-10.38.46-1024x768.jpeg\" alt=\"\" width=\"170\" height=\"128\" srcset=\"https:\/\/atecordoba.org\/wp-content\/uploads\/2021\/08\/WhatsApp-Image-2021-08-23-at-10.38.46-1024x768.jpeg 1024w, https:\/\/atecordoba.org\/wp-content\/uploads\/2021\/08\/WhatsApp-Image-2021-08-23-at-10.38.46-300x225.jpeg 300w, https:\/\/atecordoba.org\/wp-content\/uploads\/2021\/08\/WhatsApp-Image-2021-08-23-at-10.38.46-768x576.jpeg 768w, https:\/\/atecordoba.org\/wp-content\/uploads\/2021\/08\/WhatsApp-Image-2021-08-23-at-10.38.46-1536x1152.jpeg 1536w, https:\/\/atecordoba.org\/wp-content\/uploads\/2021\/08\/WhatsApp-Image-2021-08-23-at-10.38.46-750x563.jpeg 750w, https:\/\/atecordoba.org\/wp-content\/uploads\/2021\/08\/WhatsApp-Image-2021-08-23-at-10.38.46-1140x855.jpeg 1140w, https:\/\/atecordoba.org\/wp-content\/uploads\/2021\/08\/WhatsApp-Image-2021-08-23-at-10.38.46.jpeg 1600w\" sizes=\"auto, (max-width: 170px) 100vw, 170px\" \/><\/a><\/li>\n<li>\n<figure><a href=\"https:\/\/atecordoba.org\/wp-content\/uploads\/2021\/08\/WhatsApp-Image-2021-08-23-at-10.38.49.jpeg\"><img loading=\"lazy\" decoding=\"async\" class=\"wp-image-27427 aligncenter\" src=\"https:\/\/atecordoba.org\/wp-content\/uploads\/2021\/08\/WhatsApp-Image-2021-08-23-at-10.38.49-1024x576.jpeg\" alt=\"\" width=\"217\" height=\"122\" srcset=\"https:\/\/atecordoba.org\/wp-content\/uploads\/2021\/08\/WhatsApp-Image-2021-08-23-at-10.38.49-1024x576.jpeg 1024w, https:\/\/atecordoba.org\/wp-content\/uploads\/2021\/08\/WhatsApp-Image-2021-08-23-at-10.38.49-300x169.jpeg 300w, https:\/\/atecordoba.org\/wp-content\/uploads\/2021\/08\/WhatsApp-Image-2021-08-23-at-10.38.49-768x432.jpeg 768w, https:\/\/atecordoba.org\/wp-content\/uploads\/2021\/08\/WhatsApp-Image-2021-08-23-at-10.38.49-1536x864.jpeg 1536w, https:\/\/atecordoba.org\/wp-content\/uploads\/2021\/08\/WhatsApp-Image-2021-08-23-at-10.38.49-750x422.jpeg 750w, https:\/\/atecordoba.org\/wp-content\/uploads\/2021\/08\/WhatsApp-Image-2021-08-23-at-10.38.49-1140x641.jpeg 1140w, https:\/\/atecordoba.org\/wp-content\/uploads\/2021\/08\/WhatsApp-Image-2021-08-23-at-10.38.49.jpeg 1600w\" sizes=\"auto, (max-width: 217px) 100vw, 217px\" \/><\/a><\/figure>\n<\/li>\n<li>\u00a0<\/li>\n<\/ul>\n<\/figure>\n\n\n<p><\/p>\n","protected":false},"excerpt":{"rendered":"<p>El viernes pasado&nbsp;qued\u00f3 reinaugurada la casa de las y los trabajadores estatales en Alejandro Roca, ubicada a 300 kil\u00f3metros al sur de C\u00f3rdoba Capital. El local cuenta con un gran sal\u00f3n para actividades m\u00faltiples y se encuentra en la esquina de Arturo Ilia y Dr Rocha. La fiesta de inauguraci\u00f3n tuvo la presencia del secretario [&hellip;]<\/p>\n","protected":false},"author":7,"featured_media":27426,"comment_status":"open","ping_status":"open","sticky":false,"template":"","format":"standard","meta":{"_exactmetrics_skip_tracking":false,"_exactmetrics_sitenote_active":false,"_exactmetrics_sitenote_note":"","_exactmetrics_sitenote_category":0,"jnews-multi-image_gallery":[],"jnews_single_post":{"subtitle":"Fiesta militante con la presencia de Federico Giuliani y las conducciones de las seccionales R\u00edo Cuarto y Adelia Mar\u00eda. ","format":"standard","video":"","gallery":"","source_name":"","source_url":"","via_name":"","via_url":"","override":[{"single_blog_custom":"","sidebar":"","second_sidebar":"","share_position":"","share_float_style":"","post_date_format":"","post_date_format_custom":"","post_reading_time_wpm":"","zoom_button_out_step":"1","zoom_button_in_step":"1","number_popup_post":"1"}],"image_override":[{"single_post_thumbnail_size":"","single_post_gallery_size":""}],"trending_post_position":"","trending_post_label":"","sponsored_post_label":"","sponsored_post_name":"","sponsored_post_url":"","sponsored_post_logo":"","sponsored_post_desc":""},"jnews_primary_category":{"id":""},"jnews_social_meta":{"fb_title":"","fb_description":"","fb_image":"","twitter_title":"","twitter_description":"","twitter_image":""},"jnews_review":[],"enable_review":"","type":"percentage","name":"","summary":"","brand":"","sku":"","good":[{"good_text":""}],"bad":[{"bad_text":""}],"score_override":"","override_value":"","rating":[{"rating_text":"","rating_number":"10"}],"price":[{"shop":"","price":"","link":"","icon":""}],"jnews_override_counter":{"view_counter_number":"0","share_counter_number":"0","like_counter_number":"0","dislike_counter_number":"0"},"jnews_post_split":{"post_split":[{"template":"1","tag":"h2","numbering":"asc","mode":"normal","toc_type":"normal"}]},"footnotes":""},"categories":[12],"tags":[665,884],"class_list":["post-27425","post","type-post","status-publish","format-standard","has-post-thumbnail","hentry","category-rio-cuarto","tag-alejandro-roca","tag-inauguracion-local"],"jetpack_featured_media_url":"https:\/\/atecordoba.org\/wp-content\/uploads\/2021\/08\/WhatsApp-Image-2021-08-23-at-10.38.47-2-e1629732156798.jpeg","_links":{"self":[{"href":"https:\/\/atecordoba.org\/index.php?rest_route=\/wp\/v2\/posts\/27425","targetHints":{"allow":["GET"]}}],"collection":[{"href":"https:\/\/atecordoba.org\/index.php?rest_route=\/wp\/v2\/posts"}],"about":[{"href":"https:\/\/atecordoba.org\/index.php?rest_route=\/wp\/v2\/types\/post"}],"author":[{"embeddable":true,"href":"https:\/\/atecordoba.org\/index.php?rest_route=\/wp\/v2\/users\/7"}],"replies":[{"embeddable":true,"href":"https:\/\/atecordoba.org\/index.php?rest_route=%2Fwp%2Fv2%2Fcomments&post=27425"}],"version-history":[{"count":5,"href":"https:\/\/atecordoba.org\/index.php?rest_route=\/wp\/v2\/posts\/27425\/revisions"}],"predecessor-version":[{"id":27453,"href":"https:\/\/atecordoba.org\/index.php?rest_route=\/wp\/v2\/posts\/27425\/revisions\/27453"}],"wp:featuredmedia":[{"embeddable":true,"href":"https:\/\/atecordoba.org\/index.php?rest_route=\/wp\/v2\/media\/27426"}],"wp:attachment":[{"href":"https:\/\/atecordoba.org\/index.php?rest_route=%2Fwp%2Fv2%2Fmedia&parent=27425"}],"wp:term":[{"taxonomy":"category","embeddable":true,"href":"https:\/\/atecordoba.org\/index.php?rest_route=%2Fwp%2Fv2%2Fcategories&post=27425"},{"taxonomy":"post_tag","embeddable":true,"href":"https:\/\/atecordoba.org\/index.php?rest_route=%2Fwp%2Fv2%2Ftags&post=27425"}],"curies":[{"name":"wp","href":"https:\/\/api.w.org\/{rel}","templated":true}]}}