{"id":27415,"date":"2021-08-23T11:04:31","date_gmt":"2021-08-23T14:04:31","guid":{"rendered":"https:\/\/atecordoba.org\/?p=27415"},"modified":"2021-08-23T11:04:33","modified_gmt":"2021-08-23T14:04:33","slug":"unc-charla-sobre-inclusion-laboral-trans","status":"publish","type":"post","link":"https:\/\/atecordoba.org\/?p=27415","title":{"rendered":"UNC: charla sobre inclusi\u00f3n laboral trans"},"content":{"rendered":"\n<div class=\"wp-block-image\"><figure class=\"aligncenter size-large\"><img loading=\"lazy\" decoding=\"async\" width=\"1024\" height=\"768\" src=\"https:\/\/atecordoba.org\/wp-content\/uploads\/2021\/08\/flyer-trans-1024x768.jpeg\" alt=\"\" class=\"wp-image-27416\" \/><\/figure><\/div>\n\n\n\n<p>Teniendo como horizonte las iniciativas de diversas casas de estudio que se han pronunciado a favor de un cupo laboral para universidades y de la Ley de inclusi\u00f3n laboral en el Estado Nacional, a trav\u00e9s de un cupo m\u00ednimo del 1 %, se hace indispensable que la UNC se pronuncie favorablemente y garantice la efectiva posibilidad de ocupar cargos docentes y no docentes a personas travestis, transexuales, transg\u00e9nero y con identidades de g\u00e9nero no hegem\u00f3nicas.<\/p>\n\n\n\n<p>La charla tendr\u00e1 car\u00e1cter virtual y contar\u00e1 como panelistas a Ivanna Aguilera, afiliada de ATE y coordinadora del \u00c1rea de trabajo con la comunidad Trans, Travesti y No Binarie de la FFyH-UNC, Luz Achaval, trabajadora social,  Thiago Galv\u00e1n, estudiante de la Licenciatura en Letras, FFyH-UNC, Consiliario y Pre-candidato a senador por el Frente de Todos, as\u00ed como Leticia Medina y Daniel Tortosa  por el sindicato docente. <\/p>\n\n\n\n<p>La actividad se realizar\u00e1 el jueves 26 de agosto, a las 18hs, <br><br><br><\/p>\n","protected":false},"excerpt":{"rendered":"<p>Teniendo como horizonte las iniciativas de diversas casas de estudio que se han pronunciado a favor de un cupo laboral para universidades y de la Ley de inclusi\u00f3n laboral en el Estado Nacional, a trav\u00e9s de un cupo m\u00ednimo del 1 %, se hace indispensable que la UNC se pronuncie favorablemente y garantice la efectiva [&hellip;]<\/p>\n","protected":false},"author":7,"featured_media":27416,"comment_status":"open","ping_status":"open","sticky":false,"template":"","format":"standard","meta":{"_exactmetrics_skip_tracking":false,"_exactmetrics_sitenote_active":false,"_exactmetrics_sitenote_note":"","_exactmetrics_sitenote_category":0,"jnews-multi-image_gallery":[],"jnews_single_post":{"subtitle":"Es necesario aprobar y reglamentar la incorporaci\u00f3n laboral de las disidencias en la universidad","format":"standard","video":"","gallery":"","source_name":"","source_url":"","via_name":"","via_url":"","override":[{"single_blog_custom":"","sidebar":"","second_sidebar":"","share_position":"","share_float_style":"","post_date_format":"","post_date_format_custom":"","post_reading_time_wpm":"","zoom_button_out_step":"1","zoom_button_in_step":"1","number_popup_post":"1"}],"image_override":[{"single_post_thumbnail_size":"","single_post_gallery_size":""}],"trending_post_position":"","trending_post_label":"","sponsored_post_label":"","sponsored_post_name":"","sponsored_post_url":"","sponsored_post_logo":"","sponsored_post_desc":""},"jnews_primary_category":{"id":""},"jnews_social_meta":{"fb_title":"","fb_description":"","fb_image":"","twitter_title":"","twitter_description":"","twitter_image":""},"jnews_review":[],"enable_review":"","type":"percentage","name":"","summary":"","brand":"","sku":"","good":[{"good_text":""}],"bad":[{"bad_text":""}],"score_override":"","override_value":"","rating":[{"rating_text":"","rating_number":"10"}],"price":[{"shop":"","price":"","link":"","icon":""}],"jnews_override_counter":{"view_counter_number":"0","share_counter_number":"0","like_counter_number":"0","dislike_counter_number":"0"},"jnews_post_split":{"post_split":[{"template":"1","tag":"h2","numbering":"asc","mode":"normal","toc_type":"normal"}]},"footnotes":""},"categories":[325],"tags":[63],"class_list":["post-27415","post","type-post","status-publish","format-standard","has-post-thumbnail","hentry","category-generos-y-diversidades","tag-unc"],"jetpack_featured_media_url":"https:\/\/atecordoba.org\/wp-content\/uploads\/2021\/08\/flyer-trans-e1629727433139.jpeg","_links":{"self":[{"href":"https:\/\/atecordoba.org\/index.php?rest_route=\/wp\/v2\/posts\/27415","targetHints":{"allow":["GET"]}}],"collection":[{"href":"https:\/\/atecordoba.org\/index.php?rest_route=\/wp\/v2\/posts"}],"about":[{"href":"https:\/\/atecordoba.org\/index.php?rest_route=\/wp\/v2\/types\/post"}],"author":[{"embeddable":true,"href":"https:\/\/atecordoba.org\/index.php?rest_route=\/wp\/v2\/users\/7"}],"replies":[{"embeddable":true,"href":"https:\/\/atecordoba.org\/index.php?rest_route=%2Fwp%2Fv2%2Fcomments&post=27415"}],"version-history":[{"count":1,"href":"https:\/\/atecordoba.org\/index.php?rest_route=\/wp\/v2\/posts\/27415\/revisions"}],"predecessor-version":[{"id":27417,"href":"https:\/\/atecordoba.org\/index.php?rest_route=\/wp\/v2\/posts\/27415\/revisions\/27417"}],"wp:featuredmedia":[{"embeddable":true,"href":"https:\/\/atecordoba.org\/index.php?rest_route=\/wp\/v2\/media\/27416"}],"wp:attachment":[{"href":"https:\/\/atecordoba.org\/index.php?rest_route=%2Fwp%2Fv2%2Fmedia&parent=27415"}],"wp:term":[{"taxonomy":"category","embeddable":true,"href":"https:\/\/atecordoba.org\/index.php?rest_route=%2Fwp%2Fv2%2Fcategories&post=27415"},{"taxonomy":"post_tag","embeddable":true,"href":"https:\/\/atecordoba.org\/index.php?rest_route=%2Fwp%2Fv2%2Ftags&post=27415"}],"curies":[{"name":"wp","href":"https:\/\/api.w.org\/{rel}","templated":true}]}}