{"id":27388,"date":"2021-08-19T14:58:30","date_gmt":"2021-08-19T17:58:30","guid":{"rendered":"https:\/\/atecordoba.org\/?p=27388"},"modified":"2021-08-19T15:19:18","modified_gmt":"2021-08-19T18:19:18","slug":"lo-esencial-y-lo-invisible","status":"publish","type":"post","link":"https:\/\/atecordoba.org\/?p=27388","title":{"rendered":"Lo esencial y lo invisible"},"content":{"rendered":"\n<p>El pasado 11 de Agosto, presenciamos otro (nuevo) anuncio con bombos y platillos en boca del titular de la ANDis, Fernando Galarraga&nbsp; y con la presencia del Sr. Presidente de la Naci\u00f3n Alberto Fern\u00e1ndez, con gran expectativa&nbsp; los anuncios y medidas que se iban a desplegar con el Programa AccesAR, orientado a la construcci\u00f3n de espacios accesibles e inclusivos en los municipios.<\/p>\n\n\n\n<p>En dicha presentaci\u00f3n nuestro Presidente enfatizo que este gobierno trabaja para \u201chacer una sociedad mejor, m\u00e1s igualitaria\u201d. Aqu\u00ed cabe analizar que los trabajadores de ANDis, que a 20 meses de la asunci\u00f3n del actual gobierno seguimos peregrinando por definiciones pol\u00edticas respecto al futuro de trabajadores\/as&nbsp; que cumplimos funciones en el Programa de Pensiones No Contributivas , todav\u00eda sin contrato firmado, sin lugar f\u00edsico donde desarrollar nuestro trabajo, desde que la gesti\u00f3n anterior cerrara la mayor\u00eda de los centros de atenci\u00f3n, y tal vez lo m\u00e1s complejo, sin respuesta respecto al futuro&nbsp; de las pensiones no contributivas por&nbsp; discapacidad (gesti\u00f3n, inicio, evaluaci\u00f3n, criterios,etc.).<\/p>\n\n\n\n<p>Por ello, desde el Departamento de Discapacidad de ATE-CDP C\u00f3rdoba se ha intervenido en m\u00faltiple veces y se ha logrado visibilizar y exigir la vacunaci\u00f3n de las personas con discapacidad como prioridad, despu\u00e9s de meses de mucha incertidumbre y muerte por la pandemia del COVID-19.<\/p>\n\n\n\n<p>Esta situaci\u00f3n descripta, unida a la falta de pol\u00edticas activas en materia de pensiones (vale decir que ese beneficio representa en much\u00edsimos hogares pobres de toda pobreza, el \u00fanico ingreso y subsistencia del grupo familiar) las prestaciones del Programa Federal Incluir Salud que poseen les beneficiaries, desde hace d\u00e9cadas, constituye una radiograf\u00eda de la persistente degradaci\u00f3n que sufri\u00f3 nuestro sistema de salud p\u00fablico, un constante peregrinar de sus beneficiarios sin respuestas para medicamentos, rehabilitaciones, pr\u00f3tesis, apoyos educativos, transportes, etc.<\/p>\n\n\n\n<p>Lo esencial, sigue siendo azarosamente invisible o invisibilizado para nuestro colectivo de personas con discapacidad, con una realidad de pobreza en m\u00e1s del 50% de nuestros habitantes, y con los agravantes de una pandemia que afecto y afecta de manera especial a la poblaci\u00f3n con discapacidad (discapacidad y pobreza son dos variables \u00edntimamente vinculadas, m\u00e1s del 78% de la las PCD son pobres seg\u00fan relevamiento de Naciones Unidas), crueles cifras en donde el mism\u00edsimo Estado sigue incumpliendo la Ley 25689, respecto del cumplimiento del cupo laboral para PCD .<\/p>\n\n\n\n<p>Escuchamos perplejos, como se rasgan vestiduras y se declaman desde las esferas pol\u00edticas de gobierno palabras como \u201cinclusi\u00f3n\u201d, \u201cdiversidad funcional\u201d, \u201caccesibilidad\u201d, \u201cmodelo social\u201d\u2026..bla,bla,bla, al mismo tiempo que emiten esas palabras m\u00e1gicas al viento, como si las pol\u00edticas p\u00fablicas fueran un mantra que con solo enunciarlas nos abrigar\u00edan de todo mal, no han realizado aun en lo que va de gesti\u00f3n un solo relevamiento en los organismos del Estado para conocer algo que ya conocen hace tiempo, el incumplimiento del cupo laboral para PCD; vaya contrahecho m\u00e1s violento que el del ejercicio explicito de la segregaci\u00f3n e incumplimiento de las leyes que cambiar\u00edan de manera sustancial la calidad de vida de miles de personas, dando cuenta de principios de inclusi\u00f3n propio a una perspectiva de la discapacidad y los derechos humanos hacia nuestro colectivo.<\/p>\n\n\n\n<p>Siendo el trabajo, eje troncal alrededor del cual se despliegan otra serie de derechos, como el acceso a una obra social que permitir\u00eda a su vez atenci\u00f3n medica, rehabilitaci\u00f3n, apoyos educativos, medicaci\u00f3n; y tal vez lo m\u00e1s relevante, permitir\u00eda una perspectiva vital a toda persona con discapacidad, aquella de pensar en un futuro, en una familia, en la mism\u00edsima dignidad de poder acceder al sistema, tener un ingreso estable, en una educaci\u00f3n, en vivienda, en salud. Aqu\u00ed si reafirmo, desde mi propia experiencia, sin trabajo no existe horizonte de vida posible, sin trabajo la dignidad es cart\u00f3n pintado, caricatura cruel de una inclusi\u00f3n declamada y nunca efectiva, signos de tiempos electorales donde pululan con la misma gracia afiches de campa\u00f1a y discursos devaluados, pero como casi siempre, lo esencial sigue siendo invisible a los ojos de gobiernos y Estados.<\/p>\n\n\n\n<p>\u201cNada de nosotros\/nosotras, nosotres; sin nosotros, nosotras, nosotres\u201d<\/p>\n\n\n\n<p>Lic. Franco A. Orsato<\/p>\n\n\n\n<p>Director del Departamento de Discapacidad ATE-CDP C\u00f3rdoba<\/p>\n","protected":false},"excerpt":{"rendered":"<p>El pasado 11 de Agosto, presenciamos otro (nuevo) anuncio con bombos y platillos en boca del titular de la ANDis, Fernando Galarraga&nbsp; y con la presencia del Sr. Presidente de la Naci\u00f3n Alberto Fern\u00e1ndez, con gran expectativa&nbsp; los anuncios y medidas que se iban a desplegar con el Programa AccesAR, orientado a la construcci\u00f3n de [&hellip;]<\/p>\n","protected":false},"author":3,"featured_media":23423,"comment_status":"open","ping_status":"open","sticky":false,"template":"","format":"standard","meta":{"_exactmetrics_skip_tracking":false,"_exactmetrics_sitenote_active":false,"_exactmetrics_sitenote_note":"","_exactmetrics_sitenote_category":0,"jnews-multi-image_gallery":[],"jnews_single_post":{"subtitle":"Por Lic. Franco A. Orsato - Director del Departamento de Discapacidad ATE-CDP C\u00f3rdoba.","format":"standard","video":"","gallery":"","source_name":"","source_url":"","via_name":"","via_url":"","override":[{"single_blog_custom":"","sidebar":"","second_sidebar":"","share_position":"","share_float_style":"","post_date_format":"","post_date_format_custom":"","post_reading_time_wpm":"","zoom_button_out_step":"1","zoom_button_in_step":"1","number_popup_post":"1"}],"image_override":[{"single_post_thumbnail_size":"","single_post_gallery_size":""}],"trending_post_position":"","trending_post_label":"","sponsored_post_label":"","sponsored_post_name":"","sponsored_post_url":"","sponsored_post_logo":"","sponsored_post_desc":""},"jnews_primary_category":{"id":""},"jnews_social_meta":{"fb_title":"","fb_description":"","fb_image":"","twitter_title":"","twitter_description":"","twitter_image":""},"jnews_review":[],"enable_review":"","type":"percentage","name":"","summary":"","brand":"","sku":"","good":[{"good_text":""}],"bad":[{"bad_text":""}],"score_override":"","override_value":"","rating":[{"rating_text":"","rating_number":"10"}],"price":[{"shop":"","price":"","link":"","icon":""}],"jnews_override_counter":{"view_counter_number":"0","share_counter_number":"0","like_counter_number":"0","dislike_counter_number":"0"},"jnews_post_split":{"post_split":[{"template":"1","tag":"h2","numbering":"asc","mode":"normal","toc_type":"normal"}]},"footnotes":""},"categories":[341,625,350],"tags":[],"class_list":["post-27388","post","type-post","status-publish","format-standard","has-post-thumbnail","hentry","category-cdp","category-discapacidad","category-opinion"],"jetpack_featured_media_url":"https:\/\/atecordoba.org\/wp-content\/uploads\/2020\/11\/sello-discapacidad.jpeg","_links":{"self":[{"href":"https:\/\/atecordoba.org\/index.php?rest_route=\/wp\/v2\/posts\/27388","targetHints":{"allow":["GET"]}}],"collection":[{"href":"https:\/\/atecordoba.org\/index.php?rest_route=\/wp\/v2\/posts"}],"about":[{"href":"https:\/\/atecordoba.org\/index.php?rest_route=\/wp\/v2\/types\/post"}],"author":[{"embeddable":true,"href":"https:\/\/atecordoba.org\/index.php?rest_route=\/wp\/v2\/users\/3"}],"replies":[{"embeddable":true,"href":"https:\/\/atecordoba.org\/index.php?rest_route=%2Fwp%2Fv2%2Fcomments&post=27388"}],"version-history":[{"count":2,"href":"https:\/\/atecordoba.org\/index.php?rest_route=\/wp\/v2\/posts\/27388\/revisions"}],"predecessor-version":[{"id":27390,"href":"https:\/\/atecordoba.org\/index.php?rest_route=\/wp\/v2\/posts\/27388\/revisions\/27390"}],"wp:featuredmedia":[{"embeddable":true,"href":"https:\/\/atecordoba.org\/index.php?rest_route=\/wp\/v2\/media\/23423"}],"wp:attachment":[{"href":"https:\/\/atecordoba.org\/index.php?rest_route=%2Fwp%2Fv2%2Fmedia&parent=27388"}],"wp:term":[{"taxonomy":"category","embeddable":true,"href":"https:\/\/atecordoba.org\/index.php?rest_route=%2Fwp%2Fv2%2Fcategories&post=27388"},{"taxonomy":"post_tag","embeddable":true,"href":"https:\/\/atecordoba.org\/index.php?rest_route=%2Fwp%2Fv2%2Ftags&post=27388"}],"curies":[{"name":"wp","href":"https:\/\/api.w.org\/{rel}","templated":true}]}}