{"id":27385,"date":"2021-08-19T14:23:06","date_gmt":"2021-08-19T17:23:06","guid":{"rendered":"https:\/\/atecordoba.org\/?p=27385"},"modified":"2021-08-19T19:56:52","modified_gmt":"2021-08-19T22:56:52","slug":"los-afiliades-de-ate-del-ministerio-de-cultura-de-la-nacion-en-cordoba-se-reunieron-en-asamblea","status":"publish","type":"post","link":"https:\/\/atecordoba.org\/?p=27385","title":{"rendered":"Los afiliades de ATE del Ministerio de Cultura de la Naci\u00f3n en C\u00f3rdoba se reunieron en Asamblea"},"content":{"rendered":"\n<p>En el marco de la jornada provincial de lucha en los sectores nacionales, en el marco de la reapertura de la mesa negociaci\u00f3n paritaria, los trabajadores del Ministerio de Cultura de la Naci\u00f3n organizados en ATE se volvieron a reunir en asamblea para avanzar en organizaci\u00f3n y encontrar una salida colectiva al conjunto de problem\u00e1ticas que atraviesan.<\/p>\n\n\n\n<figure class=\"wp-block-image size-full\"><img loading=\"lazy\" decoding=\"async\" width=\"585\" height=\"278\" src=\"https:\/\/atecordoba.org\/wp-content\/uploads\/2021\/08\/image-4.png\" alt=\"\" class=\"wp-image-27386\" srcset=\"https:\/\/atecordoba.org\/wp-content\/uploads\/2021\/08\/image-4.png 585w, https:\/\/atecordoba.org\/wp-content\/uploads\/2021\/08\/image-4-300x143.png 300w\" sizes=\"auto, (max-width: 585px) 100vw, 585px\" \/><\/figure>\n\n\n\n<p>La Asamblea fue coordinada por el CDP de ATE C\u00f3rdoba con la participaci\u00f3n de Mar\u00eda Sotti, Secretaria de Actas y Directora del Departamento de G\u00e9neros y Diversidades, y estuvieron presentes trabajadores\/as del Estancia de Jes\u00fas Mar\u00eda (Museo Jesu\u00edtico Nacional), del Museo de la Estancia Jesu\u00edtica de Alta Gracia y Casa del Virrey Liniers y de Programas Espec\u00edficos en la provincia de C\u00f3rdoba. Tambi\u00e9n estuvieron presentes miembros de la Junta Interna de ATE Cultura, Nicol\u00e1s Rodr\u00edguez Saa y Gabriela Canteros.<\/p>\n\n\n\n<p>En el encuentro se hizo un recorrido de las condiciones laborales y contractuales de los y las trabajadores de los Museos, hoy trabajando de manera semi-presencial (algunos d\u00edas de semana en sus respectivas sedes y otros d\u00edas en la virtualidad de manera remota). Asimismo, expresaron el atraso salarial y precariedad contractual que poseen los y las trabajadoras del organismo, teniendo la mayor\u00eda del sector una antig\u00fcedad mayor a 10 a\u00f1os con contratos de renovaci\u00f3n anual y encasillados en las categor\u00edas m\u00e1s bajas del convenio colectivo (SINEP). De esta manera, se puso de manifiesto que el llamado a concursos anunciado por el gobierno nacional, nunca llegaron a las jurisdicciones del interior y que por ende es necesario avanzar en organizaci\u00f3n para que la distribuci\u00f3n de cargos y recategorizaciones se empiecen a distribuir con un criterio federal y equitativo. <\/p>\n","protected":false},"excerpt":{"rendered":"<p>En el marco de la jornada provincial de lucha en los sectores nacionales, en el marco de la reapertura de la mesa negociaci\u00f3n paritaria, los trabajadores del Ministerio de Cultura de la Naci\u00f3n organizados en ATE se volvieron a reunir en asamblea para avanzar en organizaci\u00f3n y encontrar una salida colectiva al conjunto de problem\u00e1ticas [&hellip;]<\/p>\n","protected":false},"author":3,"featured_media":27386,"comment_status":"open","ping_status":"open","sticky":false,"template":"","format":"standard","meta":{"_exactmetrics_skip_tracking":false,"_exactmetrics_sitenote_active":false,"_exactmetrics_sitenote_note":"","_exactmetrics_sitenote_category":0,"jnews-multi-image_gallery":[],"jnews_single_post":{"subtitle":"","format":"standard","video":"","gallery":"","source_name":"","source_url":"","via_name":"","via_url":"","override":[{"single_blog_custom":"","sidebar":"","second_sidebar":"","share_position":"","share_float_style":"","post_date_format":"","post_date_format_custom":"","post_reading_time_wpm":"","zoom_button_out_step":"1","zoom_button_in_step":"1","number_popup_post":"1"}],"image_override":[{"single_post_thumbnail_size":"","single_post_gallery_size":""}],"trending_post_position":"","trending_post_label":"","sponsored_post_label":"","sponsored_post_name":"","sponsored_post_url":"","sponsored_post_logo":"","sponsored_post_desc":""},"jnews_primary_category":{"id":""},"jnews_social_meta":{"fb_title":"","fb_description":"","fb_image":"","twitter_title":"","twitter_description":"","twitter_image":""},"jnews_review":[],"enable_review":"","type":"percentage","name":"","summary":"","brand":"","sku":"","good":[{"good_text":""}],"bad":[{"bad_text":""}],"score_override":"","override_value":"","rating":[{"rating_text":"","rating_number":"10"}],"price":[{"shop":"","price":"","link":"","icon":""}],"jnews_override_counter":{"view_counter_number":"0","share_counter_number":"0","like_counter_number":"0","dislike_counter_number":"0"},"jnews_post_split":{"post_split":[{"template":"1","tag":"h2","numbering":"asc","mode":"normal","toc_type":"normal"}]},"footnotes":""},"categories":[880,18,330],"tags":[],"class_list":["post-27385","post","type-post","status-publish","format-standard","has-post-thumbnail","hentry","category-ministerio-de-cultura","category-nacionales","category-paritaria-nacional"],"jetpack_featured_media_url":"https:\/\/atecordoba.org\/wp-content\/uploads\/2021\/08\/image-4.png","_links":{"self":[{"href":"https:\/\/atecordoba.org\/index.php?rest_route=\/wp\/v2\/posts\/27385","targetHints":{"allow":["GET"]}}],"collection":[{"href":"https:\/\/atecordoba.org\/index.php?rest_route=\/wp\/v2\/posts"}],"about":[{"href":"https:\/\/atecordoba.org\/index.php?rest_route=\/wp\/v2\/types\/post"}],"author":[{"embeddable":true,"href":"https:\/\/atecordoba.org\/index.php?rest_route=\/wp\/v2\/users\/3"}],"replies":[{"embeddable":true,"href":"https:\/\/atecordoba.org\/index.php?rest_route=%2Fwp%2Fv2%2Fcomments&post=27385"}],"version-history":[{"count":2,"href":"https:\/\/atecordoba.org\/index.php?rest_route=\/wp\/v2\/posts\/27385\/revisions"}],"predecessor-version":[{"id":27395,"href":"https:\/\/atecordoba.org\/index.php?rest_route=\/wp\/v2\/posts\/27385\/revisions\/27395"}],"wp:featuredmedia":[{"embeddable":true,"href":"https:\/\/atecordoba.org\/index.php?rest_route=\/wp\/v2\/media\/27386"}],"wp:attachment":[{"href":"https:\/\/atecordoba.org\/index.php?rest_route=%2Fwp%2Fv2%2Fmedia&parent=27385"}],"wp:term":[{"taxonomy":"category","embeddable":true,"href":"https:\/\/atecordoba.org\/index.php?rest_route=%2Fwp%2Fv2%2Fcategories&post=27385"},{"taxonomy":"post_tag","embeddable":true,"href":"https:\/\/atecordoba.org\/index.php?rest_route=%2Fwp%2Fv2%2Ftags&post=27385"}],"curies":[{"name":"wp","href":"https:\/\/api.w.org\/{rel}","templated":true}]}}