{"id":27353,"date":"2021-08-19T14:12:47","date_gmt":"2021-08-19T17:12:47","guid":{"rendered":"https:\/\/atecordoba.org\/?p=27353"},"modified":"2021-08-19T14:13:09","modified_gmt":"2021-08-19T17:13:09","slug":"ate-cordoba-se-movilizo-a-ministerio-de-trabajo-de-nacion-esta-manana","status":"publish","type":"post","link":"https:\/\/atecordoba.org\/?p=27353","title":{"rendered":"ATE C\u00f3rdoba se moviliz\u00f3 al Ministerio de Trabajo de Naci\u00f3n esta ma\u00f1ana"},"content":{"rendered":"\n<figure class=\"wp-block-gallery columns-7 is-cropped wp-block-gallery-1 is-layout-flex wp-block-gallery-is-layout-flex\"><ul class=\"blocks-gallery-grid\"><li class=\"blocks-gallery-item\"><figure><a href=\"https:\/\/atecordoba.org\/wp-content\/uploads\/2021\/08\/19_08_Radio_Abierta_Min_Trabajo_Paritaria_41.jpg\"><img loading=\"lazy\" decoding=\"async\" width=\"1024\" height=\"576\" src=\"https:\/\/atecordoba.org\/wp-content\/uploads\/2021\/08\/19_08_Radio_Abierta_Min_Trabajo_Paritaria_41-1024x576.jpg\" alt=\"\" data-id=\"27355\" data-full-url=\"https:\/\/atecordoba.org\/wp-content\/uploads\/2021\/08\/19_08_Radio_Abierta_Min_Trabajo_Paritaria_41.jpg\" data-link=\"https:\/\/atecordoba.org\/?attachment_id=27355\" class=\"wp-image-27355\" srcset=\"https:\/\/atecordoba.org\/wp-content\/uploads\/2021\/08\/19_08_Radio_Abierta_Min_Trabajo_Paritaria_41-1024x576.jpg 1024w, https:\/\/atecordoba.org\/wp-content\/uploads\/2021\/08\/19_08_Radio_Abierta_Min_Trabajo_Paritaria_41-300x169.jpg 300w, https:\/\/atecordoba.org\/wp-content\/uploads\/2021\/08\/19_08_Radio_Abierta_Min_Trabajo_Paritaria_41-768x432.jpg 768w, https:\/\/atecordoba.org\/wp-content\/uploads\/2021\/08\/19_08_Radio_Abierta_Min_Trabajo_Paritaria_41-1536x864.jpg 1536w, https:\/\/atecordoba.org\/wp-content\/uploads\/2021\/08\/19_08_Radio_Abierta_Min_Trabajo_Paritaria_41-750x422.jpg 750w, https:\/\/atecordoba.org\/wp-content\/uploads\/2021\/08\/19_08_Radio_Abierta_Min_Trabajo_Paritaria_41-1140x641.jpg 1140w, https:\/\/atecordoba.org\/wp-content\/uploads\/2021\/08\/19_08_Radio_Abierta_Min_Trabajo_Paritaria_41.jpg 1600w\" sizes=\"auto, (max-width: 1024px) 100vw, 1024px\" \/><\/a><\/figure><\/li><li class=\"blocks-gallery-item\"><figure><a href=\"https:\/\/atecordoba.org\/wp-content\/uploads\/2021\/08\/19_08_Radio_Abierta_Min_Trabajo_Paritaria_42.jpg\"><img loading=\"lazy\" decoding=\"async\" width=\"1024\" height=\"576\" src=\"https:\/\/atecordoba.org\/wp-content\/uploads\/2021\/08\/19_08_Radio_Abierta_Min_Trabajo_Paritaria_42-1024x576.jpg\" alt=\"\" data-id=\"27356\" data-full-url=\"https:\/\/atecordoba.org\/wp-content\/uploads\/2021\/08\/19_08_Radio_Abierta_Min_Trabajo_Paritaria_42.jpg\" data-link=\"https:\/\/atecordoba.org\/?attachment_id=27356\" class=\"wp-image-27356\" srcset=\"https:\/\/atecordoba.org\/wp-content\/uploads\/2021\/08\/19_08_Radio_Abierta_Min_Trabajo_Paritaria_42-1024x576.jpg 1024w, https:\/\/atecordoba.org\/wp-content\/uploads\/2021\/08\/19_08_Radio_Abierta_Min_Trabajo_Paritaria_42-300x169.jpg 300w, https:\/\/atecordoba.org\/wp-content\/uploads\/2021\/08\/19_08_Radio_Abierta_Min_Trabajo_Paritaria_42-768x432.jpg 768w, https:\/\/atecordoba.org\/wp-content\/uploads\/2021\/08\/19_08_Radio_Abierta_Min_Trabajo_Paritaria_42-1536x864.jpg 1536w, https:\/\/atecordoba.org\/wp-content\/uploads\/2021\/08\/19_08_Radio_Abierta_Min_Trabajo_Paritaria_42-750x422.jpg 750w, https:\/\/atecordoba.org\/wp-content\/uploads\/2021\/08\/19_08_Radio_Abierta_Min_Trabajo_Paritaria_42-1140x641.jpg 1140w, https:\/\/atecordoba.org\/wp-content\/uploads\/2021\/08\/19_08_Radio_Abierta_Min_Trabajo_Paritaria_42.jpg 1600w\" sizes=\"auto, (max-width: 1024px) 100vw, 1024px\" \/><\/a><\/figure><\/li><li class=\"blocks-gallery-item\"><figure><a href=\"https:\/\/atecordoba.org\/wp-content\/uploads\/2021\/08\/19_08_Radio_Abierta_Min_Trabajo_Paritaria_44.jpg\"><img loading=\"lazy\" decoding=\"async\" width=\"1024\" height=\"576\" src=\"https:\/\/atecordoba.org\/wp-content\/uploads\/2021\/08\/19_08_Radio_Abierta_Min_Trabajo_Paritaria_44-1024x576.jpg\" alt=\"\" data-id=\"27357\" data-full-url=\"https:\/\/atecordoba.org\/wp-content\/uploads\/2021\/08\/19_08_Radio_Abierta_Min_Trabajo_Paritaria_44.jpg\" data-link=\"https:\/\/atecordoba.org\/?attachment_id=27357\" class=\"wp-image-27357\" srcset=\"https:\/\/atecordoba.org\/wp-content\/uploads\/2021\/08\/19_08_Radio_Abierta_Min_Trabajo_Paritaria_44-1024x576.jpg 1024w, https:\/\/atecordoba.org\/wp-content\/uploads\/2021\/08\/19_08_Radio_Abierta_Min_Trabajo_Paritaria_44-300x169.jpg 300w, https:\/\/atecordoba.org\/wp-content\/uploads\/2021\/08\/19_08_Radio_Abierta_Min_Trabajo_Paritaria_44-768x432.jpg 768w, https:\/\/atecordoba.org\/wp-content\/uploads\/2021\/08\/19_08_Radio_Abierta_Min_Trabajo_Paritaria_44-1536x864.jpg 1536w, https:\/\/atecordoba.org\/wp-content\/uploads\/2021\/08\/19_08_Radio_Abierta_Min_Trabajo_Paritaria_44-750x422.jpg 750w, https:\/\/atecordoba.org\/wp-content\/uploads\/2021\/08\/19_08_Radio_Abierta_Min_Trabajo_Paritaria_44-1140x641.jpg 1140w, https:\/\/atecordoba.org\/wp-content\/uploads\/2021\/08\/19_08_Radio_Abierta_Min_Trabajo_Paritaria_44.jpg 1600w\" sizes=\"auto, (max-width: 1024px) 100vw, 1024px\" \/><\/a><\/figure><\/li><li class=\"blocks-gallery-item\"><figure><a href=\"https:\/\/atecordoba.org\/wp-content\/uploads\/2021\/08\/19_08_Radio_Abierta_Min_Trabajo_Paritaria_48.jpg\"><img loading=\"lazy\" decoding=\"async\" width=\"1024\" height=\"576\" src=\"https:\/\/atecordoba.org\/wp-content\/uploads\/2021\/08\/19_08_Radio_Abierta_Min_Trabajo_Paritaria_48-1024x576.jpg\" alt=\"\" data-id=\"27358\" data-full-url=\"https:\/\/atecordoba.org\/wp-content\/uploads\/2021\/08\/19_08_Radio_Abierta_Min_Trabajo_Paritaria_48.jpg\" data-link=\"https:\/\/atecordoba.org\/?attachment_id=27358\" class=\"wp-image-27358\" srcset=\"https:\/\/atecordoba.org\/wp-content\/uploads\/2021\/08\/19_08_Radio_Abierta_Min_Trabajo_Paritaria_48-1024x576.jpg 1024w, https:\/\/atecordoba.org\/wp-content\/uploads\/2021\/08\/19_08_Radio_Abierta_Min_Trabajo_Paritaria_48-300x169.jpg 300w, https:\/\/atecordoba.org\/wp-content\/uploads\/2021\/08\/19_08_Radio_Abierta_Min_Trabajo_Paritaria_48-768x432.jpg 768w, https:\/\/atecordoba.org\/wp-content\/uploads\/2021\/08\/19_08_Radio_Abierta_Min_Trabajo_Paritaria_48-1536x864.jpg 1536w, https:\/\/atecordoba.org\/wp-content\/uploads\/2021\/08\/19_08_Radio_Abierta_Min_Trabajo_Paritaria_48-750x422.jpg 750w, https:\/\/atecordoba.org\/wp-content\/uploads\/2021\/08\/19_08_Radio_Abierta_Min_Trabajo_Paritaria_48-1140x641.jpg 1140w, https:\/\/atecordoba.org\/wp-content\/uploads\/2021\/08\/19_08_Radio_Abierta_Min_Trabajo_Paritaria_48.jpg 1600w\" sizes=\"auto, (max-width: 1024px) 100vw, 1024px\" \/><\/a><\/figure><\/li><li class=\"blocks-gallery-item\"><figure><a href=\"https:\/\/atecordoba.org\/wp-content\/uploads\/2021\/08\/19_08_Radio_Abierta_Min_Trabajo_Paritaria_49.jpg\"><img loading=\"lazy\" decoding=\"async\" width=\"1024\" height=\"576\" src=\"https:\/\/atecordoba.org\/wp-content\/uploads\/2021\/08\/19_08_Radio_Abierta_Min_Trabajo_Paritaria_49-1024x576.jpg\" alt=\"\" data-id=\"27359\" data-full-url=\"https:\/\/atecordoba.org\/wp-content\/uploads\/2021\/08\/19_08_Radio_Abierta_Min_Trabajo_Paritaria_49.jpg\" data-link=\"https:\/\/atecordoba.org\/?attachment_id=27359\" class=\"wp-image-27359\" srcset=\"https:\/\/atecordoba.org\/wp-content\/uploads\/2021\/08\/19_08_Radio_Abierta_Min_Trabajo_Paritaria_49-1024x576.jpg 1024w, https:\/\/atecordoba.org\/wp-content\/uploads\/2021\/08\/19_08_Radio_Abierta_Min_Trabajo_Paritaria_49-300x169.jpg 300w, https:\/\/atecordoba.org\/wp-content\/uploads\/2021\/08\/19_08_Radio_Abierta_Min_Trabajo_Paritaria_49-768x432.jpg 768w, https:\/\/atecordoba.org\/wp-content\/uploads\/2021\/08\/19_08_Radio_Abierta_Min_Trabajo_Paritaria_49-1536x864.jpg 1536w, https:\/\/atecordoba.org\/wp-content\/uploads\/2021\/08\/19_08_Radio_Abierta_Min_Trabajo_Paritaria_49-750x422.jpg 750w, https:\/\/atecordoba.org\/wp-content\/uploads\/2021\/08\/19_08_Radio_Abierta_Min_Trabajo_Paritaria_49-1140x641.jpg 1140w, https:\/\/atecordoba.org\/wp-content\/uploads\/2021\/08\/19_08_Radio_Abierta_Min_Trabajo_Paritaria_49.jpg 1600w\" sizes=\"auto, (max-width: 1024px) 100vw, 1024px\" \/><\/a><\/figure><\/li><li class=\"blocks-gallery-item\"><figure><a href=\"https:\/\/atecordoba.org\/wp-content\/uploads\/2021\/08\/19_08_Radio_Abierta_Min_Trabajo_Paritaria_50.jpg\"><img loading=\"lazy\" decoding=\"async\" width=\"1024\" height=\"576\" src=\"https:\/\/atecordoba.org\/wp-content\/uploads\/2021\/08\/19_08_Radio_Abierta_Min_Trabajo_Paritaria_50-1024x576.jpg\" alt=\"\" data-id=\"27360\" data-full-url=\"https:\/\/atecordoba.org\/wp-content\/uploads\/2021\/08\/19_08_Radio_Abierta_Min_Trabajo_Paritaria_50.jpg\" data-link=\"https:\/\/atecordoba.org\/?attachment_id=27360\" class=\"wp-image-27360\" srcset=\"https:\/\/atecordoba.org\/wp-content\/uploads\/2021\/08\/19_08_Radio_Abierta_Min_Trabajo_Paritaria_50-1024x576.jpg 1024w, https:\/\/atecordoba.org\/wp-content\/uploads\/2021\/08\/19_08_Radio_Abierta_Min_Trabajo_Paritaria_50-300x169.jpg 300w, https:\/\/atecordoba.org\/wp-content\/uploads\/2021\/08\/19_08_Radio_Abierta_Min_Trabajo_Paritaria_50-768x432.jpg 768w, https:\/\/atecordoba.org\/wp-content\/uploads\/2021\/08\/19_08_Radio_Abierta_Min_Trabajo_Paritaria_50-1536x864.jpg 1536w, https:\/\/atecordoba.org\/wp-content\/uploads\/2021\/08\/19_08_Radio_Abierta_Min_Trabajo_Paritaria_50-750x422.jpg 750w, https:\/\/atecordoba.org\/wp-content\/uploads\/2021\/08\/19_08_Radio_Abierta_Min_Trabajo_Paritaria_50-1140x641.jpg 1140w, https:\/\/atecordoba.org\/wp-content\/uploads\/2021\/08\/19_08_Radio_Abierta_Min_Trabajo_Paritaria_50.jpg 1600w\" sizes=\"auto, (max-width: 1024px) 100vw, 1024px\" \/><\/a><\/figure><\/li><li class=\"blocks-gallery-item\"><figure><a href=\"https:\/\/atecordoba.org\/wp-content\/uploads\/2021\/08\/19_08_Radio_Abierta_Min_Trabajo_Paritaria_51.jpg\"><img loading=\"lazy\" decoding=\"async\" width=\"1024\" height=\"576\" src=\"https:\/\/atecordoba.org\/wp-content\/uploads\/2021\/08\/19_08_Radio_Abierta_Min_Trabajo_Paritaria_51-1024x576.jpg\" alt=\"\" data-id=\"27361\" data-full-url=\"https:\/\/atecordoba.org\/wp-content\/uploads\/2021\/08\/19_08_Radio_Abierta_Min_Trabajo_Paritaria_51.jpg\" data-link=\"https:\/\/atecordoba.org\/?attachment_id=27361\" class=\"wp-image-27361\" srcset=\"https:\/\/atecordoba.org\/wp-content\/uploads\/2021\/08\/19_08_Radio_Abierta_Min_Trabajo_Paritaria_51-1024x576.jpg 1024w, https:\/\/atecordoba.org\/wp-content\/uploads\/2021\/08\/19_08_Radio_Abierta_Min_Trabajo_Paritaria_51-300x169.jpg 300w, https:\/\/atecordoba.org\/wp-content\/uploads\/2021\/08\/19_08_Radio_Abierta_Min_Trabajo_Paritaria_51-768x432.jpg 768w, https:\/\/atecordoba.org\/wp-content\/uploads\/2021\/08\/19_08_Radio_Abierta_Min_Trabajo_Paritaria_51-1536x864.jpg 1536w, https:\/\/atecordoba.org\/wp-content\/uploads\/2021\/08\/19_08_Radio_Abierta_Min_Trabajo_Paritaria_51-750x422.jpg 750w, https:\/\/atecordoba.org\/wp-content\/uploads\/2021\/08\/19_08_Radio_Abierta_Min_Trabajo_Paritaria_51-1140x641.jpg 1140w, https:\/\/atecordoba.org\/wp-content\/uploads\/2021\/08\/19_08_Radio_Abierta_Min_Trabajo_Paritaria_51.jpg 1600w\" sizes=\"auto, (max-width: 1024px) 100vw, 1024px\" \/><\/a><\/figure><\/li><li class=\"blocks-gallery-item\"><figure><a href=\"https:\/\/atecordoba.org\/wp-content\/uploads\/2021\/08\/19_08_Radio_Abierta_Min_Trabajo_Paritaria.jpg\"><img loading=\"lazy\" decoding=\"async\" width=\"1024\" height=\"767\" src=\"https:\/\/atecordoba.org\/wp-content\/uploads\/2021\/08\/19_08_Radio_Abierta_Min_Trabajo_Paritaria-1024x767.jpg\" alt=\"\" data-id=\"27362\" data-full-url=\"https:\/\/atecordoba.org\/wp-content\/uploads\/2021\/08\/19_08_Radio_Abierta_Min_Trabajo_Paritaria.jpg\" data-link=\"https:\/\/atecordoba.org\/?attachment_id=27362\" class=\"wp-image-27362\" srcset=\"https:\/\/atecordoba.org\/wp-content\/uploads\/2021\/08\/19_08_Radio_Abierta_Min_Trabajo_Paritaria-1024x767.jpg 1024w, https:\/\/atecordoba.org\/wp-content\/uploads\/2021\/08\/19_08_Radio_Abierta_Min_Trabajo_Paritaria-300x225.jpg 300w, https:\/\/atecordoba.org\/wp-content\/uploads\/2021\/08\/19_08_Radio_Abierta_Min_Trabajo_Paritaria-768x575.jpg 768w, https:\/\/atecordoba.org\/wp-content\/uploads\/2021\/08\/19_08_Radio_Abierta_Min_Trabajo_Paritaria-1536x1150.jpg 1536w, https:\/\/atecordoba.org\/wp-content\/uploads\/2021\/08\/19_08_Radio_Abierta_Min_Trabajo_Paritaria-750x562.jpg 750w, https:\/\/atecordoba.org\/wp-content\/uploads\/2021\/08\/19_08_Radio_Abierta_Min_Trabajo_Paritaria-1140x854.jpg 1140w, https:\/\/atecordoba.org\/wp-content\/uploads\/2021\/08\/19_08_Radio_Abierta_Min_Trabajo_Paritaria.jpg 1600w\" sizes=\"auto, (max-width: 1024px) 100vw, 1024px\" \/><\/a><\/figure><\/li><li class=\"blocks-gallery-item\"><figure><a href=\"https:\/\/atecordoba.org\/wp-content\/uploads\/2021\/08\/19_08_Radio_Abierta_Min_Trabajo_Paritaria_2.jpg\"><img loading=\"lazy\" decoding=\"async\" width=\"1024\" height=\"576\" src=\"https:\/\/atecordoba.org\/wp-content\/uploads\/2021\/08\/19_08_Radio_Abierta_Min_Trabajo_Paritaria_2-1024x576.jpg\" alt=\"\" data-id=\"27363\" data-full-url=\"https:\/\/atecordoba.org\/wp-content\/uploads\/2021\/08\/19_08_Radio_Abierta_Min_Trabajo_Paritaria_2.jpg\" data-link=\"https:\/\/atecordoba.org\/?attachment_id=27363\" class=\"wp-image-27363\" srcset=\"https:\/\/atecordoba.org\/wp-content\/uploads\/2021\/08\/19_08_Radio_Abierta_Min_Trabajo_Paritaria_2-1024x576.jpg 1024w, https:\/\/atecordoba.org\/wp-content\/uploads\/2021\/08\/19_08_Radio_Abierta_Min_Trabajo_Paritaria_2-300x169.jpg 300w, https:\/\/atecordoba.org\/wp-content\/uploads\/2021\/08\/19_08_Radio_Abierta_Min_Trabajo_Paritaria_2-768x432.jpg 768w, https:\/\/atecordoba.org\/wp-content\/uploads\/2021\/08\/19_08_Radio_Abierta_Min_Trabajo_Paritaria_2-1536x864.jpg 1536w, https:\/\/atecordoba.org\/wp-content\/uploads\/2021\/08\/19_08_Radio_Abierta_Min_Trabajo_Paritaria_2-750x422.jpg 750w, https:\/\/atecordoba.org\/wp-content\/uploads\/2021\/08\/19_08_Radio_Abierta_Min_Trabajo_Paritaria_2-1140x641.jpg 1140w, https:\/\/atecordoba.org\/wp-content\/uploads\/2021\/08\/19_08_Radio_Abierta_Min_Trabajo_Paritaria_2.jpg 1600w\" sizes=\"auto, (max-width: 1024px) 100vw, 1024px\" \/><\/a><\/figure><\/li><li class=\"blocks-gallery-item\"><figure><a href=\"https:\/\/atecordoba.org\/wp-content\/uploads\/2021\/08\/19_08_Radio_Abierta_Min_Trabajo_Paritaria_3.jpg\"><img loading=\"lazy\" decoding=\"async\" width=\"1024\" height=\"767\" src=\"https:\/\/atecordoba.org\/wp-content\/uploads\/2021\/08\/19_08_Radio_Abierta_Min_Trabajo_Paritaria_3-1024x767.jpg\" alt=\"\" data-id=\"27364\" data-full-url=\"https:\/\/atecordoba.org\/wp-content\/uploads\/2021\/08\/19_08_Radio_Abierta_Min_Trabajo_Paritaria_3.jpg\" data-link=\"https:\/\/atecordoba.org\/?attachment_id=27364\" class=\"wp-image-27364\" srcset=\"https:\/\/atecordoba.org\/wp-content\/uploads\/2021\/08\/19_08_Radio_Abierta_Min_Trabajo_Paritaria_3-1024x767.jpg 1024w, https:\/\/atecordoba.org\/wp-content\/uploads\/2021\/08\/19_08_Radio_Abierta_Min_Trabajo_Paritaria_3-300x225.jpg 300w, https:\/\/atecordoba.org\/wp-content\/uploads\/2021\/08\/19_08_Radio_Abierta_Min_Trabajo_Paritaria_3-768x575.jpg 768w, https:\/\/atecordoba.org\/wp-content\/uploads\/2021\/08\/19_08_Radio_Abierta_Min_Trabajo_Paritaria_3-1536x1150.jpg 1536w, https:\/\/atecordoba.org\/wp-content\/uploads\/2021\/08\/19_08_Radio_Abierta_Min_Trabajo_Paritaria_3-750x562.jpg 750w, https:\/\/atecordoba.org\/wp-content\/uploads\/2021\/08\/19_08_Radio_Abierta_Min_Trabajo_Paritaria_3-1140x854.jpg 1140w, https:\/\/atecordoba.org\/wp-content\/uploads\/2021\/08\/19_08_Radio_Abierta_Min_Trabajo_Paritaria_3.jpg 1600w\" sizes=\"auto, (max-width: 1024px) 100vw, 1024px\" \/><\/a><\/figure><\/li><li class=\"blocks-gallery-item\"><figure><a href=\"https:\/\/atecordoba.org\/wp-content\/uploads\/2021\/08\/19_08_Radio_Abierta_Min_Trabajo_Paritaria_6.jpg\"><img loading=\"lazy\" decoding=\"async\" width=\"1024\" height=\"767\" src=\"https:\/\/atecordoba.org\/wp-content\/uploads\/2021\/08\/19_08_Radio_Abierta_Min_Trabajo_Paritaria_6-1024x767.jpg\" alt=\"\" data-id=\"27365\" data-full-url=\"https:\/\/atecordoba.org\/wp-content\/uploads\/2021\/08\/19_08_Radio_Abierta_Min_Trabajo_Paritaria_6.jpg\" data-link=\"https:\/\/atecordoba.org\/?attachment_id=27365\" class=\"wp-image-27365\" srcset=\"https:\/\/atecordoba.org\/wp-content\/uploads\/2021\/08\/19_08_Radio_Abierta_Min_Trabajo_Paritaria_6-1024x767.jpg 1024w, https:\/\/atecordoba.org\/wp-content\/uploads\/2021\/08\/19_08_Radio_Abierta_Min_Trabajo_Paritaria_6-300x225.jpg 300w, https:\/\/atecordoba.org\/wp-content\/uploads\/2021\/08\/19_08_Radio_Abierta_Min_Trabajo_Paritaria_6-768x575.jpg 768w, https:\/\/atecordoba.org\/wp-content\/uploads\/2021\/08\/19_08_Radio_Abierta_Min_Trabajo_Paritaria_6-1536x1150.jpg 1536w, https:\/\/atecordoba.org\/wp-content\/uploads\/2021\/08\/19_08_Radio_Abierta_Min_Trabajo_Paritaria_6-750x562.jpg 750w, https:\/\/atecordoba.org\/wp-content\/uploads\/2021\/08\/19_08_Radio_Abierta_Min_Trabajo_Paritaria_6-1140x854.jpg 1140w, https:\/\/atecordoba.org\/wp-content\/uploads\/2021\/08\/19_08_Radio_Abierta_Min_Trabajo_Paritaria_6.jpg 1600w\" sizes=\"auto, (max-width: 1024px) 100vw, 1024px\" \/><\/a><\/figure><\/li><li class=\"blocks-gallery-item\"><figure><a href=\"https:\/\/atecordoba.org\/wp-content\/uploads\/2021\/08\/19_08_Radio_Abierta_Min_Trabajo_Paritaria_7.jpg\"><img loading=\"lazy\" decoding=\"async\" width=\"1024\" height=\"576\" src=\"https:\/\/atecordoba.org\/wp-content\/uploads\/2021\/08\/19_08_Radio_Abierta_Min_Trabajo_Paritaria_7-1024x576.jpg\" alt=\"\" data-id=\"27366\" data-full-url=\"https:\/\/atecordoba.org\/wp-content\/uploads\/2021\/08\/19_08_Radio_Abierta_Min_Trabajo_Paritaria_7.jpg\" data-link=\"https:\/\/atecordoba.org\/?attachment_id=27366\" class=\"wp-image-27366\" srcset=\"https:\/\/atecordoba.org\/wp-content\/uploads\/2021\/08\/19_08_Radio_Abierta_Min_Trabajo_Paritaria_7-1024x576.jpg 1024w, https:\/\/atecordoba.org\/wp-content\/uploads\/2021\/08\/19_08_Radio_Abierta_Min_Trabajo_Paritaria_7-300x169.jpg 300w, https:\/\/atecordoba.org\/wp-content\/uploads\/2021\/08\/19_08_Radio_Abierta_Min_Trabajo_Paritaria_7-768x432.jpg 768w, https:\/\/atecordoba.org\/wp-content\/uploads\/2021\/08\/19_08_Radio_Abierta_Min_Trabajo_Paritaria_7-1536x864.jpg 1536w, https:\/\/atecordoba.org\/wp-content\/uploads\/2021\/08\/19_08_Radio_Abierta_Min_Trabajo_Paritaria_7-750x422.jpg 750w, https:\/\/atecordoba.org\/wp-content\/uploads\/2021\/08\/19_08_Radio_Abierta_Min_Trabajo_Paritaria_7-1140x641.jpg 1140w, https:\/\/atecordoba.org\/wp-content\/uploads\/2021\/08\/19_08_Radio_Abierta_Min_Trabajo_Paritaria_7.jpg 1600w\" sizes=\"auto, (max-width: 1024px) 100vw, 1024px\" \/><\/a><\/figure><\/li><li class=\"blocks-gallery-item\"><figure><a href=\"https:\/\/atecordoba.org\/wp-content\/uploads\/2021\/08\/19_08_Radio_Abierta_Min_Trabajo_Paritaria_8.jpg\"><img loading=\"lazy\" decoding=\"async\" width=\"1024\" height=\"576\" src=\"https:\/\/atecordoba.org\/wp-content\/uploads\/2021\/08\/19_08_Radio_Abierta_Min_Trabajo_Paritaria_8-1024x576.jpg\" alt=\"\" data-id=\"27367\" data-full-url=\"https:\/\/atecordoba.org\/wp-content\/uploads\/2021\/08\/19_08_Radio_Abierta_Min_Trabajo_Paritaria_8.jpg\" data-link=\"https:\/\/atecordoba.org\/?attachment_id=27367\" class=\"wp-image-27367\" srcset=\"https:\/\/atecordoba.org\/wp-content\/uploads\/2021\/08\/19_08_Radio_Abierta_Min_Trabajo_Paritaria_8-1024x576.jpg 1024w, https:\/\/atecordoba.org\/wp-content\/uploads\/2021\/08\/19_08_Radio_Abierta_Min_Trabajo_Paritaria_8-300x169.jpg 300w, https:\/\/atecordoba.org\/wp-content\/uploads\/2021\/08\/19_08_Radio_Abierta_Min_Trabajo_Paritaria_8-768x432.jpg 768w, https:\/\/atecordoba.org\/wp-content\/uploads\/2021\/08\/19_08_Radio_Abierta_Min_Trabajo_Paritaria_8-1536x864.jpg 1536w, https:\/\/atecordoba.org\/wp-content\/uploads\/2021\/08\/19_08_Radio_Abierta_Min_Trabajo_Paritaria_8-750x422.jpg 750w, https:\/\/atecordoba.org\/wp-content\/uploads\/2021\/08\/19_08_Radio_Abierta_Min_Trabajo_Paritaria_8-1140x641.jpg 1140w, https:\/\/atecordoba.org\/wp-content\/uploads\/2021\/08\/19_08_Radio_Abierta_Min_Trabajo_Paritaria_8.jpg 1600w\" sizes=\"auto, (max-width: 1024px) 100vw, 1024px\" \/><\/a><\/figure><\/li><li class=\"blocks-gallery-item\"><figure><a href=\"https:\/\/atecordoba.org\/wp-content\/uploads\/2021\/08\/19_08_Radio_Abierta_Min_Trabajo_Paritaria_9.jpg\"><img loading=\"lazy\" decoding=\"async\" width=\"1024\" height=\"576\" src=\"https:\/\/atecordoba.org\/wp-content\/uploads\/2021\/08\/19_08_Radio_Abierta_Min_Trabajo_Paritaria_9-1024x576.jpg\" alt=\"\" data-id=\"27368\" data-full-url=\"https:\/\/atecordoba.org\/wp-content\/uploads\/2021\/08\/19_08_Radio_Abierta_Min_Trabajo_Paritaria_9.jpg\" data-link=\"https:\/\/atecordoba.org\/?attachment_id=27368\" class=\"wp-image-27368\" srcset=\"https:\/\/atecordoba.org\/wp-content\/uploads\/2021\/08\/19_08_Radio_Abierta_Min_Trabajo_Paritaria_9-1024x576.jpg 1024w, https:\/\/atecordoba.org\/wp-content\/uploads\/2021\/08\/19_08_Radio_Abierta_Min_Trabajo_Paritaria_9-300x169.jpg 300w, https:\/\/atecordoba.org\/wp-content\/uploads\/2021\/08\/19_08_Radio_Abierta_Min_Trabajo_Paritaria_9-768x432.jpg 768w, https:\/\/atecordoba.org\/wp-content\/uploads\/2021\/08\/19_08_Radio_Abierta_Min_Trabajo_Paritaria_9-1536x864.jpg 1536w, https:\/\/atecordoba.org\/wp-content\/uploads\/2021\/08\/19_08_Radio_Abierta_Min_Trabajo_Paritaria_9-750x422.jpg 750w, https:\/\/atecordoba.org\/wp-content\/uploads\/2021\/08\/19_08_Radio_Abierta_Min_Trabajo_Paritaria_9-1140x641.jpg 1140w, https:\/\/atecordoba.org\/wp-content\/uploads\/2021\/08\/19_08_Radio_Abierta_Min_Trabajo_Paritaria_9.jpg 1600w\" sizes=\"auto, (max-width: 1024px) 100vw, 1024px\" \/><\/a><\/figure><\/li><li class=\"blocks-gallery-item\"><figure><a href=\"https:\/\/atecordoba.org\/wp-content\/uploads\/2021\/08\/19_08_Radio_Abierta_Min_Trabajo_Paritaria_12.jpg\"><img loading=\"lazy\" decoding=\"async\" width=\"1024\" height=\"576\" src=\"https:\/\/atecordoba.org\/wp-content\/uploads\/2021\/08\/19_08_Radio_Abierta_Min_Trabajo_Paritaria_12-1024x576.jpg\" alt=\"\" data-id=\"27369\" data-full-url=\"https:\/\/atecordoba.org\/wp-content\/uploads\/2021\/08\/19_08_Radio_Abierta_Min_Trabajo_Paritaria_12.jpg\" data-link=\"https:\/\/atecordoba.org\/?attachment_id=27369\" class=\"wp-image-27369\" srcset=\"https:\/\/atecordoba.org\/wp-content\/uploads\/2021\/08\/19_08_Radio_Abierta_Min_Trabajo_Paritaria_12-1024x576.jpg 1024w, https:\/\/atecordoba.org\/wp-content\/uploads\/2021\/08\/19_08_Radio_Abierta_Min_Trabajo_Paritaria_12-300x169.jpg 300w, https:\/\/atecordoba.org\/wp-content\/uploads\/2021\/08\/19_08_Radio_Abierta_Min_Trabajo_Paritaria_12-768x432.jpg 768w, https:\/\/atecordoba.org\/wp-content\/uploads\/2021\/08\/19_08_Radio_Abierta_Min_Trabajo_Paritaria_12-750x422.jpg 750w, https:\/\/atecordoba.org\/wp-content\/uploads\/2021\/08\/19_08_Radio_Abierta_Min_Trabajo_Paritaria_12-1140x641.jpg 1140w, https:\/\/atecordoba.org\/wp-content\/uploads\/2021\/08\/19_08_Radio_Abierta_Min_Trabajo_Paritaria_12.jpg 1280w\" sizes=\"auto, (max-width: 1024px) 100vw, 1024px\" \/><\/a><\/figure><\/li><li class=\"blocks-gallery-item\"><figure><a href=\"https:\/\/atecordoba.org\/wp-content\/uploads\/2021\/08\/19_08_Radio_Abierta_Min_Trabajo_Paritaria_15.jpg\"><img loading=\"lazy\" decoding=\"async\" width=\"1024\" height=\"576\" src=\"https:\/\/atecordoba.org\/wp-content\/uploads\/2021\/08\/19_08_Radio_Abierta_Min_Trabajo_Paritaria_15-1024x576.jpg\" alt=\"\" data-id=\"27370\" data-full-url=\"https:\/\/atecordoba.org\/wp-content\/uploads\/2021\/08\/19_08_Radio_Abierta_Min_Trabajo_Paritaria_15.jpg\" data-link=\"https:\/\/atecordoba.org\/?attachment_id=27370\" class=\"wp-image-27370\" srcset=\"https:\/\/atecordoba.org\/wp-content\/uploads\/2021\/08\/19_08_Radio_Abierta_Min_Trabajo_Paritaria_15-1024x576.jpg 1024w, https:\/\/atecordoba.org\/wp-content\/uploads\/2021\/08\/19_08_Radio_Abierta_Min_Trabajo_Paritaria_15-300x169.jpg 300w, https:\/\/atecordoba.org\/wp-content\/uploads\/2021\/08\/19_08_Radio_Abierta_Min_Trabajo_Paritaria_15-768x432.jpg 768w, https:\/\/atecordoba.org\/wp-content\/uploads\/2021\/08\/19_08_Radio_Abierta_Min_Trabajo_Paritaria_15-750x422.jpg 750w, https:\/\/atecordoba.org\/wp-content\/uploads\/2021\/08\/19_08_Radio_Abierta_Min_Trabajo_Paritaria_15-1140x641.jpg 1140w, https:\/\/atecordoba.org\/wp-content\/uploads\/2021\/08\/19_08_Radio_Abierta_Min_Trabajo_Paritaria_15.jpg 1280w\" sizes=\"auto, (max-width: 1024px) 100vw, 1024px\" \/><\/a><\/figure><\/li><li class=\"blocks-gallery-item\"><figure><a href=\"https:\/\/atecordoba.org\/wp-content\/uploads\/2021\/08\/19_08_Radio_Abierta_Min_Trabajo_Paritaria_18.jpg\"><img loading=\"lazy\" decoding=\"async\" width=\"1024\" height=\"576\" src=\"https:\/\/atecordoba.org\/wp-content\/uploads\/2021\/08\/19_08_Radio_Abierta_Min_Trabajo_Paritaria_18-1024x576.jpg\" alt=\"\" data-id=\"27371\" data-full-url=\"https:\/\/atecordoba.org\/wp-content\/uploads\/2021\/08\/19_08_Radio_Abierta_Min_Trabajo_Paritaria_18.jpg\" data-link=\"https:\/\/atecordoba.org\/?attachment_id=27371\" class=\"wp-image-27371\" srcset=\"https:\/\/atecordoba.org\/wp-content\/uploads\/2021\/08\/19_08_Radio_Abierta_Min_Trabajo_Paritaria_18-1024x576.jpg 1024w, https:\/\/atecordoba.org\/wp-content\/uploads\/2021\/08\/19_08_Radio_Abierta_Min_Trabajo_Paritaria_18-300x169.jpg 300w, https:\/\/atecordoba.org\/wp-content\/uploads\/2021\/08\/19_08_Radio_Abierta_Min_Trabajo_Paritaria_18-768x432.jpg 768w, https:\/\/atecordoba.org\/wp-content\/uploads\/2021\/08\/19_08_Radio_Abierta_Min_Trabajo_Paritaria_18-750x422.jpg 750w, https:\/\/atecordoba.org\/wp-content\/uploads\/2021\/08\/19_08_Radio_Abierta_Min_Trabajo_Paritaria_18.jpg 1032w\" sizes=\"auto, (max-width: 1024px) 100vw, 1024px\" \/><\/a><\/figure><\/li><li class=\"blocks-gallery-item\"><figure><a href=\"https:\/\/atecordoba.org\/wp-content\/uploads\/2021\/08\/19_08_Radio_Abierta_Min_Trabajo_Paritaria_19.jpg\"><img loading=\"lazy\" decoding=\"async\" width=\"1024\" height=\"576\" src=\"https:\/\/atecordoba.org\/wp-content\/uploads\/2021\/08\/19_08_Radio_Abierta_Min_Trabajo_Paritaria_19-1024x576.jpg\" alt=\"\" data-id=\"27372\" data-full-url=\"https:\/\/atecordoba.org\/wp-content\/uploads\/2021\/08\/19_08_Radio_Abierta_Min_Trabajo_Paritaria_19.jpg\" data-link=\"https:\/\/atecordoba.org\/?attachment_id=27372\" class=\"wp-image-27372\" srcset=\"https:\/\/atecordoba.org\/wp-content\/uploads\/2021\/08\/19_08_Radio_Abierta_Min_Trabajo_Paritaria_19-1024x576.jpg 1024w, https:\/\/atecordoba.org\/wp-content\/uploads\/2021\/08\/19_08_Radio_Abierta_Min_Trabajo_Paritaria_19-300x169.jpg 300w, https:\/\/atecordoba.org\/wp-content\/uploads\/2021\/08\/19_08_Radio_Abierta_Min_Trabajo_Paritaria_19-768x432.jpg 768w, https:\/\/atecordoba.org\/wp-content\/uploads\/2021\/08\/19_08_Radio_Abierta_Min_Trabajo_Paritaria_19-750x422.jpg 750w, https:\/\/atecordoba.org\/wp-content\/uploads\/2021\/08\/19_08_Radio_Abierta_Min_Trabajo_Paritaria_19.jpg 1032w\" sizes=\"auto, (max-width: 1024px) 100vw, 1024px\" \/><\/a><\/figure><\/li><li class=\"blocks-gallery-item\"><figure><a href=\"https:\/\/atecordoba.org\/wp-content\/uploads\/2021\/08\/19_08_Radio_Abierta_Min_Trabajo_Paritaria_21.jpg\"><img loading=\"lazy\" decoding=\"async\" width=\"1024\" height=\"576\" src=\"https:\/\/atecordoba.org\/wp-content\/uploads\/2021\/08\/19_08_Radio_Abierta_Min_Trabajo_Paritaria_21-1024x576.jpg\" alt=\"\" data-id=\"27373\" data-full-url=\"https:\/\/atecordoba.org\/wp-content\/uploads\/2021\/08\/19_08_Radio_Abierta_Min_Trabajo_Paritaria_21.jpg\" data-link=\"https:\/\/atecordoba.org\/?attachment_id=27373\" class=\"wp-image-27373\" srcset=\"https:\/\/atecordoba.org\/wp-content\/uploads\/2021\/08\/19_08_Radio_Abierta_Min_Trabajo_Paritaria_21-1024x576.jpg 1024w, https:\/\/atecordoba.org\/wp-content\/uploads\/2021\/08\/19_08_Radio_Abierta_Min_Trabajo_Paritaria_21-300x169.jpg 300w, https:\/\/atecordoba.org\/wp-content\/uploads\/2021\/08\/19_08_Radio_Abierta_Min_Trabajo_Paritaria_21-768x432.jpg 768w, https:\/\/atecordoba.org\/wp-content\/uploads\/2021\/08\/19_08_Radio_Abierta_Min_Trabajo_Paritaria_21-750x422.jpg 750w, https:\/\/atecordoba.org\/wp-content\/uploads\/2021\/08\/19_08_Radio_Abierta_Min_Trabajo_Paritaria_21.jpg 1032w\" sizes=\"auto, (max-width: 1024px) 100vw, 1024px\" \/><\/a><\/figure><\/li><li class=\"blocks-gallery-item\"><figure><a href=\"https:\/\/atecordoba.org\/wp-content\/uploads\/2021\/08\/19_08_Radio_Abierta_Min_Trabajo_Paritaria_25.jpg\"><img loading=\"lazy\" decoding=\"async\" width=\"1024\" height=\"576\" src=\"https:\/\/atecordoba.org\/wp-content\/uploads\/2021\/08\/19_08_Radio_Abierta_Min_Trabajo_Paritaria_25-1024x576.jpg\" alt=\"\" data-id=\"27374\" data-full-url=\"https:\/\/atecordoba.org\/wp-content\/uploads\/2021\/08\/19_08_Radio_Abierta_Min_Trabajo_Paritaria_25.jpg\" data-link=\"https:\/\/atecordoba.org\/?attachment_id=27374\" class=\"wp-image-27374\" srcset=\"https:\/\/atecordoba.org\/wp-content\/uploads\/2021\/08\/19_08_Radio_Abierta_Min_Trabajo_Paritaria_25-1024x576.jpg 1024w, https:\/\/atecordoba.org\/wp-content\/uploads\/2021\/08\/19_08_Radio_Abierta_Min_Trabajo_Paritaria_25-300x169.jpg 300w, https:\/\/atecordoba.org\/wp-content\/uploads\/2021\/08\/19_08_Radio_Abierta_Min_Trabajo_Paritaria_25-768x432.jpg 768w, https:\/\/atecordoba.org\/wp-content\/uploads\/2021\/08\/19_08_Radio_Abierta_Min_Trabajo_Paritaria_25-750x422.jpg 750w, https:\/\/atecordoba.org\/wp-content\/uploads\/2021\/08\/19_08_Radio_Abierta_Min_Trabajo_Paritaria_25.jpg 1032w\" sizes=\"auto, (max-width: 1024px) 100vw, 1024px\" \/><\/a><\/figure><\/li><li class=\"blocks-gallery-item\"><figure><a href=\"https:\/\/atecordoba.org\/wp-content\/uploads\/2021\/08\/19_08_Radio_Abierta_Min_Trabajo_Paritaria_27.jpg\"><img loading=\"lazy\" decoding=\"async\" width=\"1024\" height=\"576\" src=\"https:\/\/atecordoba.org\/wp-content\/uploads\/2021\/08\/19_08_Radio_Abierta_Min_Trabajo_Paritaria_27-1024x576.jpg\" alt=\"\" data-id=\"27375\" data-full-url=\"https:\/\/atecordoba.org\/wp-content\/uploads\/2021\/08\/19_08_Radio_Abierta_Min_Trabajo_Paritaria_27.jpg\" data-link=\"https:\/\/atecordoba.org\/?attachment_id=27375\" class=\"wp-image-27375\" srcset=\"https:\/\/atecordoba.org\/wp-content\/uploads\/2021\/08\/19_08_Radio_Abierta_Min_Trabajo_Paritaria_27-1024x576.jpg 1024w, https:\/\/atecordoba.org\/wp-content\/uploads\/2021\/08\/19_08_Radio_Abierta_Min_Trabajo_Paritaria_27-300x169.jpg 300w, https:\/\/atecordoba.org\/wp-content\/uploads\/2021\/08\/19_08_Radio_Abierta_Min_Trabajo_Paritaria_27-768x432.jpg 768w, https:\/\/atecordoba.org\/wp-content\/uploads\/2021\/08\/19_08_Radio_Abierta_Min_Trabajo_Paritaria_27-750x422.jpg 750w, https:\/\/atecordoba.org\/wp-content\/uploads\/2021\/08\/19_08_Radio_Abierta_Min_Trabajo_Paritaria_27.jpg 1032w\" sizes=\"auto, (max-width: 1024px) 100vw, 1024px\" \/><\/a><\/figure><\/li><li class=\"blocks-gallery-item\"><figure><a href=\"https:\/\/atecordoba.org\/wp-content\/uploads\/2021\/08\/19_08_Radio_Abierta_Min_Trabajo_Paritaria_30.jpg\"><img loading=\"lazy\" decoding=\"async\" width=\"1024\" height=\"576\" src=\"https:\/\/atecordoba.org\/wp-content\/uploads\/2021\/08\/19_08_Radio_Abierta_Min_Trabajo_Paritaria_30-1024x576.jpg\" alt=\"\" data-id=\"27376\" data-full-url=\"https:\/\/atecordoba.org\/wp-content\/uploads\/2021\/08\/19_08_Radio_Abierta_Min_Trabajo_Paritaria_30.jpg\" data-link=\"https:\/\/atecordoba.org\/?attachment_id=27376\" class=\"wp-image-27376\" srcset=\"https:\/\/atecordoba.org\/wp-content\/uploads\/2021\/08\/19_08_Radio_Abierta_Min_Trabajo_Paritaria_30-1024x576.jpg 1024w, https:\/\/atecordoba.org\/wp-content\/uploads\/2021\/08\/19_08_Radio_Abierta_Min_Trabajo_Paritaria_30-300x169.jpg 300w, https:\/\/atecordoba.org\/wp-content\/uploads\/2021\/08\/19_08_Radio_Abierta_Min_Trabajo_Paritaria_30-768x432.jpg 768w, https:\/\/atecordoba.org\/wp-content\/uploads\/2021\/08\/19_08_Radio_Abierta_Min_Trabajo_Paritaria_30-1536x864.jpg 1536w, https:\/\/atecordoba.org\/wp-content\/uploads\/2021\/08\/19_08_Radio_Abierta_Min_Trabajo_Paritaria_30-750x422.jpg 750w, https:\/\/atecordoba.org\/wp-content\/uploads\/2021\/08\/19_08_Radio_Abierta_Min_Trabajo_Paritaria_30-1140x641.jpg 1140w, https:\/\/atecordoba.org\/wp-content\/uploads\/2021\/08\/19_08_Radio_Abierta_Min_Trabajo_Paritaria_30.jpg 1600w\" sizes=\"auto, (max-width: 1024px) 100vw, 1024px\" \/><\/a><\/figure><\/li><li class=\"blocks-gallery-item\"><figure><a href=\"https:\/\/atecordoba.org\/wp-content\/uploads\/2021\/08\/19_08_Radio_Abierta_Min_Trabajo_Paritaria_31.jpg\"><img loading=\"lazy\" decoding=\"async\" width=\"1024\" height=\"576\" src=\"https:\/\/atecordoba.org\/wp-content\/uploads\/2021\/08\/19_08_Radio_Abierta_Min_Trabajo_Paritaria_31-1024x576.jpg\" alt=\"\" data-id=\"27377\" data-full-url=\"https:\/\/atecordoba.org\/wp-content\/uploads\/2021\/08\/19_08_Radio_Abierta_Min_Trabajo_Paritaria_31.jpg\" data-link=\"https:\/\/atecordoba.org\/?attachment_id=27377\" class=\"wp-image-27377\" srcset=\"https:\/\/atecordoba.org\/wp-content\/uploads\/2021\/08\/19_08_Radio_Abierta_Min_Trabajo_Paritaria_31-1024x576.jpg 1024w, https:\/\/atecordoba.org\/wp-content\/uploads\/2021\/08\/19_08_Radio_Abierta_Min_Trabajo_Paritaria_31-300x169.jpg 300w, https:\/\/atecordoba.org\/wp-content\/uploads\/2021\/08\/19_08_Radio_Abierta_Min_Trabajo_Paritaria_31-768x432.jpg 768w, https:\/\/atecordoba.org\/wp-content\/uploads\/2021\/08\/19_08_Radio_Abierta_Min_Trabajo_Paritaria_31-1536x864.jpg 1536w, https:\/\/atecordoba.org\/wp-content\/uploads\/2021\/08\/19_08_Radio_Abierta_Min_Trabajo_Paritaria_31-750x422.jpg 750w, https:\/\/atecordoba.org\/wp-content\/uploads\/2021\/08\/19_08_Radio_Abierta_Min_Trabajo_Paritaria_31-1140x641.jpg 1140w, https:\/\/atecordoba.org\/wp-content\/uploads\/2021\/08\/19_08_Radio_Abierta_Min_Trabajo_Paritaria_31.jpg 1600w\" sizes=\"auto, (max-width: 1024px) 100vw, 1024px\" \/><\/a><\/figure><\/li><li class=\"blocks-gallery-item\"><figure><a href=\"https:\/\/atecordoba.org\/wp-content\/uploads\/2021\/08\/19_08_Radio_Abierta_Min_Trabajo_Paritaria_33.jpg\"><img loading=\"lazy\" decoding=\"async\" width=\"1024\" height=\"766\" src=\"https:\/\/atecordoba.org\/wp-content\/uploads\/2021\/08\/19_08_Radio_Abierta_Min_Trabajo_Paritaria_33-1024x766.jpg\" alt=\"\" data-id=\"27378\" data-full-url=\"https:\/\/atecordoba.org\/wp-content\/uploads\/2021\/08\/19_08_Radio_Abierta_Min_Trabajo_Paritaria_33.jpg\" data-link=\"https:\/\/atecordoba.org\/?attachment_id=27378\" class=\"wp-image-27378\" srcset=\"https:\/\/atecordoba.org\/wp-content\/uploads\/2021\/08\/19_08_Radio_Abierta_Min_Trabajo_Paritaria_33-1024x766.jpg 1024w, https:\/\/atecordoba.org\/wp-content\/uploads\/2021\/08\/19_08_Radio_Abierta_Min_Trabajo_Paritaria_33-300x225.jpg 300w, https:\/\/atecordoba.org\/wp-content\/uploads\/2021\/08\/19_08_Radio_Abierta_Min_Trabajo_Paritaria_33-768x575.jpg 768w, https:\/\/atecordoba.org\/wp-content\/uploads\/2021\/08\/19_08_Radio_Abierta_Min_Trabajo_Paritaria_33-750x561.jpg 750w, https:\/\/atecordoba.org\/wp-content\/uploads\/2021\/08\/19_08_Radio_Abierta_Min_Trabajo_Paritaria_33-1140x853.jpg 1140w, https:\/\/atecordoba.org\/wp-content\/uploads\/2021\/08\/19_08_Radio_Abierta_Min_Trabajo_Paritaria_33.jpg 1296w\" sizes=\"auto, (max-width: 1024px) 100vw, 1024px\" \/><\/a><\/figure><\/li><li class=\"blocks-gallery-item\"><figure><a href=\"https:\/\/atecordoba.org\/wp-content\/uploads\/2021\/08\/19_08_Radio_Abierta_Min_Trabajo_Paritaria_36.jpg\"><img loading=\"lazy\" decoding=\"async\" width=\"1024\" height=\"576\" src=\"https:\/\/atecordoba.org\/wp-content\/uploads\/2021\/08\/19_08_Radio_Abierta_Min_Trabajo_Paritaria_36-1024x576.jpg\" alt=\"\" data-id=\"27379\" data-full-url=\"https:\/\/atecordoba.org\/wp-content\/uploads\/2021\/08\/19_08_Radio_Abierta_Min_Trabajo_Paritaria_36.jpg\" data-link=\"https:\/\/atecordoba.org\/?attachment_id=27379\" class=\"wp-image-27379\" srcset=\"https:\/\/atecordoba.org\/wp-content\/uploads\/2021\/08\/19_08_Radio_Abierta_Min_Trabajo_Paritaria_36-1024x576.jpg 1024w, https:\/\/atecordoba.org\/wp-content\/uploads\/2021\/08\/19_08_Radio_Abierta_Min_Trabajo_Paritaria_36-300x169.jpg 300w, https:\/\/atecordoba.org\/wp-content\/uploads\/2021\/08\/19_08_Radio_Abierta_Min_Trabajo_Paritaria_36-768x432.jpg 768w, https:\/\/atecordoba.org\/wp-content\/uploads\/2021\/08\/19_08_Radio_Abierta_Min_Trabajo_Paritaria_36-1536x864.jpg 1536w, https:\/\/atecordoba.org\/wp-content\/uploads\/2021\/08\/19_08_Radio_Abierta_Min_Trabajo_Paritaria_36-750x422.jpg 750w, https:\/\/atecordoba.org\/wp-content\/uploads\/2021\/08\/19_08_Radio_Abierta_Min_Trabajo_Paritaria_36-1140x641.jpg 1140w, https:\/\/atecordoba.org\/wp-content\/uploads\/2021\/08\/19_08_Radio_Abierta_Min_Trabajo_Paritaria_36.jpg 1600w\" sizes=\"auto, (max-width: 1024px) 100vw, 1024px\" \/><\/a><\/figure><\/li><li class=\"blocks-gallery-item\"><figure><a href=\"https:\/\/atecordoba.org\/wp-content\/uploads\/2021\/08\/19_08_Radio_Abierta_Min_Trabajo_Paritaria_37.jpg\"><img loading=\"lazy\" decoding=\"async\" width=\"1024\" height=\"576\" src=\"https:\/\/atecordoba.org\/wp-content\/uploads\/2021\/08\/19_08_Radio_Abierta_Min_Trabajo_Paritaria_37-1024x576.jpg\" alt=\"\" data-id=\"27380\" data-full-url=\"https:\/\/atecordoba.org\/wp-content\/uploads\/2021\/08\/19_08_Radio_Abierta_Min_Trabajo_Paritaria_37.jpg\" data-link=\"https:\/\/atecordoba.org\/?attachment_id=27380\" class=\"wp-image-27380\" srcset=\"https:\/\/atecordoba.org\/wp-content\/uploads\/2021\/08\/19_08_Radio_Abierta_Min_Trabajo_Paritaria_37-1024x576.jpg 1024w, https:\/\/atecordoba.org\/wp-content\/uploads\/2021\/08\/19_08_Radio_Abierta_Min_Trabajo_Paritaria_37-300x169.jpg 300w, https:\/\/atecordoba.org\/wp-content\/uploads\/2021\/08\/19_08_Radio_Abierta_Min_Trabajo_Paritaria_37-768x432.jpg 768w, https:\/\/atecordoba.org\/wp-content\/uploads\/2021\/08\/19_08_Radio_Abierta_Min_Trabajo_Paritaria_37-1536x864.jpg 1536w, https:\/\/atecordoba.org\/wp-content\/uploads\/2021\/08\/19_08_Radio_Abierta_Min_Trabajo_Paritaria_37-750x422.jpg 750w, https:\/\/atecordoba.org\/wp-content\/uploads\/2021\/08\/19_08_Radio_Abierta_Min_Trabajo_Paritaria_37-1140x641.jpg 1140w, https:\/\/atecordoba.org\/wp-content\/uploads\/2021\/08\/19_08_Radio_Abierta_Min_Trabajo_Paritaria_37.jpg 1600w\" sizes=\"auto, (max-width: 1024px) 100vw, 1024px\" \/><\/a><\/figure><\/li><li class=\"blocks-gallery-item\"><figure><a href=\"https:\/\/atecordoba.org\/wp-content\/uploads\/2021\/08\/19_08_Radio_Abierta_Min_Trabajo_Paritaria_39.jpg\"><img loading=\"lazy\" decoding=\"async\" width=\"1024\" height=\"576\" src=\"https:\/\/atecordoba.org\/wp-content\/uploads\/2021\/08\/19_08_Radio_Abierta_Min_Trabajo_Paritaria_39-1024x576.jpg\" alt=\"\" data-id=\"27381\" data-full-url=\"https:\/\/atecordoba.org\/wp-content\/uploads\/2021\/08\/19_08_Radio_Abierta_Min_Trabajo_Paritaria_39.jpg\" data-link=\"https:\/\/atecordoba.org\/?attachment_id=27381\" class=\"wp-image-27381\" srcset=\"https:\/\/atecordoba.org\/wp-content\/uploads\/2021\/08\/19_08_Radio_Abierta_Min_Trabajo_Paritaria_39-1024x576.jpg 1024w, https:\/\/atecordoba.org\/wp-content\/uploads\/2021\/08\/19_08_Radio_Abierta_Min_Trabajo_Paritaria_39-300x169.jpg 300w, https:\/\/atecordoba.org\/wp-content\/uploads\/2021\/08\/19_08_Radio_Abierta_Min_Trabajo_Paritaria_39-768x432.jpg 768w, https:\/\/atecordoba.org\/wp-content\/uploads\/2021\/08\/19_08_Radio_Abierta_Min_Trabajo_Paritaria_39-1536x864.jpg 1536w, https:\/\/atecordoba.org\/wp-content\/uploads\/2021\/08\/19_08_Radio_Abierta_Min_Trabajo_Paritaria_39-750x422.jpg 750w, https:\/\/atecordoba.org\/wp-content\/uploads\/2021\/08\/19_08_Radio_Abierta_Min_Trabajo_Paritaria_39-1140x641.jpg 1140w, https:\/\/atecordoba.org\/wp-content\/uploads\/2021\/08\/19_08_Radio_Abierta_Min_Trabajo_Paritaria_39.jpg 1600w\" sizes=\"auto, (max-width: 1024px) 100vw, 1024px\" \/><\/a><\/figure><\/li><li class=\"blocks-gallery-item\"><figure><a href=\"https:\/\/atecordoba.org\/wp-content\/uploads\/2021\/08\/19_08_Radio_Abierta_Min_Trabajo_Paritaria_40.jpg\"><img loading=\"lazy\" decoding=\"async\" width=\"1024\" height=\"576\" src=\"https:\/\/atecordoba.org\/wp-content\/uploads\/2021\/08\/19_08_Radio_Abierta_Min_Trabajo_Paritaria_40-1024x576.jpg\" alt=\"\" data-id=\"27382\" data-full-url=\"https:\/\/atecordoba.org\/wp-content\/uploads\/2021\/08\/19_08_Radio_Abierta_Min_Trabajo_Paritaria_40.jpg\" data-link=\"https:\/\/atecordoba.org\/?attachment_id=27382\" class=\"wp-image-27382\" srcset=\"https:\/\/atecordoba.org\/wp-content\/uploads\/2021\/08\/19_08_Radio_Abierta_Min_Trabajo_Paritaria_40-1024x576.jpg 1024w, https:\/\/atecordoba.org\/wp-content\/uploads\/2021\/08\/19_08_Radio_Abierta_Min_Trabajo_Paritaria_40-300x169.jpg 300w, https:\/\/atecordoba.org\/wp-content\/uploads\/2021\/08\/19_08_Radio_Abierta_Min_Trabajo_Paritaria_40-768x432.jpg 768w, https:\/\/atecordoba.org\/wp-content\/uploads\/2021\/08\/19_08_Radio_Abierta_Min_Trabajo_Paritaria_40-1536x864.jpg 1536w, https:\/\/atecordoba.org\/wp-content\/uploads\/2021\/08\/19_08_Radio_Abierta_Min_Trabajo_Paritaria_40-750x422.jpg 750w, https:\/\/atecordoba.org\/wp-content\/uploads\/2021\/08\/19_08_Radio_Abierta_Min_Trabajo_Paritaria_40-1140x641.jpg 1140w, https:\/\/atecordoba.org\/wp-content\/uploads\/2021\/08\/19_08_Radio_Abierta_Min_Trabajo_Paritaria_40.jpg 1600w\" sizes=\"auto, (max-width: 1024px) 100vw, 1024px\" \/><\/a><\/figure><\/li><\/ul><\/figure>\n\n\n\n<p><\/p>\n\n\n\n<p>Hoy, <strong>desde las 9:00 y hasta pasadas las 12:30 horas, una nutrida representaci\u00f3n de los sectores nacionales de ATE C\u00f3rdoba se manifest\u00f3 frente al Ministerio de Trabajo de la Naci\u00f3n.<\/strong> Participaron representantes de Civiles de FFAA (IUA, \u00c1rea Material R\u00edo Cuarto, IOSFA, Escuela de Gendarmer\u00eda de Jes\u00fas Mar\u00eda, etc), ANAC, SENASA, SAF, ANSES, UNC, CONICET, CNEA, Fabricaciones Militares R\u00edo Tercero, Ministerio de Trabajo, Ministerio de Cultura, entre otros. la Jornada de Lucha tuvo como objetivo <strong>&#8220;sostener con el cuerpo el mandato de nuestro Plenario provincial:<\/strong> que la Mesa Paritaria con el Estado Nacional debe ratificar un aumento de, al menos, un 45% para este 2021; dando pautas claras de c\u00f3mo se realizar\u00e1n los pases a planta adeudados, con car\u00e1cter federal e inclusivo; suscribiendo un plan claro de c\u00f3mo se realizar\u00e1 la reincorporaci\u00f3n de las y los miles de despedidos durante el macrismo que siguen aguardando la convocatoria a cubrir ese lugar vacante&#8221;, <strong>expres\u00f3 el Secretario General de ATE C\u00f3rdoba, Federico Giuliani.<\/strong> &#8220;Esta reapertura de la paritaria no es una d\u00e1diva: se la arrancamos a la patronal fruto de la lucha, del posicionamiento claro de espacios consecuentes como el de ATE C\u00f3rdoba, que ya desde mayo y apenas suscripto el 35% en c\u00f3modas cuotas, venimos exigiendo que se reabra la discusi\u00f3n <strong>para llegar no solo a un porcentaje de recomposici\u00f3n adecuado, sino a un piso de dignidad m\u00ednimo para las y los trabajadores estatales.<\/strong> Ese piso nos lo proporcionan nuestras compa\u00f1eras y compa\u00f1eros de ATE INDEC que informaron que necesitamos $106 mil para cubrir la canasta de consumos m\u00ednimos a quienes trabajamos&#8221;, puntualiz\u00f3 el Secretario General de ATE C\u00f3rdoba.<\/p>\n\n\n\n<p>Al momento de culminar la acci\u00f3n en la calle, a\u00fan se aguardaban novedades respecto a lo peticionado por el CDP.<\/p>\n\n\n<p><iframe loading=\"lazy\" src=\"https:\/\/www.facebook.com\/plugins\/video.php?height=258&#038;href=https%3A%2F%2Fwww.facebook.com%2Fatecba%2Fvideos%2F593027705036557%2F&#038;show_text=false&#038;width=560&#038;t=0\" width=\"560\" height=\"258\" style=\"border:none;overflow:hidden\" scrolling=\"no\" frameborder=\"0\" allowfullscreen=\"true\" allow=\"autoplay; clipboard-write; encrypted-media; picture-in-picture; web-share\" allowFullScreen=\"true\"><\/iframe><\/p>\n","protected":false},"excerpt":{"rendered":"<p>Hoy, desde las 9:00 y hasta pasadas las 12:30 horas, una nutrida representaci\u00f3n de los sectores nacionales de ATE C\u00f3rdoba se manifest\u00f3 frente al Ministerio de Trabajo de la Naci\u00f3n. Participaron representantes de Civiles de FFAA (IUA, \u00c1rea Material R\u00edo Cuarto, IOSFA, Escuela de Gendarmer\u00eda de Jes\u00fas Mar\u00eda, etc), ANAC, SENASA, SAF, ANSES, UNC, CONICET, [&hellip;]<\/p>\n","protected":false},"author":6,"featured_media":27355,"comment_status":"open","ping_status":"open","sticky":false,"template":"","format":"standard","meta":{"_exactmetrics_skip_tracking":false,"_exactmetrics_sitenote_active":false,"_exactmetrics_sitenote_note":"","_exactmetrics_sitenote_category":0,"jnews-multi-image_gallery":[],"jnews_single_post":{"subtitle":"Fue para respaldar la posici\u00f3n del Plenario Provincial de Delegadas\/os de esta semana ante la Mesa Paritaria que mantiene hoy la representaci\u00f3n nacional de ATE junto al Estado. \"La calle es el lugar donde hacemos o\u00edr nuestra voz: este espacio democr\u00e1tico sirvi\u00f3 para que cada sector de trabajo manifieste su posici\u00f3n y problem\u00e1ticas. Ese es el camino de la construcci\u00f3n sindical que queremos\", expres\u00f3 Federico Giuliani, Secretario General de ATE C\u00f3rdoba.","format":"standard","video":"","gallery":"","source_name":"","source_url":"","via_name":"","via_url":"","override":[{"single_blog_custom":"","sidebar":"","second_sidebar":"","share_position":"","share_float_style":"","post_date_format":"","post_date_format_custom":"","post_reading_time_wpm":"","zoom_button_out_step":"1","zoom_button_in_step":"1","number_popup_post":"1"}],"image_override":[{"single_post_thumbnail_size":"","single_post_gallery_size":""}],"trending_post_position":"","trending_post_label":"","sponsored_post_label":"","sponsored_post_name":"","sponsored_post_url":"","sponsored_post_logo":"","sponsored_post_desc":""},"jnews_primary_category":{"id":""},"jnews_social_meta":{"fb_title":"","fb_description":"","fb_image":"","twitter_title":"","twitter_description":"","twitter_image":""},"jnews_review":[],"enable_review":"","type":"percentage","name":"","summary":"","brand":"","sku":"","good":[{"good_text":""}],"bad":[{"bad_text":""}],"score_override":"","override_value":"","rating":[{"rating_text":"","rating_number":"10"}],"price":[{"shop":"","price":"","link":"","icon":""}],"jnews_override_counter":{"view_counter_number":"0","share_counter_number":"0","like_counter_number":"0","dislike_counter_number":"0"},"jnews_post_split":{"post_split":[{"template":"1","tag":"h2","numbering":"asc","mode":"normal","toc_type":"normal"}]},"footnotes":""},"categories":[756,341,18],"tags":[],"class_list":["post-27353","post","type-post","status-publish","format-standard","has-post-thumbnail","hentry","category-consejo-directivo-nacional-cdn","category-cdp","category-nacionales"],"jetpack_featured_media_url":"https:\/\/atecordoba.org\/wp-content\/uploads\/2021\/08\/19_08_Radio_Abierta_Min_Trabajo_Paritaria_41.jpg","_links":{"self":[{"href":"https:\/\/atecordoba.org\/index.php?rest_route=\/wp\/v2\/posts\/27353","targetHints":{"allow":["GET"]}}],"collection":[{"href":"https:\/\/atecordoba.org\/index.php?rest_route=\/wp\/v2\/posts"}],"about":[{"href":"https:\/\/atecordoba.org\/index.php?rest_route=\/wp\/v2\/types\/post"}],"author":[{"embeddable":true,"href":"https:\/\/atecordoba.org\/index.php?rest_route=\/wp\/v2\/users\/6"}],"replies":[{"embeddable":true,"href":"https:\/\/atecordoba.org\/index.php?rest_route=%2Fwp%2Fv2%2Fcomments&post=27353"}],"version-history":[{"count":2,"href":"https:\/\/atecordoba.org\/index.php?rest_route=\/wp\/v2\/posts\/27353\/revisions"}],"predecessor-version":[{"id":27384,"href":"https:\/\/atecordoba.org\/index.php?rest_route=\/wp\/v2\/posts\/27353\/revisions\/27384"}],"wp:featuredmedia":[{"embeddable":true,"href":"https:\/\/atecordoba.org\/index.php?rest_route=\/wp\/v2\/media\/27355"}],"wp:attachment":[{"href":"https:\/\/atecordoba.org\/index.php?rest_route=%2Fwp%2Fv2%2Fmedia&parent=27353"}],"wp:term":[{"taxonomy":"category","embeddable":true,"href":"https:\/\/atecordoba.org\/index.php?rest_route=%2Fwp%2Fv2%2Fcategories&post=27353"},{"taxonomy":"post_tag","embeddable":true,"href":"https:\/\/atecordoba.org\/index.php?rest_route=%2Fwp%2Fv2%2Ftags&post=27353"}],"curies":[{"name":"wp","href":"https:\/\/api.w.org\/{rel}","templated":true}]}}