{"id":2735,"date":"2013-05-20T18:23:14","date_gmt":"2013-05-20T21:23:14","guid":{"rendered":"http:\/\/www.atecordoba.org\/?p=2735"},"modified":"2013-05-20T18:23:14","modified_gmt":"2013-05-20T21:23:14","slug":"presentacion-del-departamento-de-salud-laboral","status":"publish","type":"post","link":"https:\/\/atecordoba.org\/?p=2735","title":{"rendered":"Presentaci\u00f3n del Departamento de Salud Laboral"},"content":{"rendered":"<p style=\"text-align: left;\" align=\"center\"><em>La Asociaci\u00f3n de Trabajadores del Estado, en el marco de la defensa \u00a0de los derechos\u00a0 de los trabajadores, hace extensiva la invitaci\u00f3n a la presentaci\u00f3n institucional del Departamento de Salud Laboral y Medio Ambiente de Trabajo que se realizar\u00e1 el d\u00eda Jueves 23 de Mayo \u00a0\u00a0\u00a0\u00a0\u00a0\u00a0a las 15:00 hs en el sal\u00f3n de nuestra sede gremial, ubicada en Entre R\u00edos 450.<\/em><\/p>\n<p style=\"text-align: left;\" align=\"center\"><a href=\"http:\/\/www.atecordoba.org\/wp-content\/uploads\/2013\/05\/invitaci\u00f3n-corregida.jpg\"><img loading=\"lazy\" decoding=\"async\" class=\"aligncenter size-full wp-image-2736\" title=\"invitaci\u00f3n corregida\" src=\"http:\/\/www.atecordoba.org\/wp-content\/uploads\/2013\/05\/invitaci\u00f3n-corregida.jpg\" alt=\"\" width=\"820\" height=\"618\" \/><\/a><\/p>\n","protected":false},"excerpt":{"rendered":"<p>La Asociaci\u00f3n de Trabajadores del Estado, en el marco de la defensa \u00a0de los derechos\u00a0 de los trabajadores, hace extensiva la invitaci\u00f3n a la presentaci\u00f3n institucional del Departamento de Salud Laboral y Medio Ambiente de Trabajo que se realizar\u00e1 el d\u00eda Jueves 23 de Mayo \u00a0\u00a0\u00a0\u00a0\u00a0\u00a0a las 15:00 hs en el sal\u00f3n de nuestra sede [&hellip;]<\/p>\n","protected":false},"author":1,"featured_media":19220,"comment_status":"open","ping_status":"open","sticky":false,"template":"","format":"standard","meta":{"_exactmetrics_skip_tracking":false,"_exactmetrics_sitenote_active":false,"_exactmetrics_sitenote_note":"","_exactmetrics_sitenote_category":0,"jnews-multi-image_gallery":[],"jnews_single_post":[],"jnews_primary_category":[],"jnews_social_meta":[],"jnews_review":[],"enable_review":"","type":"","name":"","summary":"","brand":"","sku":"","good":[],"bad":[],"score_override":"","override_value":"","rating":[],"price":[],"jnews_override_counter":[],"jnews_post_split":[],"footnotes":""},"categories":[18],"tags":[],"class_list":["post-2735","post","type-post","status-publish","format-standard","has-post-thumbnail","hentry","category-nacionales"],"jetpack_featured_media_url":"https:\/\/atecordoba.org\/wp-content\/uploads\/2020\/05\/logo-nuevochico-e1561581322808.png","_links":{"self":[{"href":"https:\/\/atecordoba.org\/index.php?rest_route=\/wp\/v2\/posts\/2735","targetHints":{"allow":["GET"]}}],"collection":[{"href":"https:\/\/atecordoba.org\/index.php?rest_route=\/wp\/v2\/posts"}],"about":[{"href":"https:\/\/atecordoba.org\/index.php?rest_route=\/wp\/v2\/types\/post"}],"author":[{"embeddable":true,"href":"https:\/\/atecordoba.org\/index.php?rest_route=\/wp\/v2\/users\/1"}],"replies":[{"embeddable":true,"href":"https:\/\/atecordoba.org\/index.php?rest_route=%2Fwp%2Fv2%2Fcomments&post=2735"}],"version-history":[{"count":0,"href":"https:\/\/atecordoba.org\/index.php?rest_route=\/wp\/v2\/posts\/2735\/revisions"}],"wp:featuredmedia":[{"embeddable":true,"href":"https:\/\/atecordoba.org\/index.php?rest_route=\/wp\/v2\/media\/19220"}],"wp:attachment":[{"href":"https:\/\/atecordoba.org\/index.php?rest_route=%2Fwp%2Fv2%2Fmedia&parent=2735"}],"wp:term":[{"taxonomy":"category","embeddable":true,"href":"https:\/\/atecordoba.org\/index.php?rest_route=%2Fwp%2Fv2%2Fcategories&post=2735"},{"taxonomy":"post_tag","embeddable":true,"href":"https:\/\/atecordoba.org\/index.php?rest_route=%2Fwp%2Fv2%2Ftags&post=2735"}],"curies":[{"name":"wp","href":"https:\/\/api.w.org\/{rel}","templated":true}]}}