{"id":27310,"date":"2021-08-13T11:07:44","date_gmt":"2021-08-13T14:07:44","guid":{"rendered":"https:\/\/atecordoba.org\/?p=27310"},"modified":"2021-08-13T11:07:45","modified_gmt":"2021-08-13T14:07:45","slug":"rio-cuarto-ate-reclama-paritarias-abiertas-plurales-y-democraticas","status":"publish","type":"post","link":"https:\/\/atecordoba.org\/?p=27310","title":{"rendered":"R\u00edo Cuarto: ATE reclama paritarias abiertas, plurales y democr\u00e1ticas"},"content":{"rendered":"\n<div class=\"wp-block-image\"><figure class=\"aligncenter size-large is-resized\"><img loading=\"lazy\" decoding=\"async\" src=\"https:\/\/atecordoba.org\/wp-content\/uploads\/2021\/08\/flyer_paritarias_riocuarto-1024x724.png\" alt=\"\" class=\"wp-image-27311\" width=\"583\" height=\"412\" \/><\/figure><\/div>\n\n\n\n<p>La seccional ATE R\u00edo Cuarto solicit\u00f3 al Ejecutivo municipal de la ciudad que se lleve a cabo una reapertura de paritarias de forma abierta, representativa, plurales y democr\u00e1tica.<\/p>\n\n\n\n<p>\u201cQueremos que la pauta salarial sea en funci\u00f3n de salarios dignos porque las y los trabajadores municipales de la ciudad de R\u00edo Cuarto no llegamos a cubrir la canasta b\u00e1sica\u201d, se\u00f1al\u00f3 una comunicaci\u00f3n de la seccional que encabeza Rafaela Alcoba.<\/p>\n\n\n\n<p>ATE R\u00edo Cuarto se propone discutir salarios, recategorizaciones y pases a planta permanente, carrera administrativa y el pago de \u00edtems que est\u00e1n congelados.<\/p>\n\n\n\n<p>\u201c\u00a1Basta de paritarias cerradas y a la baja!\u201d, cierra el comunicado.<\/p>\n","protected":false},"excerpt":{"rendered":"<p>La seccional ATE R\u00edo Cuarto solicit\u00f3 al Ejecutivo municipal de la ciudad que se lleve a cabo una reapertura de paritarias de forma abierta, representativa, plurales y democr\u00e1tica. \u201cQueremos que la pauta salarial sea en funci\u00f3n de salarios dignos porque las y los trabajadores municipales de la ciudad de R\u00edo Cuarto no llegamos a cubrir [&hellip;]<\/p>\n","protected":false},"author":7,"featured_media":27311,"comment_status":"open","ping_status":"open","sticky":false,"template":"","format":"standard","meta":{"_exactmetrics_skip_tracking":false,"_exactmetrics_sitenote_active":false,"_exactmetrics_sitenote_note":"","_exactmetrics_sitenote_category":0,"jnews-multi-image_gallery":[],"jnews_single_post":{"subtitle":"La seccional exige el fin de las paritarias cerradas y a la baja que viene suscribiendo el municipio. ","format":"standard","video":"","gallery":"","source_name":"","source_url":"","via_name":"","via_url":"","override":[{"single_blog_custom":"","sidebar":"","second_sidebar":"","share_position":"","share_float_style":"","post_date_format":"","post_date_format_custom":"","post_reading_time_wpm":"","zoom_button_out_step":"1","zoom_button_in_step":"1","number_popup_post":"1"}],"image_override":[{"single_post_thumbnail_size":"","single_post_gallery_size":""}],"trending_post_position":"","trending_post_label":"","sponsored_post_label":"","sponsored_post_name":"","sponsored_post_url":"","sponsored_post_logo":"","sponsored_post_desc":""},"jnews_primary_category":{"id":""},"jnews_social_meta":{"fb_title":"","fb_description":"","fb_image":"","twitter_title":"","twitter_description":"","twitter_image":""},"jnews_review":[],"enable_review":"","type":"percentage","name":"","summary":"","brand":"","sku":"","good":[{"good_text":""}],"bad":[{"bad_text":""}],"score_override":"","override_value":"","rating":[{"rating_text":"","rating_number":"10"}],"price":[{"shop":"","price":"","link":"","icon":""}],"jnews_override_counter":{"view_counter_number":"0","share_counter_number":"0","like_counter_number":"0","dislike_counter_number":"0"},"jnews_post_split":{"post_split":[{"template":"1","tag":"h2","numbering":"asc","mode":"normal","toc_type":"normal"}]},"footnotes":""},"categories":[20,12],"tags":[882],"class_list":["post-27310","post","type-post","status-publish","format-standard","has-post-thumbnail","hentry","category-municipales","category-rio-cuarto","tag-municipalidad-de-rio-cuarto"],"jetpack_featured_media_url":"https:\/\/atecordoba.org\/wp-content\/uploads\/2021\/08\/flyer_paritarias_riocuarto-e1628863623730.png","_links":{"self":[{"href":"https:\/\/atecordoba.org\/index.php?rest_route=\/wp\/v2\/posts\/27310","targetHints":{"allow":["GET"]}}],"collection":[{"href":"https:\/\/atecordoba.org\/index.php?rest_route=\/wp\/v2\/posts"}],"about":[{"href":"https:\/\/atecordoba.org\/index.php?rest_route=\/wp\/v2\/types\/post"}],"author":[{"embeddable":true,"href":"https:\/\/atecordoba.org\/index.php?rest_route=\/wp\/v2\/users\/7"}],"replies":[{"embeddable":true,"href":"https:\/\/atecordoba.org\/index.php?rest_route=%2Fwp%2Fv2%2Fcomments&post=27310"}],"version-history":[{"count":1,"href":"https:\/\/atecordoba.org\/index.php?rest_route=\/wp\/v2\/posts\/27310\/revisions"}],"predecessor-version":[{"id":27312,"href":"https:\/\/atecordoba.org\/index.php?rest_route=\/wp\/v2\/posts\/27310\/revisions\/27312"}],"wp:featuredmedia":[{"embeddable":true,"href":"https:\/\/atecordoba.org\/index.php?rest_route=\/wp\/v2\/media\/27311"}],"wp:attachment":[{"href":"https:\/\/atecordoba.org\/index.php?rest_route=%2Fwp%2Fv2%2Fmedia&parent=27310"}],"wp:term":[{"taxonomy":"category","embeddable":true,"href":"https:\/\/atecordoba.org\/index.php?rest_route=%2Fwp%2Fv2%2Fcategories&post=27310"},{"taxonomy":"post_tag","embeddable":true,"href":"https:\/\/atecordoba.org\/index.php?rest_route=%2Fwp%2Fv2%2Ftags&post=27310"}],"curies":[{"name":"wp","href":"https:\/\/api.w.org\/{rel}","templated":true}]}}