{"id":2731,"date":"2013-05-20T17:45:52","date_gmt":"2013-05-20T20:45:52","guid":{"rendered":"http:\/\/www.atecordoba.org\/?p=2731"},"modified":"2013-05-20T17:45:52","modified_gmt":"2013-05-20T20:45:52","slug":"charla-el-cordobazo-como-proceso-historico","status":"publish","type":"post","link":"https:\/\/atecordoba.org\/?p=2731","title":{"rendered":"Charla: el Cordobazo como proceso hist\u00f3rico"},"content":{"rendered":"<p>C0n \u00a0motivo de cumplirse un nuevo aniversario del Cordobazo la Secretaria de Formaci\u00f3n del Concejo Directivo Provincial invita a una charla a realizarse el viernes 31 de mayo, a las 18.30 horas, en el sal\u00f3n de ATE, Entre R\u00edos 450. La convocatoria contar\u00e1 con la presencia del compa\u00f1ero Taurino Atencio.<\/p>\n<p><a href=\"http:\/\/www.atecordoba.org\/wp-content\/uploads\/2013\/05\/Afiche-Cordobazo.jpg\"><img loading=\"lazy\" decoding=\"async\" class=\"aligncenter size-large wp-image-2732\" title=\"Afiche Cordobazo\" src=\"http:\/\/www.atecordoba.org\/wp-content\/uploads\/2013\/05\/Afiche-Cordobazo-724x1024.jpg\" alt=\"\" width=\"724\" height=\"1024\" \/><\/a><\/p>\n","protected":false},"excerpt":{"rendered":"<p>C0n \u00a0motivo de cumplirse un nuevo aniversario del Cordobazo la Secretaria de Formaci\u00f3n del Concejo Directivo Provincial invita a una charla a realizarse el viernes 31 de mayo, a las 18.30 horas, en el sal\u00f3n de ATE, Entre R\u00edos 450. La convocatoria contar\u00e1 con la presencia del compa\u00f1ero Taurino Atencio.<\/p>\n","protected":false},"author":1,"featured_media":19220,"comment_status":"open","ping_status":"open","sticky":false,"template":"","format":"standard","meta":{"_exactmetrics_skip_tracking":false,"_exactmetrics_sitenote_active":false,"_exactmetrics_sitenote_note":"","_exactmetrics_sitenote_category":0,"jnews-multi-image_gallery":[],"jnews_single_post":[],"jnews_primary_category":[],"jnews_social_meta":[],"jnews_review":[],"enable_review":"","type":"","name":"","summary":"","brand":"","sku":"","good":[],"bad":[],"score_override":"","override_value":"","rating":[],"price":[],"jnews_override_counter":[],"jnews_post_split":[],"footnotes":""},"categories":[1],"tags":[],"class_list":["post-2731","post","type-post","status-publish","format-standard","has-post-thumbnail","hentry","category-sin-categoria"],"jetpack_featured_media_url":"https:\/\/atecordoba.org\/wp-content\/uploads\/2020\/05\/logo-nuevochico-e1561581322808.png","_links":{"self":[{"href":"https:\/\/atecordoba.org\/index.php?rest_route=\/wp\/v2\/posts\/2731","targetHints":{"allow":["GET"]}}],"collection":[{"href":"https:\/\/atecordoba.org\/index.php?rest_route=\/wp\/v2\/posts"}],"about":[{"href":"https:\/\/atecordoba.org\/index.php?rest_route=\/wp\/v2\/types\/post"}],"author":[{"embeddable":true,"href":"https:\/\/atecordoba.org\/index.php?rest_route=\/wp\/v2\/users\/1"}],"replies":[{"embeddable":true,"href":"https:\/\/atecordoba.org\/index.php?rest_route=%2Fwp%2Fv2%2Fcomments&post=2731"}],"version-history":[{"count":0,"href":"https:\/\/atecordoba.org\/index.php?rest_route=\/wp\/v2\/posts\/2731\/revisions"}],"wp:featuredmedia":[{"embeddable":true,"href":"https:\/\/atecordoba.org\/index.php?rest_route=\/wp\/v2\/media\/19220"}],"wp:attachment":[{"href":"https:\/\/atecordoba.org\/index.php?rest_route=%2Fwp%2Fv2%2Fmedia&parent=2731"}],"wp:term":[{"taxonomy":"category","embeddable":true,"href":"https:\/\/atecordoba.org\/index.php?rest_route=%2Fwp%2Fv2%2Fcategories&post=2731"},{"taxonomy":"post_tag","embeddable":true,"href":"https:\/\/atecordoba.org\/index.php?rest_route=%2Fwp%2Fv2%2Ftags&post=2731"}],"curies":[{"name":"wp","href":"https:\/\/api.w.org\/{rel}","templated":true}]}}