{"id":27307,"date":"2021-08-13T10:59:58","date_gmt":"2021-08-13T13:59:58","guid":{"rendered":"https:\/\/atecordoba.org\/?p=27307"},"modified":"2021-08-13T10:59:58","modified_gmt":"2021-08-13T13:59:58","slug":"san-agustin-ate-rompe-el-techo-paritaria-y-logra-un-47-para-2021","status":"publish","type":"post","link":"https:\/\/atecordoba.org\/?p=27307","title":{"rendered":"San Agust\u00edn: ATE rompe el techo paritaria y logra un 47% para 2021"},"content":{"rendered":"\n<div class=\"wp-block-image\"><figure class=\"aligncenter size-large is-resized\"><img loading=\"lazy\" decoding=\"async\" src=\"https:\/\/atecordoba.org\/wp-content\/uploads\/2021\/08\/riotercero_sanagustin-1024x704.jpg\" alt=\"\" class=\"wp-image-27308\" width=\"841\" height=\"578\" \/><\/figure><\/div>\n\n\n\n<p>El martes pasado ATE alcanz\u00f3 un acuerdo paritario con la Municipalidad de San Agust\u00edn, tras una reuni\u00f3n entre la conducci\u00f3n de la seccional ATE R\u00edo Tercero y el intendente Iv\u00e1n Ortega.<\/p>\n\n\n\n<p>Seg\u00fan lo pautado, la comuna otorgar\u00e1 una recomposici\u00f3n del 21% para el segundo semestre del corriente a\u00f1o, que se suma al 26% brindado, conformando un total del 47% para el conjunto del 2021<\/p>\n\n\n\n<p>El pago se realizar\u00e1 de la siguiente forma: 3% agosto, 5% septiembre, 3% en octubre, 5% en noviembre y 5% en diciembre.<\/p>\n\n\n\n<p>Adem\u00e1s, se logr\u00f3 la recategorizaci\u00f3n de 20 trabajadores, proceso que aun seguir\u00e1 vigente con otros compa\u00f1eros y compa\u00f1eras del sector.<\/p>\n\n\n\n<p>Participaron en representaci\u00f3n de ATE en la paritaria el secretario General de ATE R\u00edo Tercero, Dami\u00e1n Albornoz, el secretario Gremial, David Salto, su par de Organizaci\u00f3n, Juan Bazan, y los delegados municipales Roberto Sosa y Victor Tisera.<\/p>\n\n\n\n<p><strong>Contratos para jornaleros<\/strong><\/p>\n\n\n\n<p>Asimismo, en el marco del proceso de regularizaci\u00f3n de empleo p\u00fablico en el municipio, se avanz\u00f3 en la incorporaci\u00f3n a contrato de 10 trabajadores que luego de 6 meses ser\u00e1n incorporados a la planta permanente. Este proceso continuar\u00e1 mensualmente con el objetivo de cumplimentar a fin de a\u00f1o la contrataci\u00f3n del 100% de los trabajadores que prestan servicio a la comuna como jornaleros.<\/p>\n","protected":false},"excerpt":{"rendered":"<p>El martes pasado ATE alcanz\u00f3 un acuerdo paritario con la Municipalidad de San Agust\u00edn, tras una reuni\u00f3n entre la conducci\u00f3n de la seccional ATE R\u00edo Tercero y el intendente Iv\u00e1n Ortega. Seg\u00fan lo pautado, la comuna otorgar\u00e1 una recomposici\u00f3n del 21% para el segundo semestre del corriente a\u00f1o, que se suma al 26% brindado, conformando [&hellip;]<\/p>\n","protected":false},"author":7,"featured_media":27308,"comment_status":"open","ping_status":"open","sticky":false,"template":"","format":"standard","meta":{"_exactmetrics_skip_tracking":false,"_exactmetrics_sitenote_active":false,"_exactmetrics_sitenote_note":"","_exactmetrics_sitenote_category":0,"jnews-multi-image_gallery":[],"jnews_single_post":{"subtitle":"La seccional ATE R\u00edo Tercero llev\u00f3 adelante la negociaci\u00f3n con el intendente Ortega y sum\u00f3 tambi\u00e9n la recategorizaci\u00f3n de 20 trabajadores y contratos para otros 10 que cumpl\u00edan funciones como jornaleros. ","format":"standard","video":"","gallery":"","source_name":"","source_url":"","via_name":"","via_url":"","override":[{"single_blog_custom":"","sidebar":"","second_sidebar":"","share_position":"","share_float_style":"","post_date_format":"","post_date_format_custom":"","post_reading_time_wpm":"","zoom_button_out_step":"1","zoom_button_in_step":"1","number_popup_post":"1"}],"image_override":[{"single_post_thumbnail_size":"","single_post_gallery_size":""}],"trending_post_position":"","trending_post_label":"","sponsored_post_label":"","sponsored_post_name":"","sponsored_post_url":"","sponsored_post_logo":"","sponsored_post_desc":""},"jnews_primary_category":{"id":""},"jnews_social_meta":{"fb_title":"","fb_description":"","fb_image":"","twitter_title":"","twitter_description":"","twitter_image":""},"jnews_review":[],"enable_review":"","type":"percentage","name":"","summary":"","brand":"","sku":"","good":[{"good_text":""}],"bad":[{"bad_text":""}],"score_override":"","override_value":"","rating":[{"rating_text":"","rating_number":"10"}],"price":[{"shop":"","price":"","link":"","icon":""}],"jnews_override_counter":{"view_counter_number":"0","share_counter_number":"0","like_counter_number":"0","dislike_counter_number":"0"},"jnews_post_split":{"post_split":[{"template":"1","tag":"h2","numbering":"asc","mode":"normal","toc_type":"normal"}]},"footnotes":""},"categories":[20],"tags":[445],"class_list":["post-27307","post","type-post","status-publish","format-standard","has-post-thumbnail","hentry","category-municipales","tag-san-agustin"],"jetpack_featured_media_url":"https:\/\/atecordoba.org\/wp-content\/uploads\/2021\/08\/riotercero_sanagustin-e1628863180394.jpg","_links":{"self":[{"href":"https:\/\/atecordoba.org\/index.php?rest_route=\/wp\/v2\/posts\/27307","targetHints":{"allow":["GET"]}}],"collection":[{"href":"https:\/\/atecordoba.org\/index.php?rest_route=\/wp\/v2\/posts"}],"about":[{"href":"https:\/\/atecordoba.org\/index.php?rest_route=\/wp\/v2\/types\/post"}],"author":[{"embeddable":true,"href":"https:\/\/atecordoba.org\/index.php?rest_route=\/wp\/v2\/users\/7"}],"replies":[{"embeddable":true,"href":"https:\/\/atecordoba.org\/index.php?rest_route=%2Fwp%2Fv2%2Fcomments&post=27307"}],"version-history":[{"count":1,"href":"https:\/\/atecordoba.org\/index.php?rest_route=\/wp\/v2\/posts\/27307\/revisions"}],"predecessor-version":[{"id":27309,"href":"https:\/\/atecordoba.org\/index.php?rest_route=\/wp\/v2\/posts\/27307\/revisions\/27309"}],"wp:featuredmedia":[{"embeddable":true,"href":"https:\/\/atecordoba.org\/index.php?rest_route=\/wp\/v2\/media\/27308"}],"wp:attachment":[{"href":"https:\/\/atecordoba.org\/index.php?rest_route=%2Fwp%2Fv2%2Fmedia&parent=27307"}],"wp:term":[{"taxonomy":"category","embeddable":true,"href":"https:\/\/atecordoba.org\/index.php?rest_route=%2Fwp%2Fv2%2Fcategories&post=27307"},{"taxonomy":"post_tag","embeddable":true,"href":"https:\/\/atecordoba.org\/index.php?rest_route=%2Fwp%2Fv2%2Ftags&post=27307"}],"curies":[{"name":"wp","href":"https:\/\/api.w.org\/{rel}","templated":true}]}}