{"id":27304,"date":"2021-08-12T19:38:07","date_gmt":"2021-08-12T22:38:07","guid":{"rendered":"https:\/\/atecordoba.org\/?p=27304"},"modified":"2021-08-12T19:38:09","modified_gmt":"2021-08-12T22:38:09","slug":"les-trabajadores-afiliades-en-ate-del-ministerio-de-cultura-de-la-nacion-avanzan-en-organizacion","status":"publish","type":"post","link":"https:\/\/atecordoba.org\/?p=27304","title":{"rendered":"Les trabajadores afiliades en ATE del Ministerio de Cultura de la Naci\u00f3n avanzan en organizaci\u00f3n"},"content":{"rendered":"\n<figure class=\"wp-block-image size-full\"><img loading=\"lazy\" decoding=\"async\" width=\"594\" height=\"280\" src=\"https:\/\/atecordoba.org\/wp-content\/uploads\/2021\/08\/image-3.png\" alt=\"\" class=\"wp-image-27305\" srcset=\"https:\/\/atecordoba.org\/wp-content\/uploads\/2021\/08\/image-3.png 594w, https:\/\/atecordoba.org\/wp-content\/uploads\/2021\/08\/image-3-300x141.png 300w\" sizes=\"auto, (max-width: 594px) 100vw, 594px\" \/><\/figure>\n\n\n\n<p>Hoy 12 de Agosto les trabajadores del Ministerio de Cultura de la Naci\u00f3n afiliades en ATE se reunieron de manera virtual con la conducci\u00f3n del CDP de ATE C\u00f3rdoba para expresar las principales problem\u00e1ticas del sector y avanzar en mayor organizaci\u00f3n del sector.<\/p>\n\n\n\n<p>Participaron afiliades en ATE de la Estancia de Jes\u00fas Mar\u00eda (Museo Jesu\u00edtico Nacional), del Museo de la Estancia Jesu\u00edtica de Alta Gracia y Casa del Virrey Liniers y de Programas Espec\u00edficos en la provincia de C\u00f3rdoba.<\/p>\n\n\n\n<p>La apertura estuvo a cargo de Federico Giuliani, Secretario General del CDP ATE C\u00f3rdoba y Mar\u00eda Sotti, Secretaria de Actas y Directora del Departamento de G\u00e9neros y Diversidades quienes expresaron la necesidad que les afiliades del Ministerio de Cultura de la Naci\u00f3n que trabajan en distintos puntos de la provincia se conozcan y puedan organizarse con representaci\u00f3n sindical, y as\u00ed articular las principales problem\u00e1ticas de les trabajadores del sector. Asimismo ambos dirigentes marcaron la integralidad con la que se est\u00e1 interviniendo en ATE y puedan conocer las herramientas que se ofrecen desde el CDP de ATE C\u00f3rdoba.<\/p>\n\n\n\n<p>Adem\u00e1s, les trabajadores presentes expresaron la realidad que viven en pandemia, la combinaci\u00f3n de trabajo presencial con el trabajo remoto en formato burbujas, y la desarticulaci\u00f3n que eso genera entre les compa\u00f1eres. Tambi\u00e9n expresaron que es necesario avanzar en mayor estabilidad laboral, dado que casi la totalidad de les trabajadores del sector tienen contratos de renovaci\u00f3n anual (Art.9) y se encuentran en las categor\u00edas m\u00e1s bajas del SINEP, cobrando salarios que est\u00e1n por debajo de la l\u00ednea de indigencia. Finalmente, les compa\u00f1eres presentes decidieron avanzar en llamar a elecciones en el mes de septiembre para elegir delegade sectorial.<\/p>\n","protected":false},"excerpt":{"rendered":"<p>Hoy 12 de Agosto les trabajadores del Ministerio de Cultura de la Naci\u00f3n afiliades en ATE se reunieron de manera virtual con la conducci\u00f3n del CDP de ATE C\u00f3rdoba para expresar las principales problem\u00e1ticas del sector y avanzar en mayor organizaci\u00f3n del sector. Participaron afiliades en ATE de la Estancia de Jes\u00fas Mar\u00eda (Museo Jesu\u00edtico [&hellip;]<\/p>\n","protected":false},"author":3,"featured_media":27305,"comment_status":"open","ping_status":"open","sticky":false,"template":"","format":"standard","meta":{"_exactmetrics_skip_tracking":false,"_exactmetrics_sitenote_active":false,"_exactmetrics_sitenote_note":"","_exactmetrics_sitenote_category":0,"jnews-multi-image_gallery":[],"jnews_single_post":{"subtitle":"","format":"standard","video":"","gallery":"","source_name":"","source_url":"","via_name":"","via_url":"","override":[{"single_blog_custom":"","sidebar":"","second_sidebar":"","share_position":"","share_float_style":"","post_date_format":"","post_date_format_custom":"","post_reading_time_wpm":"","zoom_button_out_step":"1","zoom_button_in_step":"1","number_popup_post":"1"}],"image_override":[{"single_post_thumbnail_size":"","single_post_gallery_size":""}],"trending_post_position":"","trending_post_label":"","sponsored_post_label":"","sponsored_post_name":"","sponsored_post_url":"","sponsored_post_logo":"","sponsored_post_desc":""},"jnews_primary_category":{"id":""},"jnews_social_meta":{"fb_title":"","fb_description":"","fb_image":"","twitter_title":"","twitter_description":"","twitter_image":""},"jnews_review":[],"enable_review":"","type":"percentage","name":"","summary":"","brand":"","sku":"","good":[{"good_text":""}],"bad":[{"bad_text":""}],"score_override":"","override_value":"","rating":[{"rating_text":"","rating_number":"10"}],"price":[{"shop":"","price":"","link":"","icon":""}],"jnews_override_counter":{"view_counter_number":"0","share_counter_number":"0","like_counter_number":"0","dislike_counter_number":"0"},"jnews_post_split":{"post_split":[{"template":"1","tag":"h2","numbering":"asc","mode":"normal","toc_type":"normal"}]},"footnotes":""},"categories":[10,880,18],"tags":[],"class_list":["post-27304","post","type-post","status-publish","format-standard","has-post-thumbnail","hentry","category-accion-politica","category-ministerio-de-cultura","category-nacionales"],"jetpack_featured_media_url":"https:\/\/atecordoba.org\/wp-content\/uploads\/2021\/08\/image-3.png","_links":{"self":[{"href":"https:\/\/atecordoba.org\/index.php?rest_route=\/wp\/v2\/posts\/27304","targetHints":{"allow":["GET"]}}],"collection":[{"href":"https:\/\/atecordoba.org\/index.php?rest_route=\/wp\/v2\/posts"}],"about":[{"href":"https:\/\/atecordoba.org\/index.php?rest_route=\/wp\/v2\/types\/post"}],"author":[{"embeddable":true,"href":"https:\/\/atecordoba.org\/index.php?rest_route=\/wp\/v2\/users\/3"}],"replies":[{"embeddable":true,"href":"https:\/\/atecordoba.org\/index.php?rest_route=%2Fwp%2Fv2%2Fcomments&post=27304"}],"version-history":[{"count":1,"href":"https:\/\/atecordoba.org\/index.php?rest_route=\/wp\/v2\/posts\/27304\/revisions"}],"predecessor-version":[{"id":27306,"href":"https:\/\/atecordoba.org\/index.php?rest_route=\/wp\/v2\/posts\/27304\/revisions\/27306"}],"wp:featuredmedia":[{"embeddable":true,"href":"https:\/\/atecordoba.org\/index.php?rest_route=\/wp\/v2\/media\/27305"}],"wp:attachment":[{"href":"https:\/\/atecordoba.org\/index.php?rest_route=%2Fwp%2Fv2%2Fmedia&parent=27304"}],"wp:term":[{"taxonomy":"category","embeddable":true,"href":"https:\/\/atecordoba.org\/index.php?rest_route=%2Fwp%2Fv2%2Fcategories&post=27304"},{"taxonomy":"post_tag","embeddable":true,"href":"https:\/\/atecordoba.org\/index.php?rest_route=%2Fwp%2Fv2%2Ftags&post=27304"}],"curies":[{"name":"wp","href":"https:\/\/api.w.org\/{rel}","templated":true}]}}