{"id":27280,"date":"2021-08-12T15:11:44","date_gmt":"2021-08-12T18:11:44","guid":{"rendered":"https:\/\/atecordoba.org\/?p=27280"},"modified":"2021-08-12T15:11:45","modified_gmt":"2021-08-12T18:11:45","slug":"el-cdp-participo-de-la-primer-reunion-de-delegados-de-ffmm-para-armar-el-convenio-colectivo-de-trabajo-sectorial","status":"publish","type":"post","link":"https:\/\/atecordoba.org\/?p=27280","title":{"rendered":"El CDP particip\u00f3 de la primer reuni\u00f3n de delegados de FFMM para armar el convenio colectivo de trabajo sectorial"},"content":{"rendered":"\n<div class=\"wp-block-image\"><figure class=\"aligncenter size-large is-resized\"><img loading=\"lazy\" decoding=\"async\" src=\"https:\/\/atecordoba.org\/wp-content\/uploads\/2021\/08\/theaux_VM-1024x576.jpeg\" alt=\"\" class=\"wp-image-27285\" width=\"711\" height=\"400\" \/><\/figure><\/div>\n\n\n\n<p>En una reuni\u00f3n convocada en la seccional ATE Villa Mar\u00eda, el secretario de Formaci\u00f3n y director de DDHH del Consejo Directivo Provincial (CDP), C\u00e9sar Theaux, particip\u00f3 junto a dirigentes de ATE de Fabricaciones Militares del encuentro para comenzar a dise\u00f1ar la propuesta de Convenio Colectivo de Trabajo (CCT) del organismo.<\/p>\n\n\n\n<p>Se trata de la primera vez que los compa\u00f1eros de FFMM integran al CDP en una instancia de esta caracter\u00edstica, que apunta a concretar el convenio colectivo, esperado durante d\u00e9cadas. <\/p>\n\n\n\n<p>Vale se\u00f1alar que C\u00f3rdoba cuenta con dos de las cuatro plantas productivas actualmente en funcionamiento, mientras se aguarda que el gobierno nacional  ponga el marcha la f\u00e1brica de la localidad de Azul, provincia de Buenos Aires, que fue cerrada por el macrismo, en uno de sus m\u00e1s fuertes intentos por destruir el organismo, junto a los cientos de despidos que protagoniz\u00f3 el ex ministro de Defensa Oscar Aguad. <\/p>\n\n\n\n<p>De esta forma, se pone en marcha del mecanismo interno de ATE para llevar una propuesta de CCT al Ministerio de Defensa. Theaux es abogado y trabajador del Ministerio de Trabajo de la Naci\u00f3n.<\/p>\n","protected":false},"excerpt":{"rendered":"<p>En una reuni\u00f3n convocada en la seccional ATE Villa Mar\u00eda, el secretario de Formaci\u00f3n y director de DDHH del Consejo Directivo Provincial (CDP), C\u00e9sar Theaux, particip\u00f3 junto a dirigentes de ATE de Fabricaciones Militares del encuentro para comenzar a dise\u00f1ar la propuesta de Convenio Colectivo de Trabajo (CCT) del organismo. Se trata de la primera [&hellip;]<\/p>\n","protected":false},"author":7,"featured_media":27285,"comment_status":"open","ping_status":"open","sticky":false,"template":"","format":"standard","meta":{"_exactmetrics_skip_tracking":false,"_exactmetrics_sitenote_active":false,"_exactmetrics_sitenote_note":"","_exactmetrics_sitenote_category":0,"jnews-multi-image_gallery":[],"jnews_single_post":{"subtitle":"El secretario de Formaci\u00f3n y Director de DDHH del Consejo Directivo Provincial, C\u00e9sar Theaux, estuvo presente en esta primera instancia de trabajo en Villa Mar\u00eda","format":"standard","video":"","gallery":"","source_name":"","source_url":"","via_name":"","via_url":"","override":[{"single_blog_custom":"","sidebar":"","second_sidebar":"","share_position":"","share_float_style":"","post_date_format":"","post_date_format_custom":"","post_reading_time_wpm":"","zoom_button_out_step":"1","zoom_button_in_step":"1","number_popup_post":"1"}],"image_override":[{"single_post_thumbnail_size":"","single_post_gallery_size":""}],"trending_post_position":"","trending_post_label":"","sponsored_post_label":"","sponsored_post_name":"","sponsored_post_url":"","sponsored_post_logo":"","sponsored_post_desc":""},"jnews_primary_category":{"id":""},"jnews_social_meta":{"fb_title":"","fb_description":"","fb_image":"","twitter_title":"","twitter_description":"","twitter_image":""},"jnews_review":[],"enable_review":"","type":"percentage","name":"","summary":"","brand":"","sku":"","good":[{"good_text":""}],"bad":[{"bad_text":""}],"score_override":"","override_value":"","rating":[{"rating_text":"","rating_number":"10"}],"price":[{"shop":"","price":"","link":"","icon":""}],"jnews_override_counter":{"view_counter_number":"0","share_counter_number":"0","like_counter_number":"0","dislike_counter_number":"0"},"jnews_post_split":{"post_split":[{"template":"1","tag":"h2","numbering":"asc","mode":"normal","toc_type":"normal"}]},"footnotes":""},"categories":[18],"tags":[645,434],"class_list":["post-27280","post","type-post","status-publish","format-standard","has-post-thumbnail","hentry","category-nacionales","tag-convenio-colectivo-de-trabajo","tag-fabricaciones-militares"],"jetpack_featured_media_url":"https:\/\/atecordoba.org\/wp-content\/uploads\/2021\/08\/theaux_VM-e1628791844998.jpeg","_links":{"self":[{"href":"https:\/\/atecordoba.org\/index.php?rest_route=\/wp\/v2\/posts\/27280","targetHints":{"allow":["GET"]}}],"collection":[{"href":"https:\/\/atecordoba.org\/index.php?rest_route=\/wp\/v2\/posts"}],"about":[{"href":"https:\/\/atecordoba.org\/index.php?rest_route=\/wp\/v2\/types\/post"}],"author":[{"embeddable":true,"href":"https:\/\/atecordoba.org\/index.php?rest_route=\/wp\/v2\/users\/7"}],"replies":[{"embeddable":true,"href":"https:\/\/atecordoba.org\/index.php?rest_route=%2Fwp%2Fv2%2Fcomments&post=27280"}],"version-history":[{"count":1,"href":"https:\/\/atecordoba.org\/index.php?rest_route=\/wp\/v2\/posts\/27280\/revisions"}],"predecessor-version":[{"id":27286,"href":"https:\/\/atecordoba.org\/index.php?rest_route=\/wp\/v2\/posts\/27280\/revisions\/27286"}],"wp:featuredmedia":[{"embeddable":true,"href":"https:\/\/atecordoba.org\/index.php?rest_route=\/wp\/v2\/media\/27285"}],"wp:attachment":[{"href":"https:\/\/atecordoba.org\/index.php?rest_route=%2Fwp%2Fv2%2Fmedia&parent=27280"}],"wp:term":[{"taxonomy":"category","embeddable":true,"href":"https:\/\/atecordoba.org\/index.php?rest_route=%2Fwp%2Fv2%2Fcategories&post=27280"},{"taxonomy":"post_tag","embeddable":true,"href":"https:\/\/atecordoba.org\/index.php?rest_route=%2Fwp%2Fv2%2Ftags&post=27280"}],"curies":[{"name":"wp","href":"https:\/\/api.w.org\/{rel}","templated":true}]}}