{"id":2722,"date":"2013-05-17T18:10:02","date_gmt":"2013-05-17T21:10:02","guid":{"rendered":"http:\/\/www.atecordoba.org\/?p=2722"},"modified":"2013-05-17T18:10:02","modified_gmt":"2013-05-17T21:10:02","slug":"ate-marcho-en-cordoba-contra-la-precarizacion-laboral","status":"publish","type":"post","link":"https:\/\/atecordoba.org\/?p=2722","title":{"rendered":"ATE marcho en C\u00f3rdoba contra la precarizaci\u00f3n laboral"},"content":{"rendered":"<p><em>En el marco del paro nacional que realiz\u00f3 nuestra organizaci\u00f3n, en C\u00f3rdoba una movilizaci\u00f3n finaliz\u00f3 en le Ministerio de Trabajo para exigir el fin de la los monotributos y los contratos basura. El acatamiento lleg\u00f3 al 70% en los sectores nacionales.<\/em><\/p>\n<p><a href=\"http:\/\/www.atecordoba.org\/wp-content\/uploads\/2013\/05\/foto11.jpg\"><img loading=\"lazy\" decoding=\"async\" class=\"aligncenter size-full wp-image-2723\" title=\"foto1\" src=\"http:\/\/www.atecordoba.org\/wp-content\/uploads\/2013\/05\/foto11.jpg\" alt=\"\" width=\"800\" height=\"600\" \/><\/a><\/p>\n<p>&#8220;Este es el comienzo de un plan de lucha hasta que nuestro patrones entiendan que los trabajadores del Estado tenemos que estar en las plataformas de todos aquellos que quieren gobernarnos. porque somos los que movemos este pa\u00eds con nuestro trabajo&#8221;. La secretaria General de ATE C\u00f3rdoba concluy\u00f3 as\u00ed su discurso hoy, durante el acto frente a la delegaci\u00f3n local del Ministerio de Trabajo de la Naci\u00f3n, en el acto que realizado por nuestro gremio, en el marco del paro nacional.<\/p>\n<p>Fue el final de una ruidosa movilizaci\u00f3n que parti\u00f3 de la sede del Anses, de Humberto Primo y Avellaneda a las 11 horas. En ese momento ya la conducci\u00f3n de ATE estimaba en un 70% el acatamiento al paro. El sitio elegido para concentrar a los manifestantes \u00a0se debi\u00f3 a los reclamos de los compa\u00f1eros del organismo previsional, que viven muy malas condiciones de trabajo, con hacinamiento y falta de personal, al mismo, tiempo para atender las demandas de los beneficiarios.<\/p>\n<p><a href=\"http:\/\/www.atecordoba.org\/wp-content\/uploads\/2013\/05\/foto-21.jpg\"><img loading=\"lazy\" decoding=\"async\" class=\"aligncenter size-full wp-image-2724\" title=\"foto 2\" src=\"http:\/\/www.atecordoba.org\/wp-content\/uploads\/2013\/05\/foto-21.jpg\" alt=\"\" width=\"800\" height=\"600\" \/><\/a><\/p>\n<p>Tras un duro discurso del secretario Adjunto del CDP y secretario General de la CTA C\u00f3rdoba, Oscar Mengarelli, la columna de ATE pas\u00f3 frente a la AFIP, y finaliz\u00f3 en la cartera laboral. &#8220;No aceptamos la precarizaci\u00f3n laboral, no aflojamos ante los aprietes de los funcionarios para que los trabajadores desoigan al sindicato, no firmamos acuerdos a las espaldas de los trabajadores. ATE est\u00e1 en la calle una vez m\u00e1s porque es lo que reclaman los compa\u00f1eros&#8221;, sentenci\u00f3 Mengarelli.<\/p>\n<p>Se pudo contar entre los presentes a compa\u00f1eros de distintos sectores estatales como la CNC, el Personal Civil de las FF.AA., la ANAC, los provinciales de la salud, el Anses y los No Docentes de la UNC, entre otros grupos de compa\u00f1eros. En la oportunidad estuvo el compa\u00f1ero Rub\u00e9n Garrido, de la conducci\u00f3n nacional de ATE.<\/p>\n<p><a href=\"http:\/\/www.atecordoba.org\/wp-content\/uploads\/2013\/05\/foto3.jpg\"><img loading=\"lazy\" decoding=\"async\" class=\"aligncenter size-full wp-image-2725\" title=\"foto3\" src=\"http:\/\/www.atecordoba.org\/wp-content\/uploads\/2013\/05\/foto3.jpg\" alt=\"\" width=\"800\" height=\"600\" \/><\/a>&#8220;Hay que destacar la persistencia y la coherencia de ATE en estos momentos que se desarrolla una importante jornada de lucha de los gremios estatales en todo el pa\u00eds. Estamos cansados: no queremos aumentos en dos o tres partes, que mienten diciendo que son anuales pero terminamos cobr\u00e1ndolos en enero del 2014. Adem\u00e1s tiran porcentajes para los diarios cuando hay trabajadores que no llegan a los 5 mil pesos de sueldo&#8221;, dijo Romero en su discurso.<\/p>\n<p>Y agreg\u00f3: &#8220;nuestro gremio es el m\u00e1s grande del pa\u00eds, por eso el gobierno no quiere hacer la compulsa que venimos pidiendo hace rato. Deber\u00edamos estar sentados en primer lugar para discutir lo que necesitan los estatales ante el gobierno, pero est\u00e1 visto que prefieren negociar con las organizaciones afines, de espaldas a los trabajadores. Esta medida de fuerza tendr\u00e1 continuidad si hasta el 30 de mayo, que se hace el Congreso Nacional de ATE, no tenemos una respuesta a nuestros reclamos&#8221;.<\/p>\n<p>Una delegaci\u00f3n de compa\u00f1eros de C\u00f3rdoba particip\u00f3 de la movilizaci\u00f3n en Buenos Aires, junto a otros gremios estatales que est\u00e1n incorporados a la Coordinadora de Gremios que incluye a organizaciones de la CTA y la CGT.<\/p>\n<p><a href=\"http:\/\/www.atecordoba.org\/wp-content\/uploads\/2013\/05\/foto4.jpg\"><img loading=\"lazy\" decoding=\"async\" class=\"aligncenter size-full wp-image-2726\" title=\"foto4\" src=\"http:\/\/www.atecordoba.org\/wp-content\/uploads\/2013\/05\/foto4.jpg\" alt=\"\" width=\"800\" height=\"600\" \/><\/a><\/p>\n<p><strong>En la provincia<\/strong><\/p>\n<p>En Villa Maria, los compa\u00f1eros de la F\u00e1brica Militar de P\u00f3lvora y Explosivos cumplieron con el paro, haciendo abandono de tareas a media ma\u00f1ana y realizando un corte de ruta frente a la f\u00e1brica. Tambi\u00e9n se realiz\u00f3 una asamblea de tres horas en la delegaci\u00f3n local de la Anses.<\/p>\n<p>En R\u00edo Tercero, la medida de fuerza de cumpli\u00f3 con asambleas de dos horas por turno.<\/p>\n<p>En R\u00edo Cuarto, la seccional realiz\u00f3 una batucada y radio abierta en la plaza Roca de la ciudad.<\/p>\n","protected":false},"excerpt":{"rendered":"<p>En el marco del paro nacional que realiz\u00f3 nuestra organizaci\u00f3n, en C\u00f3rdoba una movilizaci\u00f3n finaliz\u00f3 en le Ministerio de Trabajo para exigir el fin de la los monotributos y los contratos basura. El acatamiento lleg\u00f3 al 70% en los sectores nacionales. &#8220;Este es el comienzo de un plan de lucha hasta que nuestro patrones entiendan [&hellip;]<\/p>\n","protected":false},"author":1,"featured_media":19220,"comment_status":"open","ping_status":"open","sticky":false,"template":"","format":"standard","meta":{"_exactmetrics_skip_tracking":false,"_exactmetrics_sitenote_active":false,"_exactmetrics_sitenote_note":"","_exactmetrics_sitenote_category":0,"jnews-multi-image_gallery":[],"jnews_single_post":[],"jnews_primary_category":[],"jnews_social_meta":[],"jnews_review":[],"enable_review":"","type":"","name":"","summary":"","brand":"","sku":"","good":[],"bad":[],"score_override":"","override_value":"","rating":[],"price":[],"jnews_override_counter":[],"jnews_post_split":[],"footnotes":""},"categories":[18],"tags":[],"class_list":["post-2722","post","type-post","status-publish","format-standard","has-post-thumbnail","hentry","category-nacionales"],"jetpack_featured_media_url":"https:\/\/atecordoba.org\/wp-content\/uploads\/2020\/05\/logo-nuevochico-e1561581322808.png","_links":{"self":[{"href":"https:\/\/atecordoba.org\/index.php?rest_route=\/wp\/v2\/posts\/2722","targetHints":{"allow":["GET"]}}],"collection":[{"href":"https:\/\/atecordoba.org\/index.php?rest_route=\/wp\/v2\/posts"}],"about":[{"href":"https:\/\/atecordoba.org\/index.php?rest_route=\/wp\/v2\/types\/post"}],"author":[{"embeddable":true,"href":"https:\/\/atecordoba.org\/index.php?rest_route=\/wp\/v2\/users\/1"}],"replies":[{"embeddable":true,"href":"https:\/\/atecordoba.org\/index.php?rest_route=%2Fwp%2Fv2%2Fcomments&post=2722"}],"version-history":[{"count":0,"href":"https:\/\/atecordoba.org\/index.php?rest_route=\/wp\/v2\/posts\/2722\/revisions"}],"wp:featuredmedia":[{"embeddable":true,"href":"https:\/\/atecordoba.org\/index.php?rest_route=\/wp\/v2\/media\/19220"}],"wp:attachment":[{"href":"https:\/\/atecordoba.org\/index.php?rest_route=%2Fwp%2Fv2%2Fmedia&parent=2722"}],"wp:term":[{"taxonomy":"category","embeddable":true,"href":"https:\/\/atecordoba.org\/index.php?rest_route=%2Fwp%2Fv2%2Fcategories&post=2722"},{"taxonomy":"post_tag","embeddable":true,"href":"https:\/\/atecordoba.org\/index.php?rest_route=%2Fwp%2Fv2%2Ftags&post=2722"}],"curies":[{"name":"wp","href":"https:\/\/api.w.org\/{rel}","templated":true}]}}