{"id":27170,"date":"2021-08-11T08:37:39","date_gmt":"2021-08-11T11:37:39","guid":{"rendered":"https:\/\/atecordoba.org\/?p=27170"},"modified":"2021-08-11T09:38:08","modified_gmt":"2021-08-11T12:38:08","slug":"a-6-meses-del-femicidio-de-ivana-modica-seguimos-exigiendo-espacios-laborales-libre-de-violencia","status":"publish","type":"post","link":"https:\/\/atecordoba.org\/?p=27170","title":{"rendered":"A 6 meses del femicidio de Ivana M\u00f3dica, seguimos exigiendo espacios laborales libres de violencias"},"content":{"rendered":"\n<p>El 12 de Agosto se cumplen 6 meses del femicidio de Ivana M\u00f3dica, trabajadora estatal que se desempe\u00f1aba como personal civil de las fuerzas armadas. El femicida es Javier Galv\u00e1n, ex vice comodoro de la Fuerza \u00c1rea de C\u00f3rdoba, actualmente se encuentra preso en la c\u00e1rcel de Bower de C\u00f3rdoba esperando sentencia firme. Lamentablemente por el reglamento vetusto que tienen la Fuerzas Armadas todav\u00eda el femicida no ha sido dado de baja y goza de su cargo y remuneraci\u00f3n.<\/p>\n\n\n\n<p>Por ello, desde el Departamento de G\u00e9neros y Diversidades del CDP ATE C\u00f3rdoba junto con las compa\u00f1eras trabajadores del sector civiles <strong>no olvidamos que Ivana era trabajadora estatal y que su muerte se hubiera podido evitar si existieran Protocolos de Actuaci\u00f3n contra la violencia en de g\u00e9nero en \u00e1mbito de les trabajadores del personal civil de las fuerzas armadas como dentro de la misma Fuerza A\u00e9rea<\/strong>. Cabe recordar que Ivana M\u00f3dica hab\u00eda denunciado a Javier G\u00e1lvan por violencia de g\u00e9nero y ni el \u00e1rea de recursos humanos del sector civiles ni la Fuerza A\u00e9rea realiz\u00f3 ninguna acci\u00f3n de intervenci\u00f3n para preservar la vida de Ivana y el denunciado tuviera su llamado de atenci\u00f3n al menos<\/p>\n\n\n\n<p>Por todo lo mencionado, desde <strong>ATE C\u00f3rdoba seguimos exigiendo a las autoridades que se tomen medidas tendientes a garantizar espacios laborales libres de violencia tanto en el personal civil de las fuerzas armadas como hacia el interior de las Fuerzas Armadas<\/strong>. Las trabajadoras no nos callamos m\u00e1s!<\/p>\n\n\n\n<p>En esta fecha tan significativa para el sector, se realizar\u00e1n dos actividades. La primera actividad, ser\u00e1 un <strong>Conversatorio \u201cHablemos de Violencias, laboral, institucional y de g\u00e9nero\u201d<\/strong>, donde participar\u00e1n como expositores, las compa\u00f1eras de Ivana M\u00f3dica (Escuela de Aviaci\u00f3n Militar), Eugenio Talbot Wright (Militante de derechos humanos y diversidad) y Mar\u00eda Martha Terragno (Abogada laboralista con perspectiva de g\u00e9nero); y estar\u00e1 moderando la actividad Gabriela Alcoba (Secretaria Pro Administrativa. Directora del Departamento de G\u00e9neros y Diversidades CDP ATE C\u00f3rdoba). El mismo se realizar\u00e1 el 18 de Agosto a las 17hs por Zoom.<\/p>\n\n\n\n<figure class=\"wp-block-image size-medium\"><img loading=\"lazy\" decoding=\"async\" width=\"300\" height=\"300\" src=\"https:\/\/atecordoba.org\/wp-content\/uploads\/2021\/08\/image-2-300x300.png\" alt=\"\" class=\"wp-image-27173\" srcset=\"https:\/\/atecordoba.org\/wp-content\/uploads\/2021\/08\/image-2-300x300.png 300w, https:\/\/atecordoba.org\/wp-content\/uploads\/2021\/08\/image-2-1024x1024.png 1024w, https:\/\/atecordoba.org\/wp-content\/uploads\/2021\/08\/image-2-150x150.png 150w, https:\/\/atecordoba.org\/wp-content\/uploads\/2021\/08\/image-2-768x768.png 768w, https:\/\/atecordoba.org\/wp-content\/uploads\/2021\/08\/image-2-560x560.png 560w, https:\/\/atecordoba.org\/wp-content\/uploads\/2021\/08\/image-2-75x75.png 75w, https:\/\/atecordoba.org\/wp-content\/uploads\/2021\/08\/image-2-350x350.png 350w, https:\/\/atecordoba.org\/wp-content\/uploads\/2021\/08\/image-2-750x750.png 750w, https:\/\/atecordoba.org\/wp-content\/uploads\/2021\/08\/image-2.png 1081w\" sizes=\"auto, (max-width: 300px) 100vw, 300px\" \/><\/figure>\n\n\n\n<p>La segunda actividad ser\u00e1 una <strong>Concentraci\u00f3n frente a la Escuela de Aviaci\u00f3n Militar <\/strong>de C\u00f3rdoba Capital el pr\u00f3ximo 19 de Agosto a las 18hs.<\/p>\n\n\n\n<figure class=\"wp-block-image size-medium\"><img loading=\"lazy\" decoding=\"async\" width=\"300\" height=\"300\" src=\"https:\/\/atecordoba.org\/wp-content\/uploads\/2021\/08\/image-300x300.png\" alt=\"\" class=\"wp-image-27171\" srcset=\"https:\/\/atecordoba.org\/wp-content\/uploads\/2021\/08\/image-300x300.png 300w, https:\/\/atecordoba.org\/wp-content\/uploads\/2021\/08\/image-1024x1024.png 1024w, https:\/\/atecordoba.org\/wp-content\/uploads\/2021\/08\/image-150x150.png 150w, https:\/\/atecordoba.org\/wp-content\/uploads\/2021\/08\/image-768x768.png 768w, https:\/\/atecordoba.org\/wp-content\/uploads\/2021\/08\/image-560x560.png 560w, https:\/\/atecordoba.org\/wp-content\/uploads\/2021\/08\/image-75x75.png 75w, https:\/\/atecordoba.org\/wp-content\/uploads\/2021\/08\/image-350x350.png 350w, https:\/\/atecordoba.org\/wp-content\/uploads\/2021\/08\/image-750x750.png 750w, https:\/\/atecordoba.org\/wp-content\/uploads\/2021\/08\/image.png 1081w\" sizes=\"auto, (max-width: 300px) 100vw, 300px\" \/><\/figure>\n\n\n\n<p><\/p>\n","protected":false},"excerpt":{"rendered":"<p>El 12 de Agosto se cumplen 6 meses del femicidio de Ivana M\u00f3dica, trabajadora estatal que se desempe\u00f1aba como personal civil de las fuerzas armadas. El femicida es Javier Galv\u00e1n, ex vice comodoro de la Fuerza \u00c1rea de C\u00f3rdoba, actualmente se encuentra preso en la c\u00e1rcel de Bower de C\u00f3rdoba esperando sentencia firme. Lamentablemente por [&hellip;]<\/p>\n","protected":false},"author":3,"featured_media":27178,"comment_status":"open","ping_status":"open","sticky":false,"template":"","format":"standard","meta":{"_exactmetrics_skip_tracking":false,"_exactmetrics_sitenote_active":false,"_exactmetrics_sitenote_note":"","_exactmetrics_sitenote_category":0,"jnews-multi-image_gallery":[],"jnews_single_post":{"subtitle":"El 12 de Agosto se cumplir\u00e1n 6 meses del femicidio de Ivana M\u00f3dica, trabajadora estatal que se desempe\u00f1aba como personal civil de las Fuerzas Armadas. En ese marco, los pr\u00f3ximos 18 y 19 de agosto, ATE C\u00f3rdoba -en conjunto a las compa\u00f1eras de trabajo de Ivana-, realizar\u00e1n un conversatorio y una concentraci\u00f3n para reclamar por el fin de las violencias en el sector.","format":"standard","video":"","gallery":"","source_name":"","source_url":"","via_name":"","via_url":"","override":[{"single_blog_custom":"","sidebar":"","second_sidebar":"","share_position":"","share_float_style":"","post_date_format":"","post_date_format_custom":"","post_reading_time_wpm":"","zoom_button_out_step":"1","zoom_button_in_step":"1","number_popup_post":"1"}],"image_override":[{"single_post_thumbnail_size":"","single_post_gallery_size":""}],"trending_post_position":"","trending_post_label":"","sponsored_post_label":"","sponsored_post_name":"","sponsored_post_url":"","sponsored_post_logo":"","sponsored_post_desc":""},"jnews_primary_category":{"id":""},"jnews_social_meta":{"fb_title":"","fb_description":"","fb_image":"","twitter_title":"","twitter_description":"","twitter_image":""},"jnews_review":[],"enable_review":"","type":"percentage","name":"","summary":"","brand":"","sku":"","good":[{"good_text":""}],"bad":[{"bad_text":""}],"score_override":"","override_value":"","rating":[{"rating_text":"","rating_number":"10"}],"price":[{"shop":"","price":"","link":"","icon":""}],"jnews_override_counter":{"view_counter_number":"0","share_counter_number":"0","like_counter_number":"0","dislike_counter_number":"0"},"jnews_post_split":{"post_split":[{"template":"1","tag":"h2","numbering":"asc","mode":"normal","toc_type":"normal"}]},"footnotes":""},"categories":[10,341,325,9],"tags":[],"class_list":["post-27170","post","type-post","status-publish","format-standard","has-post-thumbnail","hentry","category-accion-politica","category-cdp","category-generos-y-diversidades","category-trabajadores-civiles-ff-aa"],"jetpack_featured_media_url":"https:\/\/atecordoba.org\/wp-content\/uploads\/2021\/08\/11_08_Ivana_Modica_Femicidio2.jpg","_links":{"self":[{"href":"https:\/\/atecordoba.org\/index.php?rest_route=\/wp\/v2\/posts\/27170","targetHints":{"allow":["GET"]}}],"collection":[{"href":"https:\/\/atecordoba.org\/index.php?rest_route=\/wp\/v2\/posts"}],"about":[{"href":"https:\/\/atecordoba.org\/index.php?rest_route=\/wp\/v2\/types\/post"}],"author":[{"embeddable":true,"href":"https:\/\/atecordoba.org\/index.php?rest_route=\/wp\/v2\/users\/3"}],"replies":[{"embeddable":true,"href":"https:\/\/atecordoba.org\/index.php?rest_route=%2Fwp%2Fv2%2Fcomments&post=27170"}],"version-history":[{"count":2,"href":"https:\/\/atecordoba.org\/index.php?rest_route=\/wp\/v2\/posts\/27170\/revisions"}],"predecessor-version":[{"id":27177,"href":"https:\/\/atecordoba.org\/index.php?rest_route=\/wp\/v2\/posts\/27170\/revisions\/27177"}],"wp:featuredmedia":[{"embeddable":true,"href":"https:\/\/atecordoba.org\/index.php?rest_route=\/wp\/v2\/media\/27178"}],"wp:attachment":[{"href":"https:\/\/atecordoba.org\/index.php?rest_route=%2Fwp%2Fv2%2Fmedia&parent=27170"}],"wp:term":[{"taxonomy":"category","embeddable":true,"href":"https:\/\/atecordoba.org\/index.php?rest_route=%2Fwp%2Fv2%2Fcategories&post=27170"},{"taxonomy":"post_tag","embeddable":true,"href":"https:\/\/atecordoba.org\/index.php?rest_route=%2Fwp%2Fv2%2Ftags&post=27170"}],"curies":[{"name":"wp","href":"https:\/\/api.w.org\/{rel}","templated":true}]}}