{"id":2716,"date":"2013-05-16T18:48:33","date_gmt":"2013-05-16T21:48:33","guid":{"rendered":"http:\/\/www.atecordoba.org\/?p=2716"},"modified":"2013-05-16T18:48:33","modified_gmt":"2013-05-16T21:48:33","slug":"triunfo-de-ate-y-cta-provincia-de-buenos-aires-liberaron-a-los-5-trabajadores","status":"publish","type":"post","link":"https:\/\/atecordoba.org\/?p=2716","title":{"rendered":"Triunfo de ATE y CTA Provincia de Buenos Aires: Liberaron a los 5 trabajadores"},"content":{"rendered":"<p><em>ATE logr\u00f3 ayer la libertad de los 5 trabajadores que permanec\u00edan detenidos por una causa armada por el gobierno de Scioli y capturados mediante una \u201cemboscada\u201d y con m\u00e9todos represivos. Como resultado del paro y la movilizaci\u00f3n de miles de compa\u00f1eros a la sede del fuero penal, nuestros compa\u00f1eros Silvia Valdez, Alejandro S\u00e1nchez Moreno, Miguel Ciappina y Mar\u00eda In\u00e9s Uro, delegados de ATE y Marcelo Ardetti, trabajador y militante de la agrupaci\u00f3n \u201cHijos del \u201955 est\u00e1n en libertad y fueron recibidos por el calor y el clamor popular de la asamblea multitudinaria. En el marco de la asamblea se realiz\u00f3 un acto en el que hablaron los liberados, Oscar de Isasi y Hugo Godoy, secretario adjunto de ATE Nacional. Todos responsabilizaron de la represi\u00f3n al gobernador Scioli y a Directora de Educaci\u00f3n Nora de Lucia.<\/em><\/p>\n<p><a href=\"http:\/\/www.atecordoba.org\/wp-content\/uploads\/2013\/05\/liberados-ate-bs-as-1.jpg\"><img loading=\"lazy\" decoding=\"async\" class=\"aligncenter size-full wp-image-2717\" title=\"liberados ate bs as 1\" src=\"http:\/\/www.atecordoba.org\/wp-content\/uploads\/2013\/05\/liberados-ate-bs-as-1.jpg\" alt=\"\" width=\"310\" height=\"224\" \/><\/a><\/p>\n<p>El secretario General de ATE provincia de Buenos Aires, Oscar de Isasi, valor\u00f3 que fruto del Paro y la movilizaci\u00f3n logramos la liberaci\u00f3n de los 5 trabajadores detenidos. \u201cEs un triunfo de ATE y la CTA Provincia de Buenos Aires, y de las organizaciones sociales, territoriales y pol\u00edticas movilizadas que le pusieron el cuerpo al paro y a la permanencia en la sede del juzgado en La Plata.<\/p>\n<p>Y se\u00f1al\u00f3 que dimos \u201cun mensaje claro\u201d, \u201csi tocan a un compa\u00f1ero de ATE nos tocan a todos\u201d. \u201cNo vamos a permitir la profundizaci\u00f3n del ajuste y mucho menos la criminalizaci\u00f3n de la protesta\u201d, dijo. El secretario general anunci\u00f3 adem\u00e1s la continuidad del plan de acci\u00f3n con una asamblea ma\u00f1ana en educaci\u00f3n sede y con asambleas en todas las reparticiones del estado construyendo un gran Paro Nacional para este viernes 17.<\/p>\n<p>Y denunci\u00f3 que la detenci\u00f3n de los compa\u00f1eros \u201ces un mensaje cuasi mafioso del gobierno provincial, que intenta amedrentar con la criminalizaci\u00f3n la creciente protesta social que estamos desarrollando los bonaerenses contra el ajuste\u201d.<\/p>\n<p>Relatando que \u201clos compa\u00f1eros fueron detenidos cuando sal\u00edan de una reuni\u00f3n formal con el director de relaciones laborales de la Direcci\u00f3n de Escuelas, Montes de Oca, o peticionando subsidios para los inundados o trabajando. Fueron emboscados por una docena de personas que dec\u00edan ser polic\u00edas de civil, que no exhibieron identificaci\u00f3n, amenazaron a los trabajadores y a sus familias\u201d.<\/p>\n<p>En cuanto al paro, sostuvo que \u201ctuvo un alt\u00edsimo acompa\u00f1amiento en las escuelas, hospitales y todas las dependencias de la administraci\u00f3n p\u00fablica. Y la fuerza con la que se expres\u00f3 en toda la regi\u00f3n, en capital federal y en la provincia de Buenos Aires multiplic\u00f3 el reclamo y garantiz\u00f3 la libertad de los compa\u00f1eros\u201d.<\/p>\n<p>&nbsp;<\/p>\n<p><a href=\"http:\/\/www.atecordoba.org\/wp-content\/uploads\/2013\/05\/liberarondelatepba2.jpg\"><img loading=\"lazy\" decoding=\"async\" class=\"aligncenter size-full wp-image-2718\" title=\"liberarondelatepba2\" src=\"http:\/\/www.atecordoba.org\/wp-content\/uploads\/2013\/05\/liberarondelatepba2.jpg\" alt=\"\" width=\"448\" height=\"298\" \/><\/a><\/p>\n<p><strong>Esta no es una situaci\u00f3n aislada<\/strong><\/p>\n<p>Hugo Godoy, felicit\u00f3 a los cinco compa\u00f1eros detenidos. \u201cCon su temple y confianza en el conjunto, y con la decisi\u00f3n de resistir tras las rejas nos dieron aliento para pelear por ellos y lograr su inmediata libertad como logramos\u201d, dijo.<\/p>\n<p>Por lo tanto, expres\u00f3, \u201cno podemos m\u00e1s que sentirnos orgullosos de este sindicato, ATE, que hoy est\u00e1 parando en todo la provincia de Buenos Aires, como tambi\u00e9n de la CTA\u201d.<\/p>\n<p>El secretario adjunto nacional anunci\u00f3 que \u201cVamos a denunciar hasta que se esclarezca la situaci\u00f3n y vamos a garantizar la respetabilidad de nuestros delegados. Porque todav\u00eda nos resta lograr que se los desprosece y se levante la orden de detenci\u00f3n sobre Giselle, la compa\u00f1era que no lleg\u00f3 a ser detenida.<\/p>\n<p>Subray\u00f3 que \u201cAunque somos conscientes de la responsabilidad de Scioli, no podemos dejar de decir que esta no es una situaci\u00f3n aislada. A principio de a\u00f1o dirigentes de ATE Mendoza fueron procesados por las mismas razonas y lo mismo en Neuqu\u00e9n. Hace unos d\u00edas atr\u00e1s los delegados del Hospital Garraham tambi\u00e9n fueron procesados. Hace pocos d\u00edas fuimos reprimidos en el Borda. O sea, desde que se aprob\u00f3 en el Congreso Nacional la Ley Antiterrorista hay una persecuci\u00f3n de los luchadores populares. Hay que derogar esa ley y desprocesar a nuestros compa\u00f1eros\u201d.<\/p>\n<p>Godoy finaliz\u00f3 llamando a construir con fuerza el Paro Nacional del viernes y movilizar a la Jefatura de Gabinete Nacional contra el ajuste, por apertura de paritarias y contra la criminalizaci\u00f3n de la protesta social. Y tambi\u00e9n al Paro Nacional del 29 de Mayo, con mas de 100 cortes en todo el pa\u00eds, en el marco de un nuevo aniversario del Cordobazo.<\/p>\n<div><\/div>\n<div><a href=\"http:\/\/www.atecordoba.org\/wp-content\/uploads\/2013\/05\/liberarondelatepba3.jpg\"><img loading=\"lazy\" decoding=\"async\" class=\"aligncenter size-full wp-image-2719\" title=\"liberarondelatepba3\" src=\"http:\/\/www.atecordoba.org\/wp-content\/uploads\/2013\/05\/liberarondelatepba3.jpg\" alt=\"\" width=\"448\" height=\"298\" \/><\/a><\/div>\n<div>\n<p><strong>A los compa\u00f1eros, la libertad<\/strong><\/p>\n<p>Tras la liberaci\u00f3n los compa\u00f1eros que sufrieron la persecuci\u00f3n, la represi\u00f3n y la c\u00e1rcel por luchar se expresaron de cara a la asamblea.<\/p>\n<p>Miguel Ciappina dijo que \u201cSiempre llamamos a la unidad de los trabajadores. Y la lucha que no mata fortalece. Lo que nos pas\u00f3 a nosotros fue un secuestro, no vamos a aflojar hasta que destituyan a los responsables y nos amenazaron\u201d<\/p>\n<p>Mar\u00eda In\u00e9s Uro, se\u00f1al\u00f3 que el operativo de detenci\u00f3n \u201cEsto estuvo organizado por Nora de Luc\u00eda, responsable de todo lo que nos pas\u00f3. Estamos orgullosos de todo lo que hicimos durante la toma a la sede de Educaci\u00f3n. Y mientras est\u00e1bamos adentro nos alegraba el ruido de los bombos de los compa\u00f1eros y de la clase obrera organizada\u201d\u2022<\/p>\n<p>Marcelo Ardetti, tambi\u00e9n se mostr\u00f3 \u201corgulloso de escucharlos. Tenemos que salir fortalecidos con lo que pas\u00f3, porque tenemos la unidad de la clase obrera y de todos de los estatales y tenemos que ir por la renuncia de los responsables\u201d.<\/p>\n<p>Alejandro S\u00e1nchez Moreno, por su parte dijo que \u201cNo nos cabe ninguna duda que nuestra liberaci\u00f3n es producto de la lucha popular. Hoy nuestro sindicato convoc\u00f3 a un paro que fue multitudinario por nuestra libertad. Ayer sufrimos el secuestro de una patota sin identificaci\u00f3n y nos detuvieron en forma violenta. Exigimos la destituci\u00f3n de toda la guardia policial de Educaci\u00f3n que organiz\u00f3 los secuestros\u201d<\/p>\n<p>Silvia Valdez Abalos, finalmente llam\u00f3 a \u201cseguir peleando codo a codo como hasta ahora. Tenemos que seguir por todas las reivindicaciones que quedaron pendientes. Hay que solicitar la destituci\u00f3n de la guardia policial que lejos de cuidarnos est\u00e1 para reprimirnos y perseguirnos\u201d.<\/p>\n<\/div>\n","protected":false},"excerpt":{"rendered":"<p>ATE logr\u00f3 ayer la libertad de los 5 trabajadores que permanec\u00edan detenidos por una causa armada por el gobierno de Scioli y capturados mediante una \u201cemboscada\u201d y con m\u00e9todos represivos. Como resultado del paro y la movilizaci\u00f3n de miles de compa\u00f1eros a la sede del fuero penal, nuestros compa\u00f1eros Silvia Valdez, Alejandro S\u00e1nchez Moreno, Miguel [&hellip;]<\/p>\n","protected":false},"author":1,"featured_media":19220,"comment_status":"open","ping_status":"open","sticky":false,"template":"","format":"standard","meta":{"_exactmetrics_skip_tracking":false,"_exactmetrics_sitenote_active":false,"_exactmetrics_sitenote_note":"","_exactmetrics_sitenote_category":0,"jnews-multi-image_gallery":[],"jnews_single_post":[],"jnews_primary_category":[],"jnews_social_meta":[],"jnews_review":[],"enable_review":"","type":"","name":"","summary":"","brand":"","sku":"","good":[],"bad":[],"score_override":"","override_value":"","rating":[],"price":[],"jnews_override_counter":[],"jnews_post_split":[],"footnotes":""},"categories":[18],"tags":[],"class_list":["post-2716","post","type-post","status-publish","format-standard","has-post-thumbnail","hentry","category-nacionales"],"jetpack_featured_media_url":"https:\/\/atecordoba.org\/wp-content\/uploads\/2020\/05\/logo-nuevochico-e1561581322808.png","_links":{"self":[{"href":"https:\/\/atecordoba.org\/index.php?rest_route=\/wp\/v2\/posts\/2716","targetHints":{"allow":["GET"]}}],"collection":[{"href":"https:\/\/atecordoba.org\/index.php?rest_route=\/wp\/v2\/posts"}],"about":[{"href":"https:\/\/atecordoba.org\/index.php?rest_route=\/wp\/v2\/types\/post"}],"author":[{"embeddable":true,"href":"https:\/\/atecordoba.org\/index.php?rest_route=\/wp\/v2\/users\/1"}],"replies":[{"embeddable":true,"href":"https:\/\/atecordoba.org\/index.php?rest_route=%2Fwp%2Fv2%2Fcomments&post=2716"}],"version-history":[{"count":0,"href":"https:\/\/atecordoba.org\/index.php?rest_route=\/wp\/v2\/posts\/2716\/revisions"}],"wp:featuredmedia":[{"embeddable":true,"href":"https:\/\/atecordoba.org\/index.php?rest_route=\/wp\/v2\/media\/19220"}],"wp:attachment":[{"href":"https:\/\/atecordoba.org\/index.php?rest_route=%2Fwp%2Fv2%2Fmedia&parent=2716"}],"wp:term":[{"taxonomy":"category","embeddable":true,"href":"https:\/\/atecordoba.org\/index.php?rest_route=%2Fwp%2Fv2%2Fcategories&post=2716"},{"taxonomy":"post_tag","embeddable":true,"href":"https:\/\/atecordoba.org\/index.php?rest_route=%2Fwp%2Fv2%2Ftags&post=2716"}],"curies":[{"name":"wp","href":"https:\/\/api.w.org\/{rel}","templated":true}]}}