{"id":27151,"date":"2021-08-10T14:13:14","date_gmt":"2021-08-10T17:13:14","guid":{"rendered":"https:\/\/atecordoba.org\/?p=27151"},"modified":"2021-08-10T14:13:15","modified_gmt":"2021-08-10T17:13:15","slug":"ate-advierte-sobre-las-condiciones-del-personal-en-el-nuevo-hospital-rio-tercero","status":"publish","type":"post","link":"https:\/\/atecordoba.org\/?p=27151","title":{"rendered":"ATE advierte sobre las condiciones del personal en el Nuevo Hospital R\u00edo Tercero"},"content":{"rendered":"\n<p>Desde la Asociaci\u00f3n Trabajadores del Estado y en representaci\u00f3n de los trabajadores del Hospital Provincial de Rio Tercero, queremos manifestar nuestra profunda y creciente preocupaci\u00f3n ante la anunciada inauguraci\u00f3n del Nuevo Hospital de R\u00edo Tercero por los medios de prensa locales. Tanto el personal que trabaja en el mencionado nosocomio, as\u00ed como la poblaci\u00f3n en general, se ha puesto en conocimiento de esta situaci\u00f3n por los medios masivos de comunicaci\u00f3n en el d\u00eda de ayer, evidenciando esta situaci\u00f3n una absoluta e injustificable falta de respeto, tanto para los empleados estatales que all\u00ed se desempe\u00f1an, como para la poblaci\u00f3n toda.<\/p>\n\n\n\n<p>Durante toda la crisis sanitaria que se viene dando en el mundo entero no ha existido mayor falta de comunicaci\u00f3n y de reconocimiento hacia el personal sanitario como este \u00faltimo evento para quienes trabajan en el mencionado Centro de Salud. Esta no es una pol\u00edtica nueva de parte de las autoridades provinciales ya que durante toda la pandemia rein\u00f3 la falta de comunicaci\u00f3n para con el personal as\u00ed como la improvisaci\u00f3n y la falta de criterio a la hora de definir cuestiones centrales para el afrontar la dif\u00edcil situaci\u00f3n sanitaria que atraves\u00f3 y aun atraviesa nuestra ciudad.<\/p>\n\n\n<p><iframe loading=\"lazy\" src=\"https:\/\/www.facebook.com\/plugins\/post.php?href=https%3A%2F%2Fwww.facebook.com%2Fateprensario3%2Fposts%2F1177050976039495&#038;show_text=true&#038;width=500\" width=\"500\" height=\"645\" style=\"border:none;overflow:hidden\" scrolling=\"no\" frameborder=\"0\" allowfullscreen=\"true\" allow=\"autoplay; clipboard-write; encrypted-media; picture-in-picture; web-share\"><\/iframe><\/p>\n\n\n\n<p><\/p>\n\n\n\n<p>Como corolario de toda esta situaci\u00f3n de falta de comunicaci\u00f3n y de menosprecio por el personal de salud, nos ponemos en conocimiento por los medios que el Nuevo Hospital ser\u00e1 inaugurado aun sin contar con el personal suficiente para afrontar la mayor demanda que se generar\u00e1, como tampoco con las condiciones de trabajo adecuadas a cualquier empleado\/a estatal. No se sabe si habr\u00e1 m\u00e1s incorporaci\u00f3n de personal, en qu\u00e9 condiciones ser\u00e1 contratado de ser incorporado (monotributo, contrato temporario, etc) y si se dar\u00e1 alguna respuesta al reclamo por mejoras salariales que desde hace meses venimos planteando.<\/p>\n\n\n\n<p>Creemos que es necesario festejar que despu\u00e9s de m\u00e1s de diez a\u00f1os de anuncios inconclusos, por fin la ciudad y la zona van a contar con un Hospital de mayor complejidad para hacer frente a la creciente demanda de atenci\u00f3n, pero para que esto se viabilice es necesaria la incorporaci\u00f3n de personal capacitado y en las mejores condiciones laborales posibles para poder brindar un servicio de calidad como la poblaci\u00f3n se merece.<\/p>\n\n\n\n<p>Desde ATE estamos convencidos\/as de que el trabajo de los empleados\/as del Hospital debe garantizar el acceso al derecho a la salud pero tambi\u00e9n estamos convencidos que para poder brindar esa atenci\u00f3n de calidad, es necesario el reconocimiento por parte del gobierno provincial con mejoras inmediatas en los salarios de los trabajadores como en las condiciones de trabajo.<\/p>\n\n\n\n<p>Esperamos, convencidos de que el acceso a la salud debe ser equitativo, de calidad y en las mejores condiciones para toda la poblaci\u00f3n, garantizando el cuidado, el reconocimiento y el respeto que los trabajadores se merecen, para poder afrontar la demanda necesaria, que las autoridades del Gobierno de la Provincia no contin\u00faen haciendo o\u00eddos sordos a los reclamos del sector Salud en general y en particular que brinden la informaci\u00f3n necesaria para generar certidumbre y tranquilidad en los empleados del Hospital.<\/p>\n","protected":false},"excerpt":{"rendered":"<p>Desde la Asociaci\u00f3n Trabajadores del Estado y en representaci\u00f3n de los trabajadores del Hospital Provincial de Rio Tercero, queremos manifestar nuestra profunda y creciente preocupaci\u00f3n ante la anunciada inauguraci\u00f3n del Nuevo Hospital de R\u00edo Tercero por los medios de prensa locales. Tanto el personal que trabaja en el mencionado nosocomio, as\u00ed como la poblaci\u00f3n en [&hellip;]<\/p>\n","protected":false},"author":6,"featured_media":27152,"comment_status":"open","ping_status":"open","sticky":false,"template":"","format":"standard","meta":{"_exactmetrics_skip_tracking":false,"_exactmetrics_sitenote_active":false,"_exactmetrics_sitenote_note":"","_exactmetrics_sitenote_category":0,"jnews-multi-image_gallery":[],"jnews_single_post":{"subtitle":"Ante la inauguraci\u00f3n del nosocomio (a producirse ma\u00f1ana), el sindicato celebr\u00f3 la concreci\u00f3n de la obra pero advirti\u00f3 sobre la \"falta de comunicaci\u00f3n y de reconocimiento hacia el personal sanitario\" que se enter\u00f3 de la inauguraci\u00f3n por los medios de prensa locales, sin posibilidad de ser informados\/as de la cantidad de personal que se incorporar\u00e1, en qu\u00e9 condiciones y qu\u00e9 suceder\u00e1 con los reclamos por mejoras salariales y pase a planta del personal hoy en actividad.","format":"standard","video":"","gallery":"","source_name":"","source_url":"","via_name":"","via_url":"","override":[{"single_blog_custom":"","sidebar":"","second_sidebar":"","share_position":"","share_float_style":"","post_date_format":"","post_date_format_custom":"","post_reading_time_wpm":"","zoom_button_out_step":"1","zoom_button_in_step":"1","number_popup_post":"1"}],"image_override":[{"single_post_thumbnail_size":"","single_post_gallery_size":""}],"trending_post_position":"","trending_post_label":"","sponsored_post_label":"","sponsored_post_name":"","sponsored_post_url":"","sponsored_post_logo":"","sponsored_post_desc":""},"jnews_primary_category":{"id":""},"jnews_social_meta":{"fb_title":"","fb_description":"","fb_image":"","twitter_title":"","twitter_description":"","twitter_image":""},"jnews_review":[],"enable_review":"","type":"percentage","name":"","summary":"","brand":"","sku":"","good":[{"good_text":""}],"bad":[{"bad_text":""}],"score_override":"","override_value":"","rating":[{"rating_text":"","rating_number":"10"}],"price":[{"shop":"","price":"","link":"","icon":""}],"jnews_override_counter":{"view_counter_number":"0","share_counter_number":"0","like_counter_number":"0","dislike_counter_number":"0"},"jnews_post_split":{"post_split":[{"template":"1","tag":"h2","numbering":"asc","mode":"normal","toc_type":"normal"}]},"footnotes":""},"categories":[8,13],"tags":[],"class_list":["post-27151","post","type-post","status-publish","format-standard","has-post-thumbnail","hentry","category-provinciales","category-rio-tercero"],"jetpack_featured_media_url":"https:\/\/atecordoba.org\/wp-content\/uploads\/2021\/08\/10_08_Hospital_Rio_Tercero.jpg","_links":{"self":[{"href":"https:\/\/atecordoba.org\/index.php?rest_route=\/wp\/v2\/posts\/27151","targetHints":{"allow":["GET"]}}],"collection":[{"href":"https:\/\/atecordoba.org\/index.php?rest_route=\/wp\/v2\/posts"}],"about":[{"href":"https:\/\/atecordoba.org\/index.php?rest_route=\/wp\/v2\/types\/post"}],"author":[{"embeddable":true,"href":"https:\/\/atecordoba.org\/index.php?rest_route=\/wp\/v2\/users\/6"}],"replies":[{"embeddable":true,"href":"https:\/\/atecordoba.org\/index.php?rest_route=%2Fwp%2Fv2%2Fcomments&post=27151"}],"version-history":[{"count":3,"href":"https:\/\/atecordoba.org\/index.php?rest_route=\/wp\/v2\/posts\/27151\/revisions"}],"predecessor-version":[{"id":27155,"href":"https:\/\/atecordoba.org\/index.php?rest_route=\/wp\/v2\/posts\/27151\/revisions\/27155"}],"wp:featuredmedia":[{"embeddable":true,"href":"https:\/\/atecordoba.org\/index.php?rest_route=\/wp\/v2\/media\/27152"}],"wp:attachment":[{"href":"https:\/\/atecordoba.org\/index.php?rest_route=%2Fwp%2Fv2%2Fmedia&parent=27151"}],"wp:term":[{"taxonomy":"category","embeddable":true,"href":"https:\/\/atecordoba.org\/index.php?rest_route=%2Fwp%2Fv2%2Fcategories&post=27151"},{"taxonomy":"post_tag","embeddable":true,"href":"https:\/\/atecordoba.org\/index.php?rest_route=%2Fwp%2Fv2%2Ftags&post=27151"}],"curies":[{"name":"wp","href":"https:\/\/api.w.org\/{rel}","templated":true}]}}