{"id":27136,"date":"2021-08-09T13:29:32","date_gmt":"2021-08-09T16:29:32","guid":{"rendered":"https:\/\/atecordoba.org\/?p=27136"},"modified":"2021-08-09T13:29:33","modified_gmt":"2021-08-09T16:29:33","slug":"ministerio-de-trabajo-la-agencia-territorial-cordoba-va-al-paro-el-11-de-agosto","status":"publish","type":"post","link":"https:\/\/atecordoba.org\/?p=27136","title":{"rendered":"Ministerio de Trabajo: la Agencia Territorial C\u00f3rdoba va al paro el 11 de agosto"},"content":{"rendered":"\n<div class=\"wp-block-image\"><figure class=\"aligncenter size-large\"><img loading=\"lazy\" decoding=\"async\" width=\"593\" height=\"286\" src=\"https:\/\/atecordoba.org\/wp-content\/uploads\/2021\/08\/zoom-trabajo-paro-11-8.jpeg\" alt=\"\" class=\"wp-image-27137\" srcset=\"https:\/\/atecordoba.org\/wp-content\/uploads\/2021\/08\/zoom-trabajo-paro-11-8.jpeg 593w, https:\/\/atecordoba.org\/wp-content\/uploads\/2021\/08\/zoom-trabajo-paro-11-8-300x145.jpeg 300w\" sizes=\"auto, (max-width: 593px) 100vw, 593px\" \/><\/figure><\/div>\n\n\n\n<p>Las y los trabajadores de la Agencia Territorial de C\u00f3rdoba del Ministerio de Trabajo de la Naci\u00f3n realizaron una asamblea virtual hoy para organizarse y participar en la jornada provincial de lucha de sectores nacionales, que convoca el Consejo Directivo Provincial en vistas de la apertura de mesa paritaria del pr\u00f3ximo 19 de agosto.<\/p>\n\n\n\n<p>La asamblea fue encabezada por el delegado Emiliano \u201cel Flaco\u201d Navarro y la delegada Mar\u00eda Elena Berger. En la oportunidad se abordaron, adem\u00e1s, temas como la fecha de elecciones las y los delegados en el sector, la vuelta a la presencialidad por \u00e1rea, junto a la participaci\u00f3n en la Jornada de lucha.<\/p>\n\n\n\n<p>Respecto al primer punto, se inform\u00f3 que ya hay fecha para las pr\u00f3ximas elecciones, que ser\u00e1 el pr\u00f3ximo 8 de septiembre de 9 a 15hs en la sede de 27 de abril 351 y cuyos candidatos son Mar\u00eda Elena Berger y Emiliano Navarro.<\/p>\n\n\n\n<p>En cuanto a la vuelta a la presencialidad, se fue tomando los pedidos de los compa\u00f1eros y las compa\u00f1eras presentes. Actualmente hay asistencia en burbujas a la sede, pero con problemas de conectividad y muchas veces se asiste sin contar con los insumos b\u00e1sicos para poder trabajar.<\/p>\n\n\n\n<p>Asimismo, para las personas que est\u00e1n realizando trabajo a distancia, hay \u00e1reas que todav\u00eda no le han asignado una PC para poder desempe\u00f1arse y que hoy est\u00e1 poniendo la propia computadora para poder trabajar teniendo que compartir dicho dispositivo con el grupo familiar.<\/p>\n\n\n\n<p>Por \u00faltimo, se invit\u00f3 al conjunto de compa\u00f1eros y compa\u00f1eras a participar de manera activa de la Radio Abierta a realizarse el pr\u00f3ximo 11 de agosto, a las 10 horas, en la Plaza Agust\u00edn Tosco en el marco a de la jornada provincial de lucha de sectores nacionales convocada por el CDP de ATE C\u00f3rdoba.<\/p>\n","protected":false},"excerpt":{"rendered":"<p>Las y los trabajadores de la Agencia Territorial de C\u00f3rdoba del Ministerio de Trabajo de la Naci\u00f3n realizaron una asamblea virtual hoy para organizarse y participar en la jornada provincial de lucha de sectores nacionales, que convoca el Consejo Directivo Provincial en vistas de la apertura de mesa paritaria del pr\u00f3ximo 19 de agosto. La [&hellip;]<\/p>\n","protected":false},"author":7,"featured_media":27138,"comment_status":"open","ping_status":"open","sticky":false,"template":"","format":"standard","meta":{"_exactmetrics_skip_tracking":false,"_exactmetrics_sitenote_active":false,"_exactmetrics_sitenote_note":"","_exactmetrics_sitenote_category":0,"jnews-multi-image_gallery":[],"jnews_single_post":{"subtitle":"La medida de fuerza est\u00e1 convocada por el CDP C\u00f3rdoba.","format":"standard","video":"","gallery":"","source_name":"","source_url":"","via_name":"","via_url":"","override":[{"single_blog_custom":"","sidebar":"","second_sidebar":"","share_position":"","share_float_style":"","post_date_format":"","post_date_format_custom":"","post_reading_time_wpm":"","zoom_button_out_step":"1","zoom_button_in_step":"1","number_popup_post":"1"}],"image_override":[{"single_post_thumbnail_size":"","single_post_gallery_size":""}],"trending_post_position":"","trending_post_label":"","sponsored_post_label":"","sponsored_post_name":"","sponsored_post_url":"","sponsored_post_logo":"","sponsored_post_desc":""},"jnews_primary_category":{"id":""},"jnews_social_meta":{"fb_title":"","fb_description":"","fb_image":"","twitter_title":"","twitter_description":"","twitter_image":""},"jnews_review":[],"enable_review":"","type":"percentage","name":"","summary":"","brand":"","sku":"","good":[{"good_text":""}],"bad":[{"bad_text":""}],"score_override":"","override_value":"","rating":[{"rating_text":"","rating_number":"10"}],"price":[{"shop":"","price":"","link":"","icon":""}],"jnews_override_counter":{"view_counter_number":"0","share_counter_number":"0","like_counter_number":"0","dislike_counter_number":"0"},"jnews_post_split":{"post_split":[{"template":"1","tag":"h2","numbering":"asc","mode":"normal","toc_type":"normal"}]},"footnotes":""},"categories":[18],"tags":[338,879],"class_list":["post-27136","post","type-post","status-publish","format-standard","has-post-thumbnail","hentry","category-nacionales","tag-ministerio-de-trabajo-de-la-nacion","tag-paro-provincial-11-de-agosto"],"jetpack_featured_media_url":"https:\/\/atecordoba.org\/wp-content\/uploads\/2021\/08\/zoom-trabajo-paro-11-8-dos-e1628526561446.jpeg","_links":{"self":[{"href":"https:\/\/atecordoba.org\/index.php?rest_route=\/wp\/v2\/posts\/27136","targetHints":{"allow":["GET"]}}],"collection":[{"href":"https:\/\/atecordoba.org\/index.php?rest_route=\/wp\/v2\/posts"}],"about":[{"href":"https:\/\/atecordoba.org\/index.php?rest_route=\/wp\/v2\/types\/post"}],"author":[{"embeddable":true,"href":"https:\/\/atecordoba.org\/index.php?rest_route=\/wp\/v2\/users\/7"}],"replies":[{"embeddable":true,"href":"https:\/\/atecordoba.org\/index.php?rest_route=%2Fwp%2Fv2%2Fcomments&post=27136"}],"version-history":[{"count":1,"href":"https:\/\/atecordoba.org\/index.php?rest_route=\/wp\/v2\/posts\/27136\/revisions"}],"predecessor-version":[{"id":27139,"href":"https:\/\/atecordoba.org\/index.php?rest_route=\/wp\/v2\/posts\/27136\/revisions\/27139"}],"wp:featuredmedia":[{"embeddable":true,"href":"https:\/\/atecordoba.org\/index.php?rest_route=\/wp\/v2\/media\/27138"}],"wp:attachment":[{"href":"https:\/\/atecordoba.org\/index.php?rest_route=%2Fwp%2Fv2%2Fmedia&parent=27136"}],"wp:term":[{"taxonomy":"category","embeddable":true,"href":"https:\/\/atecordoba.org\/index.php?rest_route=%2Fwp%2Fv2%2Fcategories&post=27136"},{"taxonomy":"post_tag","embeddable":true,"href":"https:\/\/atecordoba.org\/index.php?rest_route=%2Fwp%2Fv2%2Ftags&post=27136"}],"curies":[{"name":"wp","href":"https:\/\/api.w.org\/{rel}","templated":true}]}}