{"id":27130,"date":"2021-08-09T13:09:46","date_gmt":"2021-08-09T16:09:46","guid":{"rendered":"https:\/\/atecordoba.org\/?p=27130"},"modified":"2021-08-09T13:19:47","modified_gmt":"2021-08-09T16:19:47","slug":"anac-ate-ratifico-el-paro-nacional-de-72-horas","status":"publish","type":"post","link":"https:\/\/atecordoba.org\/?p=27130","title":{"rendered":"ANAC: ATE ratific\u00f3 el Paro Nacional de 72 horas en Aeropuertos"},"content":{"rendered":"\n<div class=\"wp-block-image\"><figure class=\"aligncenter size-large\"><img decoding=\"async\" src=\"https:\/\/atecordoba.org\/wp-content\/uploads\/2021\/08\/flyer-paro-anac.jpeg\" alt=\"\" class=\"wp-image-27131\"\/><\/figure><\/div>\n\n\n\n<p>A ra\u00edz de la movilizaci\u00f3n del d\u00eda martes 3 la Coordinaci\u00f3n de ANAC tuvo una serie de reuniones con funcionarios y funcionarias de la ANAC sin arribar a ning\u00fan acuerdo. &#8220;Mantienen su falta de vocaci\u00f3n de abordar y resolver problemas estructurales que nuestro organismo tiene&#8221;, se\u00f1alaron desde la Coordinaci\u00f3n. <\/p>\n\n\n\n<p>&#8220;El convenio colectivo de trabajo sectorial y el estado de infraestructura no tienen una din\u00e1mica de resoluci\u00f3n acorde a lo que lxs trabajadorxs necesitan.<br>La dram\u00e1tica problem\u00e1tica de la precarizaci\u00f3n en el organismo, ve dilatada su resoluci\u00f3n por la actual administraci\u00f3n sin dar soluciones salariales ni de fondo.<br>Actualmente las propuestas que nos realizan son totalmente insuficientes, inciertas y alejadas en el tiempo&#8221;, detalla el comunicado de las y los compa\u00f1eros de ATE Anac.<\/p>\n\n\n\n<p>&#8220;Las \u00e1reas operativas de nuestra ANAC son v\u00edctimas del vaciamiento e intento de privatizaci\u00f3n del macrismo pero luego de 18 meses nada ha cambiado en esa situaci\u00f3n. Equipos y elementos de trabajo fuera de servicio, lugares de trabajo fuera de norma y falta de personal son cuestiones estructurales que no se abordan y que de hecho funcionarios residuales del macrismo ocultan exponiendo a compa\u00f1erxs y jefxs de aeropuerto a trabajar en condiciones precarias que ponen en riesgo su salud y la seguridad operacional. Actualmente transitamos un atraso en el pago de los reencasillamientos largamente acordados y dialogados&#8221;, afirmaron.<\/p>\n\n\n\n<p>&#8220;Desde ATE ha sido manifiesta y plena la vocaci\u00f3n de dialogo pero no podemos salir de un conflicto de estas caracter\u00edsticas sin soluciones de fondo que permitan avanzar y resolver la crisis estructural de la ANAC&#8221;, expresaron.<\/p>\n\n\n\n<p>Y concluyeron: &#8220;por lo expuesto ratificamos el #ParoNacional de 72 horas para los d\u00edas 10 11 y 12 de agosto&#8221;.<\/p>\n","protected":false},"excerpt":{"rendered":"<p>A ra\u00edz de la movilizaci\u00f3n del d\u00eda martes 3 la Coordinaci\u00f3n de ANAC tuvo una serie de reuniones con funcionarios y funcionarias de la ANAC sin arribar a ning\u00fan acuerdo. &#8220;Mantienen su falta de vocaci\u00f3n de abordar y resolver problemas estructurales que nuestro organismo tiene&#8221;, se\u00f1alaron desde la Coordinaci\u00f3n. &#8220;El convenio colectivo de trabajo sectorial [&hellip;]<\/p>\n","protected":false},"author":7,"featured_media":27131,"comment_status":"open","ping_status":"open","sticky":false,"template":"","format":"standard","meta":{"_exactmetrics_skip_tracking":false,"_exactmetrics_sitenote_active":false,"_exactmetrics_sitenote_note":"","_exactmetrics_sitenote_category":0,"jnews-multi-image_gallery":[],"jnews_single_post":{"subtitle":"A ra\u00edz de la movilizaci\u00f3n del d\u00eda martes 3 la Coordinaci\u00f3n de ANAC tuvo una serie de reuniones con funcionarios y funcionarias de la ANAC sin arribar a ning\u00fan acuerdo. \u201cMantienen su falta de vocaci\u00f3n de abordar y resolver problemas estructurales que nuestro organismo tiene\u201d, se\u00f1alaron desde la Coordinaci\u00f3n.","format":"standard","video":"","gallery":"","source_name":"","source_url":"","via_name":"","via_url":"","override":[{"single_blog_custom":"","sidebar":"","second_sidebar":"","share_position":"","share_float_style":"","post_date_format":"","post_date_format_custom":"","post_reading_time_wpm":"","zoom_button_out_step":"1","zoom_button_in_step":"1","number_popup_post":"1"}],"image_override":[{"single_post_thumbnail_size":"","single_post_gallery_size":""}],"trending_post_position":"","trending_post_label":"","sponsored_post_label":"","sponsored_post_name":"","sponsored_post_url":"","sponsored_post_logo":"","sponsored_post_desc":""},"jnews_primary_category":{"id":""},"jnews_social_meta":{"fb_title":"","fb_description":"","fb_image":"","twitter_title":"","twitter_description":"","twitter_image":""},"jnews_review":[],"enable_review":"","type":"percentage","name":"","summary":"","brand":"","sku":"","good":[{"good_text":""}],"bad":[{"bad_text":""}],"score_override":"","override_value":"","rating":[{"rating_text":"","rating_number":"10"}],"price":[{"shop":"","price":"","link":"","icon":""}],"jnews_override_counter":{"view_counter_number":"0","share_counter_number":"0","like_counter_number":"0","dislike_counter_number":"0"},"jnews_post_split":{"post_split":[{"template":"1","tag":"h2","numbering":"asc","mode":"normal","toc_type":"normal"}]},"footnotes":""},"categories":[18],"tags":[33],"class_list":["post-27130","post","type-post","status-publish","format-standard","has-post-thumbnail","hentry","category-nacionales","tag-anac"],"jetpack_featured_media_url":"https:\/\/atecordoba.org\/wp-content\/uploads\/2021\/08\/flyer-paro-anac-e1628525377735.jpeg","_links":{"self":[{"href":"https:\/\/atecordoba.org\/index.php?rest_route=\/wp\/v2\/posts\/27130","targetHints":{"allow":["GET"]}}],"collection":[{"href":"https:\/\/atecordoba.org\/index.php?rest_route=\/wp\/v2\/posts"}],"about":[{"href":"https:\/\/atecordoba.org\/index.php?rest_route=\/wp\/v2\/types\/post"}],"author":[{"embeddable":true,"href":"https:\/\/atecordoba.org\/index.php?rest_route=\/wp\/v2\/users\/7"}],"replies":[{"embeddable":true,"href":"https:\/\/atecordoba.org\/index.php?rest_route=%2Fwp%2Fv2%2Fcomments&post=27130"}],"version-history":[{"count":4,"href":"https:\/\/atecordoba.org\/index.php?rest_route=\/wp\/v2\/posts\/27130\/revisions"}],"predecessor-version":[{"id":27135,"href":"https:\/\/atecordoba.org\/index.php?rest_route=\/wp\/v2\/posts\/27130\/revisions\/27135"}],"wp:featuredmedia":[{"embeddable":true,"href":"https:\/\/atecordoba.org\/index.php?rest_route=\/wp\/v2\/media\/27131"}],"wp:attachment":[{"href":"https:\/\/atecordoba.org\/index.php?rest_route=%2Fwp%2Fv2%2Fmedia&parent=27130"}],"wp:term":[{"taxonomy":"category","embeddable":true,"href":"https:\/\/atecordoba.org\/index.php?rest_route=%2Fwp%2Fv2%2Fcategories&post=27130"},{"taxonomy":"post_tag","embeddable":true,"href":"https:\/\/atecordoba.org\/index.php?rest_route=%2Fwp%2Fv2%2Ftags&post=27130"}],"curies":[{"name":"wp","href":"https:\/\/api.w.org\/{rel}","templated":true}]}}