{"id":27127,"date":"2021-08-09T11:47:21","date_gmt":"2021-08-09T14:47:21","guid":{"rendered":"https:\/\/atecordoba.org\/?p=27127"},"modified":"2021-08-09T11:47:21","modified_gmt":"2021-08-09T14:47:21","slug":"alejandro-roca-ate-rompe-el-techo-salarial-y-acuerda-un-aumento-del-45-para-el-2021","status":"publish","type":"post","link":"https:\/\/atecordoba.org\/?p=27127","title":{"rendered":"Alejandro Roca: ATE rompe el techo salarial y acuerda un aumento del 45% para el 2021"},"content":{"rendered":"\n<div class=\"wp-block-image\"><figure class=\"aligncenter size-large\"><img loading=\"lazy\" decoding=\"async\" width=\"750\" height=\"411\" src=\"https:\/\/atecordoba.org\/wp-content\/uploads\/2021\/08\/alejandro-roca.jpg\" alt=\"\" class=\"wp-image-27128\" srcset=\"https:\/\/atecordoba.org\/wp-content\/uploads\/2021\/08\/alejandro-roca.jpg 750w, https:\/\/atecordoba.org\/wp-content\/uploads\/2021\/08\/alejandro-roca-300x164.jpg 300w\" sizes=\"auto, (max-width: 750px) 100vw, 750px\" \/><\/figure><\/div>\n\n\n\n<p>ATE Seccional R\u00edo Cuarto acord\u00f3 un aumento salarial del 25% en la Municipalidad de Alejandro Roca. Esta cifra se suma al 20% de la primera etapa de negociaci\u00f3n por lo que conforma un total del 45% de recomposici\u00f3n salarial para las y los municipales de la localidad. <\/p>\n\n\n\n<p>El acuerdo se alcanz\u00f3 tras una reuni\u00f3n el pasado 22 de julio entre el delegado sectorial de ATE, Ariel Paez, y la intendenta local Ariana Viola.  <\/p>\n\n\n\n<p>Las partes establecieron el pago del 25% en tres cuotas y el incremento se aplica a los \u00edtems de refrigerio, presentismo y puntualidad.<\/p>\n","protected":false},"excerpt":{"rendered":"<p>ATE Seccional R\u00edo Cuarto acord\u00f3 un aumento salarial del 25% en la Municipalidad de Alejandro Roca. Esta cifra se suma al 20% de la primera etapa de negociaci\u00f3n por lo que conforma un total del 45% de recomposici\u00f3n salarial para las y los municipales de la localidad. El acuerdo se alcanz\u00f3 tras una reuni\u00f3n el [&hellip;]<\/p>\n","protected":false},"author":7,"featured_media":27128,"comment_status":"open","ping_status":"open","sticky":false,"template":"","format":"standard","meta":{"_exactmetrics_skip_tracking":false,"_exactmetrics_sitenote_active":false,"_exactmetrics_sitenote_note":"","_exactmetrics_sitenote_category":0,"jnews-multi-image_gallery":[],"jnews_single_post":{"subtitle":"Los municipales avanzan en acuerdos de haberes para emparejar la inflaci\u00f3n. ","format":"standard","video":"","gallery":"","source_name":"","source_url":"","via_name":"","via_url":"","override":[{"single_blog_custom":"","sidebar":"","second_sidebar":"","share_position":"","share_float_style":"","post_date_format":"","post_date_format_custom":"","post_reading_time_wpm":"","zoom_button_out_step":"1","zoom_button_in_step":"1","number_popup_post":"1"}],"image_override":[{"single_post_thumbnail_size":"","single_post_gallery_size":""}],"trending_post_position":"","trending_post_label":"","sponsored_post_label":"","sponsored_post_name":"","sponsored_post_url":"","sponsored_post_logo":"","sponsored_post_desc":""},"jnews_primary_category":{"id":""},"jnews_social_meta":{"fb_title":"","fb_description":"","fb_image":"","twitter_title":"","twitter_description":"","twitter_image":""},"jnews_review":[],"enable_review":"","type":"percentage","name":"","summary":"","brand":"","sku":"","good":[{"good_text":""}],"bad":[{"bad_text":""}],"score_override":"","override_value":"","rating":[{"rating_text":"","rating_number":"10"}],"price":[{"shop":"","price":"","link":"","icon":""}],"jnews_override_counter":{"view_counter_number":"0","share_counter_number":"0","like_counter_number":"0","dislike_counter_number":"0"},"jnews_post_split":{"post_split":[{"template":"1","tag":"h2","numbering":"asc","mode":"normal","toc_type":"normal"}]},"footnotes":""},"categories":[20],"tags":[665],"class_list":["post-27127","post","type-post","status-publish","format-standard","has-post-thumbnail","hentry","category-municipales","tag-alejandro-roca"],"jetpack_featured_media_url":"https:\/\/atecordoba.org\/wp-content\/uploads\/2021\/08\/alejandro-roca.jpg","_links":{"self":[{"href":"https:\/\/atecordoba.org\/index.php?rest_route=\/wp\/v2\/posts\/27127","targetHints":{"allow":["GET"]}}],"collection":[{"href":"https:\/\/atecordoba.org\/index.php?rest_route=\/wp\/v2\/posts"}],"about":[{"href":"https:\/\/atecordoba.org\/index.php?rest_route=\/wp\/v2\/types\/post"}],"author":[{"embeddable":true,"href":"https:\/\/atecordoba.org\/index.php?rest_route=\/wp\/v2\/users\/7"}],"replies":[{"embeddable":true,"href":"https:\/\/atecordoba.org\/index.php?rest_route=%2Fwp%2Fv2%2Fcomments&post=27127"}],"version-history":[{"count":1,"href":"https:\/\/atecordoba.org\/index.php?rest_route=\/wp\/v2\/posts\/27127\/revisions"}],"predecessor-version":[{"id":27129,"href":"https:\/\/atecordoba.org\/index.php?rest_route=\/wp\/v2\/posts\/27127\/revisions\/27129"}],"wp:featuredmedia":[{"embeddable":true,"href":"https:\/\/atecordoba.org\/index.php?rest_route=\/wp\/v2\/media\/27128"}],"wp:attachment":[{"href":"https:\/\/atecordoba.org\/index.php?rest_route=%2Fwp%2Fv2%2Fmedia&parent=27127"}],"wp:term":[{"taxonomy":"category","embeddable":true,"href":"https:\/\/atecordoba.org\/index.php?rest_route=%2Fwp%2Fv2%2Fcategories&post=27127"},{"taxonomy":"post_tag","embeddable":true,"href":"https:\/\/atecordoba.org\/index.php?rest_route=%2Fwp%2Fv2%2Ftags&post=27127"}],"curies":[{"name":"wp","href":"https:\/\/api.w.org\/{rel}","templated":true}]}}