{"id":27117,"date":"2021-08-06T09:53:31","date_gmt":"2021-08-06T12:53:31","guid":{"rendered":"https:\/\/atecordoba.org\/?p=27117"},"modified":"2021-08-06T13:51:33","modified_gmt":"2021-08-06T16:51:33","slug":"ministerio-de-trabajo-asamblea-en-la-delegacion-de-rio-cuarto","status":"publish","type":"post","link":"https:\/\/atecordoba.org\/?p=27117","title":{"rendered":"Ministerio de Trabajo: asamblea en la delegaci\u00f3n R\u00edo Cuarto"},"content":{"rendered":"\n<div class=\"wp-block-image\"><figure class=\"aligncenter size-large is-resized\"><img loading=\"lazy\" decoding=\"async\" src=\"https:\/\/atecordoba.org\/wp-content\/uploads\/2021\/08\/trabajo_aterio4_asambleazoom.jpg\" alt=\"\" class=\"wp-image-27118\" width=\"866\" height=\"404\" srcset=\"https:\/\/atecordoba.org\/wp-content\/uploads\/2021\/08\/trabajo_aterio4_asambleazoom.jpg 594w, https:\/\/atecordoba.org\/wp-content\/uploads\/2021\/08\/trabajo_aterio4_asambleazoom-300x140.jpg 300w\" sizes=\"auto, (max-width: 866px) 100vw, 866px\" \/><\/figure><\/div>\n\n\n\n<p>Las y los trabajadores afiliados en ATE de la Agencia Territorial (AT) R\u00edo Cuarto del Ministerio de Trabajo, Empleo y Seguridad Social de la Naci\u00f3n (MTEySS) realizaron una asamblea virtual el pasado mi\u00e9rcoles a las 14hs&nbsp;para organizarse gremialmente el sector, dado que ATE es el sindicato mayoritario.<\/p>\n\n\n\n<p>La apertura estuvo a cargo de la delegada Eva Velasco, que destac\u00f3 el esp\u00edritu de di\u00e1logo y construcci\u00f3n colectiva que se vive dentro de nuestra organizaci\u00f3n y remarc\u00f3 que en ATE se da prioridad a cada afilado y afiliada. \u201cLa informaci\u00f3n sobre los logros en derechos que se conquistan y las deudas que faltan en cada negociaci\u00f3n colectiva llega r\u00e1pidamente, y es p\u00fablica para todos y todas\u201d, dijo Velasco.<\/p>\n\n\n\n<p>Fue muy buena la participaci\u00f3n de cada uno de los presentes, manifestando su realidad y preocupaciones. Entre los puntos principales de reclamo est\u00e1 la falta de estabilidad laboral en el sector y la necesidad de que en los pr\u00f3ximos concursos se garanticen vacantes para la Agencia Territorial R\u00edo Cuarto.<\/p>\n\n\n\n<p>En la oportunidad, fueron invitados a dejar su saludo el secretario General del Consejo Directivo Provincial (CDP) de C\u00f3rdoba y la ex delegada de la AT C\u00f3rdoba y secretaria de Actas, Mar\u00eda Sotti.<\/p>\n\n\n\n<p>Ambos destacaron la importancia de haber sumado a este sector de trabajo a nuestra ATE y que elijan el sindicato como su trinchera de militancia en la defensa de los derechos como trabajadores.<\/p>\n\n\n\n<p>Tambi\u00e9n les invitaron a participar de manera activa en la jornada provincial de lucha de sectores nacionales a realizarse el pr\u00f3ximo 11 de agosto, en virtud de la nueva apertura de negociaci\u00f3n paritaria convocada por el Gobierno Nacional y que hace eco al reclamo que se viene haciendo desde ATE C\u00f3rdoba junto a otros CDP y el Espacio Interjuntas Internas de CABA. El 35% fijado en junio es insuficiente y ning\u00fan trabajador debe tener un salario por debajo de la l\u00ednea de pobreza.<\/p>\n","protected":false},"excerpt":{"rendered":"<p>Las y los trabajadores afiliados en ATE de la Agencia Territorial (AT) R\u00edo Cuarto del Ministerio de Trabajo, Empleo y Seguridad Social de la Naci\u00f3n (MTEySS) realizaron una asamblea virtual el pasado mi\u00e9rcoles a las 14hs&nbsp;para organizarse gremialmente el sector, dado que ATE es el sindicato mayoritario. La apertura estuvo a cargo de la delegada [&hellip;]<\/p>\n","protected":false},"author":7,"featured_media":27118,"comment_status":"open","ping_status":"open","sticky":false,"template":"","format":"standard","meta":{"_exactmetrics_skip_tracking":false,"_exactmetrics_sitenote_active":false,"_exactmetrics_sitenote_note":"","_exactmetrics_sitenote_category":0,"jnews-multi-image_gallery":[],"jnews_single_post":{"subtitle":"","format":"standard","video":"","gallery":"","source_name":"","source_url":"","via_name":"","via_url":"","override":[{"single_blog_custom":"","sidebar":"","second_sidebar":"","share_position":"","share_float_style":"","post_date_format":"","post_date_format_custom":"","post_reading_time_wpm":"","zoom_button_out_step":"1","zoom_button_in_step":"1","number_popup_post":"1"}],"image_override":[{"single_post_thumbnail_size":"","single_post_gallery_size":""}],"trending_post_position":"","trending_post_label":"","sponsored_post_label":"","sponsored_post_name":"","sponsored_post_url":"","sponsored_post_logo":"","sponsored_post_desc":""},"jnews_primary_category":{"id":""},"jnews_social_meta":{"fb_title":"Otro sector de trabajadores y trabajadoras nacionales que se suma a ATE C\u00f3rdoba.","fb_description":"","fb_image":"","twitter_title":"","twitter_description":"","twitter_image":""},"jnews_review":[],"enable_review":"","type":"percentage","name":"","summary":"","brand":"","sku":"","good":[{"good_text":""}],"bad":[{"bad_text":""}],"score_override":"","override_value":"","rating":[{"rating_text":"","rating_number":"10"}],"price":[{"shop":"","price":"","link":"","icon":""}],"jnews_override_counter":{"view_counter_number":"0","share_counter_number":"0","like_counter_number":"0","dislike_counter_number":"0"},"jnews_post_split":{"post_split":[{"template":"1","tag":"h2","numbering":"asc","mode":"normal","toc_type":"normal"}]},"footnotes":""},"categories":[18],"tags":[877,338],"class_list":["post-27117","post","type-post","status-publish","format-standard","has-post-thumbnail","hentry","category-nacionales","tag-agencia-territorial-rio-cuarto","tag-ministerio-de-trabajo-de-la-nacion"],"jetpack_featured_media_url":"https:\/\/atecordoba.org\/wp-content\/uploads\/2021\/08\/trabajo_aterio4_asambleazoom.jpg","_links":{"self":[{"href":"https:\/\/atecordoba.org\/index.php?rest_route=\/wp\/v2\/posts\/27117","targetHints":{"allow":["GET"]}}],"collection":[{"href":"https:\/\/atecordoba.org\/index.php?rest_route=\/wp\/v2\/posts"}],"about":[{"href":"https:\/\/atecordoba.org\/index.php?rest_route=\/wp\/v2\/types\/post"}],"author":[{"embeddable":true,"href":"https:\/\/atecordoba.org\/index.php?rest_route=\/wp\/v2\/users\/7"}],"replies":[{"embeddable":true,"href":"https:\/\/atecordoba.org\/index.php?rest_route=%2Fwp%2Fv2%2Fcomments&post=27117"}],"version-history":[{"count":2,"href":"https:\/\/atecordoba.org\/index.php?rest_route=\/wp\/v2\/posts\/27117\/revisions"}],"predecessor-version":[{"id":27126,"href":"https:\/\/atecordoba.org\/index.php?rest_route=\/wp\/v2\/posts\/27117\/revisions\/27126"}],"wp:featuredmedia":[{"embeddable":true,"href":"https:\/\/atecordoba.org\/index.php?rest_route=\/wp\/v2\/media\/27118"}],"wp:attachment":[{"href":"https:\/\/atecordoba.org\/index.php?rest_route=%2Fwp%2Fv2%2Fmedia&parent=27117"}],"wp:term":[{"taxonomy":"category","embeddable":true,"href":"https:\/\/atecordoba.org\/index.php?rest_route=%2Fwp%2Fv2%2Fcategories&post=27117"},{"taxonomy":"post_tag","embeddable":true,"href":"https:\/\/atecordoba.org\/index.php?rest_route=%2Fwp%2Fv2%2Ftags&post=27117"}],"curies":[{"name":"wp","href":"https:\/\/api.w.org\/{rel}","templated":true}]}}