{"id":2710,"date":"2013-05-16T17:56:55","date_gmt":"2013-05-16T20:56:55","guid":{"rendered":"http:\/\/www.atecordoba.org\/?p=2710"},"modified":"2013-05-16T17:56:55","modified_gmt":"2013-05-16T20:56:55","slug":"nuevo-movilizacion-repudio-en-jefa-de-pami-en-rio-ceballos","status":"publish","type":"post","link":"https:\/\/atecordoba.org\/?p=2710","title":{"rendered":"Nuevo movilizaci\u00f3n repudi\u00f3 en jefa de PAMI en R\u00edo Ceballos"},"content":{"rendered":"<p><em>ATE llev\u00f3 a cabo la medida ante la falta de respuestas de las autoridades del organismo, por el reclamo de trabajadores y jubilados sobre el maltrato permanente que se vive en la delegaci\u00f3n local del PAMI. Claudia Pallotto contin\u00faa impune.<\/em><\/p>\n<p>&nbsp;<\/p>\n<p><a href=\"http:\/\/www.atecordoba.org\/wp-content\/uploads\/2013\/05\/foto1.jpg\"><img loading=\"lazy\" decoding=\"async\" class=\"aligncenter size-full wp-image-2711\" title=\"foto1\" src=\"http:\/\/www.atecordoba.org\/wp-content\/uploads\/2013\/05\/foto1.jpg\" alt=\"\" width=\"700\" height=\"525\" \/><\/a>Una ruidosa movilizaci\u00f3n de trabajadores de PAMI y jubilados recorri\u00f3 hoy el centro de la ciudad de R\u00edo Ceballos, en reclamo de respuestas ante la impunidad que goza la jefa de la delegaci\u00f3n local, Claudia Palloto, habituada a maltratar empleados y afiliados del organismo.<\/p>\n<p>La funcionada es objeto de denuncias p\u00fablicas de suma gravedad, desde hace a\u00f1os, pero cuenta con el respaldo impl\u00edcito de las autoridades de la obra social de los jubilados, reflejado en su permanencia en el cargo a pesar del rechazo de trabajadores y jubilados. Esto maltratos se traducen en violencia verbal, amenazas e intimidaciones.<\/p>\n<p>En ese marco, ATE viene desarrollando un plan de lucha en conjunto con un grupo de jubilados afectados por la situaci\u00f3n. Los trabajadores del sector llevaron a cabo el paro resuelto en asamblea, contando con el apoyo de buena parte de la comunidad, que particip\u00f3 de la marcha.<\/p>\n<p>La volanteada fue bien recibida en las calles de R\u00edo Ceballos, con adhesiones y muestras de solidaridad. No es aceptable que ning\u00fan funcionario, por m\u00e1s apoyo pol\u00edtico que cuente, se maneje con tal grado de desprecio a trabajadores y beneficiarios, por lo que ATE insta a las autoridades a que tome cartas en el asunto y que la delegaci\u00f3n retome su actividad normal.<\/p>\n\n","protected":false},"excerpt":{"rendered":"<p>ATE llev\u00f3 a cabo la medida ante la falta de respuestas de las autoridades del organismo, por el reclamo de trabajadores y jubilados sobre el maltrato permanente que se vive en la delegaci\u00f3n local del PAMI. Claudia Pallotto contin\u00faa impune. &nbsp; Una ruidosa movilizaci\u00f3n de trabajadores de PAMI y jubilados recorri\u00f3 hoy el centro de [&hellip;]<\/p>\n","protected":false},"author":1,"featured_media":19220,"comment_status":"open","ping_status":"open","sticky":false,"template":"","format":"standard","meta":{"_exactmetrics_skip_tracking":false,"_exactmetrics_sitenote_active":false,"_exactmetrics_sitenote_note":"","_exactmetrics_sitenote_category":0,"jnews-multi-image_gallery":[],"jnews_single_post":[],"jnews_primary_category":[],"jnews_social_meta":[],"jnews_review":[],"enable_review":"","type":"","name":"","summary":"","brand":"","sku":"","good":[],"bad":[],"score_override":"","override_value":"","rating":[],"price":[],"jnews_override_counter":[],"jnews_post_split":[],"footnotes":""},"categories":[18],"tags":[],"class_list":["post-2710","post","type-post","status-publish","format-standard","has-post-thumbnail","hentry","category-nacionales"],"jetpack_featured_media_url":"https:\/\/atecordoba.org\/wp-content\/uploads\/2020\/05\/logo-nuevochico-e1561581322808.png","_links":{"self":[{"href":"https:\/\/atecordoba.org\/index.php?rest_route=\/wp\/v2\/posts\/2710","targetHints":{"allow":["GET"]}}],"collection":[{"href":"https:\/\/atecordoba.org\/index.php?rest_route=\/wp\/v2\/posts"}],"about":[{"href":"https:\/\/atecordoba.org\/index.php?rest_route=\/wp\/v2\/types\/post"}],"author":[{"embeddable":true,"href":"https:\/\/atecordoba.org\/index.php?rest_route=\/wp\/v2\/users\/1"}],"replies":[{"embeddable":true,"href":"https:\/\/atecordoba.org\/index.php?rest_route=%2Fwp%2Fv2%2Fcomments&post=2710"}],"version-history":[{"count":0,"href":"https:\/\/atecordoba.org\/index.php?rest_route=\/wp\/v2\/posts\/2710\/revisions"}],"wp:featuredmedia":[{"embeddable":true,"href":"https:\/\/atecordoba.org\/index.php?rest_route=\/wp\/v2\/media\/19220"}],"wp:attachment":[{"href":"https:\/\/atecordoba.org\/index.php?rest_route=%2Fwp%2Fv2%2Fmedia&parent=2710"}],"wp:term":[{"taxonomy":"category","embeddable":true,"href":"https:\/\/atecordoba.org\/index.php?rest_route=%2Fwp%2Fv2%2Fcategories&post=2710"},{"taxonomy":"post_tag","embeddable":true,"href":"https:\/\/atecordoba.org\/index.php?rest_route=%2Fwp%2Fv2%2Ftags&post=2710"}],"curies":[{"name":"wp","href":"https:\/\/api.w.org\/{rel}","templated":true}]}}