{"id":2707,"date":"2013-05-16T16:22:13","date_gmt":"2013-05-16T19:22:13","guid":{"rendered":"http:\/\/www.atecordoba.org\/?p=2707"},"modified":"2013-05-16T16:22:13","modified_gmt":"2013-05-16T19:22:13","slug":"manana-vamos-todos-al-paro","status":"publish","type":"post","link":"https:\/\/atecordoba.org\/?p=2707","title":{"rendered":"Ma\u00f1ana vamos todos al paro"},"content":{"rendered":"<p><em>El Concejo Directivo Provincial de la Asociaci\u00f3n Trabajadores del Estado convoca al paro nacional de actividades ma\u00f1ana 17 de mayo, tal como lo resolvi\u00f3 el plenario general de delegados de nuestra organizaci\u00f3n.<\/em><\/p>\n<p><a href=\"http:\/\/www.atecordoba.org\/wp-content\/uploads\/2013\/05\/foto-web.jpg\"><img loading=\"lazy\" decoding=\"async\" class=\"aligncenter\" title=\"foto web\" src=\"http:\/\/www.atecordoba.org\/wp-content\/uploads\/2013\/05\/foto-web.jpg\" alt=\"\" width=\"648\" height=\"486\" \/><\/a><\/p>\n<p>La medida de fuerza se llevar\u00e1 a cabo con la modalidad de abandono de tareas a partir de las 9 horas, con concentraci\u00f3n a las 10 horas en la esquina de Avellaneda y Humberto Primo (frente a Anses), con posterior movilizaci\u00f3n al Ministerio de Trabajo de la Naci\u00f3n.<\/p>\n<p>El paro se realizar\u00e1 en concordancia con la Coordinaci\u00f3n Nacional de Gremios Estatales que integran organizaciones sindicales de la Central de Trabajadores Argentinos (CTA) y la Confederaci\u00f3n General del Trabajo (CGT). Motiva la medida:<\/p>\n<p>1. Apertura de paritarias ya, sin techo y sin condicionamientos.<\/p>\n<p>2. Respeto a la representaci\u00f3n paritaria plural.<\/p>\n<p>3. Salarios justos.<\/p>\n<p>4. Condiciones de trabajo dignas.<\/p>\n<p>5. Derecho a la carrera profesional.<\/p>\n<p>6. Apertura inmediata de las negociaciones paritarias sectoriales.<\/p>\n<p>7. Estabilidad en el empleo p\u00fablico. Eliminaci\u00f3n del trabajo precarizado.<\/p>\n<p>8. Aplicaci\u00f3n irrestricta del salario m\u00ednimo vital y m\u00f3vil para todos los trabajadores de los estados nacional, provinciales y municipales.<\/p>\n<p>9. Eliminaci\u00f3n de los impuestos al trabajo.<\/p>\n<p>10. Actualizaci\u00f3n y universalizaci\u00f3n de las asignaciones familiares, sin topes ni discriminaciones.<\/p>\n<p>11. Vigencia plena de la libertad sindical.<\/p>\n<p>12. Convenio colectivo de trabajo para los estados nacional, provinciales y municipales.<\/p>\n<p>13. No criminalizaci\u00f3n de la actividad sindical. Repudio a la represi\u00f3n de los trabajadores, como fue el caso de los compa\u00f1eros chaque\u00f1os durante los \u00faltimos d\u00edas.<\/p>\n<p>14. Por el 82 % m\u00f3vil para todos los trabajadores jubilados estatales. Esta agenda m\u00ednima, pero no concluyente, necesaria pero no suficiente, es nuestra invitaci\u00f3n a la acci\u00f3n.<\/p>\n<p>&nbsp;<\/p>\n<p>Mar\u00eda Teresa Romero<\/p>\n<p>Secretaria General<\/p>\n<p>ATE<\/p>\n","protected":false},"excerpt":{"rendered":"<p>El Concejo Directivo Provincial de la Asociaci\u00f3n Trabajadores del Estado convoca al paro nacional de actividades ma\u00f1ana 17 de mayo, tal como lo resolvi\u00f3 el plenario general de delegados de nuestra organizaci\u00f3n. La medida de fuerza se llevar\u00e1 a cabo con la modalidad de abandono de tareas a partir de las 9 horas, con concentraci\u00f3n [&hellip;]<\/p>\n","protected":false},"author":1,"featured_media":19220,"comment_status":"open","ping_status":"open","sticky":false,"template":"","format":"standard","meta":{"_exactmetrics_skip_tracking":false,"_exactmetrics_sitenote_active":false,"_exactmetrics_sitenote_note":"","_exactmetrics_sitenote_category":0,"jnews-multi-image_gallery":[],"jnews_single_post":[],"jnews_primary_category":[],"jnews_social_meta":[],"jnews_review":[],"enable_review":"","type":"","name":"","summary":"","brand":"","sku":"","good":[],"bad":[],"score_override":"","override_value":"","rating":[],"price":[],"jnews_override_counter":[],"jnews_post_split":[],"footnotes":""},"categories":[18],"tags":[],"class_list":["post-2707","post","type-post","status-publish","format-standard","has-post-thumbnail","hentry","category-nacionales"],"jetpack_featured_media_url":"https:\/\/atecordoba.org\/wp-content\/uploads\/2020\/05\/logo-nuevochico-e1561581322808.png","_links":{"self":[{"href":"https:\/\/atecordoba.org\/index.php?rest_route=\/wp\/v2\/posts\/2707","targetHints":{"allow":["GET"]}}],"collection":[{"href":"https:\/\/atecordoba.org\/index.php?rest_route=\/wp\/v2\/posts"}],"about":[{"href":"https:\/\/atecordoba.org\/index.php?rest_route=\/wp\/v2\/types\/post"}],"author":[{"embeddable":true,"href":"https:\/\/atecordoba.org\/index.php?rest_route=\/wp\/v2\/users\/1"}],"replies":[{"embeddable":true,"href":"https:\/\/atecordoba.org\/index.php?rest_route=%2Fwp%2Fv2%2Fcomments&post=2707"}],"version-history":[{"count":0,"href":"https:\/\/atecordoba.org\/index.php?rest_route=\/wp\/v2\/posts\/2707\/revisions"}],"wp:featuredmedia":[{"embeddable":true,"href":"https:\/\/atecordoba.org\/index.php?rest_route=\/wp\/v2\/media\/19220"}],"wp:attachment":[{"href":"https:\/\/atecordoba.org\/index.php?rest_route=%2Fwp%2Fv2%2Fmedia&parent=2707"}],"wp:term":[{"taxonomy":"category","embeddable":true,"href":"https:\/\/atecordoba.org\/index.php?rest_route=%2Fwp%2Fv2%2Fcategories&post=2707"},{"taxonomy":"post_tag","embeddable":true,"href":"https:\/\/atecordoba.org\/index.php?rest_route=%2Fwp%2Fv2%2Ftags&post=2707"}],"curies":[{"name":"wp","href":"https:\/\/api.w.org\/{rel}","templated":true}]}}