{"id":27043,"date":"2021-08-05T14:56:36","date_gmt":"2021-08-05T17:56:36","guid":{"rendered":"https:\/\/atecordoba.org\/?p=27043"},"modified":"2021-08-05T15:21:37","modified_gmt":"2021-08-05T18:21:37","slug":"contundente-paro-de-la-salud-con-movilizaciones-en-toda-la-provincia","status":"publish","type":"post","link":"https:\/\/atecordoba.org\/?p=27043","title":{"rendered":"Contundente paro de la salud con movilizaciones en toda la provincia"},"content":{"rendered":"\n<div class=\"wp-block-image\"><figure class=\"aligncenter size-large is-resized\"><img loading=\"lazy\" decoding=\"async\" src=\"https:\/\/atecordoba.org\/wp-content\/uploads\/2021\/08\/IMG-20210805-WA0093-1024x576.jpg\" alt=\"\" class=\"wp-image-27044\" width=\"788\" height=\"443\"\/><\/figure><\/div>\n\n\n\n<p>Hoy se cumpli\u00f3 el paro provincial convocado por la Multisectorial de la Salud. La medida de fuerza tuvo un alto acatamiento y las movilizaciones se multiplicaron por las principales ciudades cabeceras de C\u00f3rdoba, desarroll\u00e1ndose una importante concentraci\u00f3n en C\u00f3rdoba Capital, en la esquina de Col\u00f3n y General Paz. <\/p>\n\n\n\n<p>Pero R\u00edo Cuarto, Villa Mar\u00eda, Villa Dolores, San Francisco, R\u00edo Tercero tuvieron sus propias expresiones de la protesta en reclamo por una recomposici\u00f3n del 45% en los salarios y la convocatoria a una paritaria espec\u00edfica de salud donde est\u00e9n representados todos los sectores con legitimidad del sector, y no solo el acuerdo a la baja del gobernador Juan Schiaretti con el SEP, que que el secretario General de ATE C\u00f3rdoba Federico Giuliani defini\u00f3 como una verdadera &#8220;franquicia gremial comprada&#8221; por el gobierno de C\u00f3rdoba.<\/p>\n\n\n\n<div class=\"wp-block-image\"><figure class=\"alignright size-large is-resized\"><img loading=\"lazy\" decoding=\"async\" src=\"https:\/\/atecordoba.org\/wp-content\/uploads\/2021\/08\/IMG-20210805-WA0125-1024x655.jpg\" alt=\"\" class=\"wp-image-27045\" width=\"613\" height=\"392\" srcset=\"https:\/\/atecordoba.org\/wp-content\/uploads\/2021\/08\/IMG-20210805-WA0125-1024x655.jpg 1024w, https:\/\/atecordoba.org\/wp-content\/uploads\/2021\/08\/IMG-20210805-WA0125-300x192.jpg 300w, https:\/\/atecordoba.org\/wp-content\/uploads\/2021\/08\/IMG-20210805-WA0125-768x491.jpg 768w, https:\/\/atecordoba.org\/wp-content\/uploads\/2021\/08\/IMG-20210805-WA0125-750x480.jpg 750w, https:\/\/atecordoba.org\/wp-content\/uploads\/2021\/08\/IMG-20210805-WA0125-1140x729.jpg 1140w, https:\/\/atecordoba.org\/wp-content\/uploads\/2021\/08\/IMG-20210805-WA0125.jpg 1280w\" sizes=\"auto, (max-width: 613px) 100vw, 613px\" \/><\/figure><\/div>\n\n\n\n<p>El documento que realiz\u00f3 la Multisectorial para la oportunidad acusa al gobernador porque &#8220;sigue llenando de asfalto los espacios publicitarios y queriendo tapar con cemento los grandes errores en materia de gesti\u00f3n sanitaria&#8221; y se\u00f1al\u00f3 que &#8220;recursos econ\u00f3micos que se malgastan, insumos que no llegan a los hospitales, promesas de compra de vacunas que buscan tapar a los vacunados vip amigos del poder, forman parte de un escenario de campa\u00f1a electoral nefasto para los y las trabajadores\/as que somos menospreciados a pesar del compromiso demostrado durante la pandemia&#8221;.<\/p>\n\n\n\n<p>En tal sentido, Giuliani dijo durante el acto en la capital provincial que &#8220;hay que armar una paritaria espec\u00edfica de la salud. Ante la falta de respuestas, con m\u00e1s de 70 trabajadores y trabajadoras de la primera l\u00ednea de la salud muertos en C\u00f3rdoba, con un gobernador que se mide por las encuestas y los resultados electorales sin importarle los muertos y contagiados de la pandemia, que nos pone lamentablemente al tope del ranking nacional, ante esta desidia y falta de cuidado por la vida, respondemos con organizaci\u00f3n y lucha&#8221;. <\/p>\n\n\n\n<p>El dirigente alerto que &#8220;hay miedo (en los equipos de salud) por la gran precarizaci\u00f3n, eso disciplina a los trabajadores y trabajadoras porque son amenazados por los jefes de echarlos. Pero, as\u00ed y todo, la demostraci\u00f3n de unidad que hicimos hoy es importante, vamos por una jornada de lucha con paro el 12 de agosto, con concentraci\u00f3n en el hospital misericordia y movilizaci\u00f3n al Ministerio de Salud&#8221;.<\/p>\n\n\n\n<p><strong>Embate contra Cardozo<\/strong><\/p>\n\n\n\n<p>Giuliani apunt\u00f3 contra el ministro de Salud, Diego Cardozo, a quien describi\u00f3 como inepto. &#8220;No puede ser que Cardozo nos lleve a este callej\u00f3n sin salida. Esto se resuelve f\u00e1cilmente: aumento del 45% -no como lo que firmaron con el SEP del 17,5%, la peor paritaria de la Argentina hasta hoy-, pase a planta permanente, incorporaci\u00f3n de m\u00e1s personal y que el bono pase al b\u00e1sico. \u00a0Con eso se descomprime, pero no hay voluntad pol\u00edtica. Vemos la fabulosa cantidad de fondos del erario p\u00fablico, que pagamos nosotros, para sostener la campa\u00f1a electoral, pero sabemos que en tiempos de mezquindades la gente est\u00e1 ac\u00e1&#8221;.<\/p>\n\n\n\n<div class=\"wp-block-image\"><figure class=\"alignleft size-large is-resized\"><img loading=\"lazy\" decoding=\"async\" src=\"https:\/\/atecordoba.org\/wp-content\/uploads\/2021\/08\/IMG-20210805-WA0118-1024x576.jpg\" alt=\"\" class=\"wp-image-27046\" width=\"673\" height=\"379\" srcset=\"https:\/\/atecordoba.org\/wp-content\/uploads\/2021\/08\/IMG-20210805-WA0118-1024x576.jpg 1024w, https:\/\/atecordoba.org\/wp-content\/uploads\/2021\/08\/IMG-20210805-WA0118-300x169.jpg 300w, https:\/\/atecordoba.org\/wp-content\/uploads\/2021\/08\/IMG-20210805-WA0118-768x432.jpg 768w, https:\/\/atecordoba.org\/wp-content\/uploads\/2021\/08\/IMG-20210805-WA0118-750x422.jpg 750w, https:\/\/atecordoba.org\/wp-content\/uploads\/2021\/08\/IMG-20210805-WA0118-1140x641.jpg 1140w, https:\/\/atecordoba.org\/wp-content\/uploads\/2021\/08\/IMG-20210805-WA0118.jpg 1280w\" sizes=\"auto, (max-width: 673px) 100vw, 673px\" \/><\/figure><\/div>\n\n\n\n<p>Sin embargo, el secretario General de ATE C\u00f3rdoba se mostr\u00f3 esperanzado porque &#8220;despacito, sin prisa pero sin pausa, los planes de lucha se vienen construyendo, en alg\u00fan momento estos funcionarios se van a ir y los trabajadores y trabajadoras quedamos&#8221;.<\/p>\n\n\n\n<p>Y remarc\u00f3 el sentido de dignidad del reclamo realizado. &#8220;No queremos favores de los que mandan sino solo que se cumplan los derechos. La discusi\u00f3n de fondo es que salud p\u00fablica queremos en C\u00f3rdoba, vean el presupuesto y vean las obras superfluas que se inauguran, los hospitales nuevos sin gente adentro. Los compa\u00f1eros que est\u00e1n tienen que trabajar a destajo por dos o tres que no han sido nombrados&#8221;, denunci\u00f3.<\/p>\n\n\n\n<p><strong>Con Carrillo como bandera<\/strong><\/p>\n\n\n\n<p>De esta forma, Giuliani remarc\u00f3 que &#8220;el dr Ram\u00f3n Carrillo dec\u00eda que no hay un pueblo sano sin justicia social. Y esta es la realidad que vivimos y sufrimos en C\u00f3rdoba, una provincia inmensamente rica que tiene los m\u00e1s altos \u00edndices de desempleo, de desocupaci\u00f3n, de precarizaci\u00f3n laboral y de salarios bajos. La mayor\u00eda de los trabajadores\/as de salud est\u00e1n bajo la l\u00ednea de la pobreza, que marca el propio INDEC&#8221;.<\/p>\n\n\n\n<p>Y agreg\u00f3: &#8220;a esta realidad lamentable venimos a combatirla de manera organizada, para terminar con ese mensaje que se genera desde El Panal, que solo con homenajes y aplausos tenemos que estar satisfechos&#8221;. <\/p>\n\n\n\n<p>Por \u00faltimo, el dirigente destac\u00f3 el plano organizativo del plan de lucha al afirmar que &#8220;con mucho esfuerzo, dejando de lado los personalismo y sectarismos, logramos conformar esta Multisectorial de la Salud, que tiene el desaf\u00edo de demostrarle al gobernador Schiaretti que no va a haber paz social hasta que todos los actores sindicales y sociales est\u00e9n sentados en una paritaria de salud y se dejen de firmar acuerdos a la baja&#8221;.<\/p>\n\n\n\n<figure class=\"wp-block-gallery columns-3 is-cropped wp-block-gallery-1 is-layout-flex wp-block-gallery-is-layout-flex\"><ul class=\"blocks-gallery-grid\"><li class=\"blocks-gallery-item\"><figure><img loading=\"lazy\" decoding=\"async\" width=\"1024\" height=\"576\" src=\"https:\/\/atecordoba.org\/wp-content\/uploads\/2021\/08\/IMG-20210805-WA0086-1024x576.jpg\" alt=\"\" data-id=\"27047\" data-full-url=\"https:\/\/atecordoba.org\/wp-content\/uploads\/2021\/08\/IMG-20210805-WA0086.jpg\" data-link=\"https:\/\/atecordoba.org\/?attachment_id=27047\" class=\"wp-image-27047\" srcset=\"https:\/\/atecordoba.org\/wp-content\/uploads\/2021\/08\/IMG-20210805-WA0086-1024x576.jpg 1024w, https:\/\/atecordoba.org\/wp-content\/uploads\/2021\/08\/IMG-20210805-WA0086-300x169.jpg 300w, https:\/\/atecordoba.org\/wp-content\/uploads\/2021\/08\/IMG-20210805-WA0086-768x432.jpg 768w, https:\/\/atecordoba.org\/wp-content\/uploads\/2021\/08\/IMG-20210805-WA0086-750x422.jpg 750w, https:\/\/atecordoba.org\/wp-content\/uploads\/2021\/08\/IMG-20210805-WA0086-1140x641.jpg 1140w, https:\/\/atecordoba.org\/wp-content\/uploads\/2021\/08\/IMG-20210805-WA0086.jpg 1280w\" sizes=\"auto, (max-width: 1024px) 100vw, 1024px\" \/><\/figure><\/li><li class=\"blocks-gallery-item\"><figure><img loading=\"lazy\" decoding=\"async\" width=\"1024\" height=\"576\" src=\"https:\/\/atecordoba.org\/wp-content\/uploads\/2021\/08\/IMG-20210805-WA0088-1024x576.jpg\" alt=\"\" data-id=\"27048\" data-full-url=\"https:\/\/atecordoba.org\/wp-content\/uploads\/2021\/08\/IMG-20210805-WA0088.jpg\" data-link=\"https:\/\/atecordoba.org\/?attachment_id=27048\" class=\"wp-image-27048\" srcset=\"https:\/\/atecordoba.org\/wp-content\/uploads\/2021\/08\/IMG-20210805-WA0088-1024x576.jpg 1024w, https:\/\/atecordoba.org\/wp-content\/uploads\/2021\/08\/IMG-20210805-WA0088-300x169.jpg 300w, https:\/\/atecordoba.org\/wp-content\/uploads\/2021\/08\/IMG-20210805-WA0088-768x432.jpg 768w, https:\/\/atecordoba.org\/wp-content\/uploads\/2021\/08\/IMG-20210805-WA0088-750x422.jpg 750w, https:\/\/atecordoba.org\/wp-content\/uploads\/2021\/08\/IMG-20210805-WA0088-1140x641.jpg 1140w, https:\/\/atecordoba.org\/wp-content\/uploads\/2021\/08\/IMG-20210805-WA0088.jpg 1280w\" sizes=\"auto, (max-width: 1024px) 100vw, 1024px\" \/><\/figure><\/li><li class=\"blocks-gallery-item\"><figure><img loading=\"lazy\" decoding=\"async\" width=\"1024\" height=\"576\" src=\"https:\/\/atecordoba.org\/wp-content\/uploads\/2021\/08\/IMG-20210805-WA0091-1024x576.jpg\" alt=\"\" data-id=\"27050\" data-full-url=\"https:\/\/atecordoba.org\/wp-content\/uploads\/2021\/08\/IMG-20210805-WA0091.jpg\" data-link=\"https:\/\/atecordoba.org\/?attachment_id=27050\" class=\"wp-image-27050\" srcset=\"https:\/\/atecordoba.org\/wp-content\/uploads\/2021\/08\/IMG-20210805-WA0091-1024x576.jpg 1024w, https:\/\/atecordoba.org\/wp-content\/uploads\/2021\/08\/IMG-20210805-WA0091-300x169.jpg 300w, https:\/\/atecordoba.org\/wp-content\/uploads\/2021\/08\/IMG-20210805-WA0091-768x432.jpg 768w, https:\/\/atecordoba.org\/wp-content\/uploads\/2021\/08\/IMG-20210805-WA0091-750x422.jpg 750w, https:\/\/atecordoba.org\/wp-content\/uploads\/2021\/08\/IMG-20210805-WA0091-1140x641.jpg 1140w, https:\/\/atecordoba.org\/wp-content\/uploads\/2021\/08\/IMG-20210805-WA0091.jpg 1280w\" sizes=\"auto, (max-width: 1024px) 100vw, 1024px\" \/><\/figure><\/li><li class=\"blocks-gallery-item\"><figure><img loading=\"lazy\" decoding=\"async\" width=\"1024\" height=\"576\" src=\"https:\/\/atecordoba.org\/wp-content\/uploads\/2021\/08\/IMG-20210805-WA0095-1024x576.jpg\" alt=\"\" data-id=\"27054\" data-full-url=\"https:\/\/atecordoba.org\/wp-content\/uploads\/2021\/08\/IMG-20210805-WA0095.jpg\" data-link=\"https:\/\/atecordoba.org\/?attachment_id=27054\" class=\"wp-image-27054\" srcset=\"https:\/\/atecordoba.org\/wp-content\/uploads\/2021\/08\/IMG-20210805-WA0095-1024x576.jpg 1024w, https:\/\/atecordoba.org\/wp-content\/uploads\/2021\/08\/IMG-20210805-WA0095-300x169.jpg 300w, https:\/\/atecordoba.org\/wp-content\/uploads\/2021\/08\/IMG-20210805-WA0095-768x432.jpg 768w, https:\/\/atecordoba.org\/wp-content\/uploads\/2021\/08\/IMG-20210805-WA0095-750x422.jpg 750w, https:\/\/atecordoba.org\/wp-content\/uploads\/2021\/08\/IMG-20210805-WA0095-1140x641.jpg 1140w, https:\/\/atecordoba.org\/wp-content\/uploads\/2021\/08\/IMG-20210805-WA0095.jpg 1280w\" sizes=\"auto, (max-width: 1024px) 100vw, 1024px\" \/><\/figure><\/li><li class=\"blocks-gallery-item\"><figure><img loading=\"lazy\" decoding=\"async\" width=\"1024\" height=\"768\" src=\"https:\/\/atecordoba.org\/wp-content\/uploads\/2021\/08\/IMG-20210805-WA0107-1024x768.jpg\" alt=\"\" data-id=\"27055\" data-full-url=\"https:\/\/atecordoba.org\/wp-content\/uploads\/2021\/08\/IMG-20210805-WA0107.jpg\" data-link=\"https:\/\/atecordoba.org\/?attachment_id=27055\" class=\"wp-image-27055\" srcset=\"https:\/\/atecordoba.org\/wp-content\/uploads\/2021\/08\/IMG-20210805-WA0107-1024x768.jpg 1024w, https:\/\/atecordoba.org\/wp-content\/uploads\/2021\/08\/IMG-20210805-WA0107-300x225.jpg 300w, https:\/\/atecordoba.org\/wp-content\/uploads\/2021\/08\/IMG-20210805-WA0107-768x576.jpg 768w, https:\/\/atecordoba.org\/wp-content\/uploads\/2021\/08\/IMG-20210805-WA0107-1536x1152.jpg 1536w, https:\/\/atecordoba.org\/wp-content\/uploads\/2021\/08\/IMG-20210805-WA0107-750x563.jpg 750w, https:\/\/atecordoba.org\/wp-content\/uploads\/2021\/08\/IMG-20210805-WA0107-1140x855.jpg 1140w, https:\/\/atecordoba.org\/wp-content\/uploads\/2021\/08\/IMG-20210805-WA0107.jpg 1600w\" sizes=\"auto, (max-width: 1024px) 100vw, 1024px\" \/><\/figure><\/li><li class=\"blocks-gallery-item\"><figure><img loading=\"lazy\" decoding=\"async\" width=\"1024\" height=\"768\" src=\"https:\/\/atecordoba.org\/wp-content\/uploads\/2021\/08\/IMG-20210805-WA0108-1024x768.jpg\" alt=\"\" data-id=\"27056\" data-full-url=\"https:\/\/atecordoba.org\/wp-content\/uploads\/2021\/08\/IMG-20210805-WA0108.jpg\" data-link=\"https:\/\/atecordoba.org\/?attachment_id=27056\" class=\"wp-image-27056\" srcset=\"https:\/\/atecordoba.org\/wp-content\/uploads\/2021\/08\/IMG-20210805-WA0108-1024x768.jpg 1024w, https:\/\/atecordoba.org\/wp-content\/uploads\/2021\/08\/IMG-20210805-WA0108-300x225.jpg 300w, https:\/\/atecordoba.org\/wp-content\/uploads\/2021\/08\/IMG-20210805-WA0108-768x576.jpg 768w, https:\/\/atecordoba.org\/wp-content\/uploads\/2021\/08\/IMG-20210805-WA0108-1536x1152.jpg 1536w, https:\/\/atecordoba.org\/wp-content\/uploads\/2021\/08\/IMG-20210805-WA0108-750x563.jpg 750w, https:\/\/atecordoba.org\/wp-content\/uploads\/2021\/08\/IMG-20210805-WA0108-1140x855.jpg 1140w, https:\/\/atecordoba.org\/wp-content\/uploads\/2021\/08\/IMG-20210805-WA0108.jpg 1600w\" sizes=\"auto, (max-width: 1024px) 100vw, 1024px\" \/><\/figure><\/li><li class=\"blocks-gallery-item\"><figure><img loading=\"lazy\" decoding=\"async\" width=\"1024\" height=\"768\" src=\"https:\/\/atecordoba.org\/wp-content\/uploads\/2021\/08\/IMG-20210805-WA0109-1024x768.jpg\" alt=\"\" data-id=\"27057\" data-full-url=\"https:\/\/atecordoba.org\/wp-content\/uploads\/2021\/08\/IMG-20210805-WA0109.jpg\" data-link=\"https:\/\/atecordoba.org\/?attachment_id=27057\" class=\"wp-image-27057\" srcset=\"https:\/\/atecordoba.org\/wp-content\/uploads\/2021\/08\/IMG-20210805-WA0109-1024x768.jpg 1024w, https:\/\/atecordoba.org\/wp-content\/uploads\/2021\/08\/IMG-20210805-WA0109-300x225.jpg 300w, https:\/\/atecordoba.org\/wp-content\/uploads\/2021\/08\/IMG-20210805-WA0109-768x576.jpg 768w, https:\/\/atecordoba.org\/wp-content\/uploads\/2021\/08\/IMG-20210805-WA0109-1536x1152.jpg 1536w, https:\/\/atecordoba.org\/wp-content\/uploads\/2021\/08\/IMG-20210805-WA0109-750x563.jpg 750w, https:\/\/atecordoba.org\/wp-content\/uploads\/2021\/08\/IMG-20210805-WA0109-1140x855.jpg 1140w, https:\/\/atecordoba.org\/wp-content\/uploads\/2021\/08\/IMG-20210805-WA0109.jpg 1600w\" sizes=\"auto, (max-width: 1024px) 100vw, 1024px\" \/><\/figure><\/li><li class=\"blocks-gallery-item\"><figure><img loading=\"lazy\" decoding=\"async\" width=\"1024\" height=\"768\" src=\"https:\/\/atecordoba.org\/wp-content\/uploads\/2021\/08\/IMG-20210805-WA0110-1024x768.jpg\" alt=\"\" data-id=\"27058\" data-full-url=\"https:\/\/atecordoba.org\/wp-content\/uploads\/2021\/08\/IMG-20210805-WA0110.jpg\" data-link=\"https:\/\/atecordoba.org\/?attachment_id=27058\" class=\"wp-image-27058\" srcset=\"https:\/\/atecordoba.org\/wp-content\/uploads\/2021\/08\/IMG-20210805-WA0110-1024x768.jpg 1024w, https:\/\/atecordoba.org\/wp-content\/uploads\/2021\/08\/IMG-20210805-WA0110-300x225.jpg 300w, https:\/\/atecordoba.org\/wp-content\/uploads\/2021\/08\/IMG-20210805-WA0110-768x576.jpg 768w, https:\/\/atecordoba.org\/wp-content\/uploads\/2021\/08\/IMG-20210805-WA0110-1536x1152.jpg 1536w, https:\/\/atecordoba.org\/wp-content\/uploads\/2021\/08\/IMG-20210805-WA0110-750x563.jpg 750w, https:\/\/atecordoba.org\/wp-content\/uploads\/2021\/08\/IMG-20210805-WA0110-1140x855.jpg 1140w, https:\/\/atecordoba.org\/wp-content\/uploads\/2021\/08\/IMG-20210805-WA0110.jpg 1600w\" sizes=\"auto, (max-width: 1024px) 100vw, 1024px\" \/><\/figure><\/li><li class=\"blocks-gallery-item\"><figure><img loading=\"lazy\" decoding=\"async\" width=\"1024\" height=\"744\" src=\"https:\/\/atecordoba.org\/wp-content\/uploads\/2021\/08\/IMG-20210805-WA0117-1024x744.jpg\" alt=\"\" data-id=\"27059\" data-full-url=\"https:\/\/atecordoba.org\/wp-content\/uploads\/2021\/08\/IMG-20210805-WA0117.jpg\" data-link=\"https:\/\/atecordoba.org\/?attachment_id=27059\" class=\"wp-image-27059\" srcset=\"https:\/\/atecordoba.org\/wp-content\/uploads\/2021\/08\/IMG-20210805-WA0117-1024x744.jpg 1024w, https:\/\/atecordoba.org\/wp-content\/uploads\/2021\/08\/IMG-20210805-WA0117-300x218.jpg 300w, https:\/\/atecordoba.org\/wp-content\/uploads\/2021\/08\/IMG-20210805-WA0117-768x558.jpg 768w, https:\/\/atecordoba.org\/wp-content\/uploads\/2021\/08\/IMG-20210805-WA0117-120x86.jpg 120w, https:\/\/atecordoba.org\/wp-content\/uploads\/2021\/08\/IMG-20210805-WA0117-750x545.jpg 750w, https:\/\/atecordoba.org\/wp-content\/uploads\/2021\/08\/IMG-20210805-WA0117-1140x828.jpg 1140w, https:\/\/atecordoba.org\/wp-content\/uploads\/2021\/08\/IMG-20210805-WA0117.jpg 1280w\" sizes=\"auto, (max-width: 1024px) 100vw, 1024px\" \/><\/figure><\/li><li class=\"blocks-gallery-item\"><figure><img loading=\"lazy\" decoding=\"async\" width=\"1024\" height=\"576\" src=\"https:\/\/atecordoba.org\/wp-content\/uploads\/2021\/08\/IMG-20210805-WA0118-1-1024x576.jpg\" alt=\"\" data-id=\"27060\" data-full-url=\"https:\/\/atecordoba.org\/wp-content\/uploads\/2021\/08\/IMG-20210805-WA0118-1.jpg\" data-link=\"https:\/\/atecordoba.org\/?attachment_id=27060\" class=\"wp-image-27060\" srcset=\"https:\/\/atecordoba.org\/wp-content\/uploads\/2021\/08\/IMG-20210805-WA0118-1-1024x576.jpg 1024w, https:\/\/atecordoba.org\/wp-content\/uploads\/2021\/08\/IMG-20210805-WA0118-1-300x169.jpg 300w, https:\/\/atecordoba.org\/wp-content\/uploads\/2021\/08\/IMG-20210805-WA0118-1-768x432.jpg 768w, https:\/\/atecordoba.org\/wp-content\/uploads\/2021\/08\/IMG-20210805-WA0118-1-750x422.jpg 750w, https:\/\/atecordoba.org\/wp-content\/uploads\/2021\/08\/IMG-20210805-WA0118-1-1140x641.jpg 1140w, https:\/\/atecordoba.org\/wp-content\/uploads\/2021\/08\/IMG-20210805-WA0118-1.jpg 1280w\" sizes=\"auto, (max-width: 1024px) 100vw, 1024px\" \/><\/figure><\/li><li class=\"blocks-gallery-item\"><figure><img loading=\"lazy\" decoding=\"async\" width=\"1024\" height=\"576\" src=\"https:\/\/atecordoba.org\/wp-content\/uploads\/2021\/08\/IMG-20210805-WA0119-1024x576.jpg\" alt=\"\" data-id=\"27061\" data-full-url=\"https:\/\/atecordoba.org\/wp-content\/uploads\/2021\/08\/IMG-20210805-WA0119.jpg\" data-link=\"https:\/\/atecordoba.org\/?attachment_id=27061\" class=\"wp-image-27061\" srcset=\"https:\/\/atecordoba.org\/wp-content\/uploads\/2021\/08\/IMG-20210805-WA0119-1024x576.jpg 1024w, https:\/\/atecordoba.org\/wp-content\/uploads\/2021\/08\/IMG-20210805-WA0119-300x169.jpg 300w, https:\/\/atecordoba.org\/wp-content\/uploads\/2021\/08\/IMG-20210805-WA0119-768x432.jpg 768w, https:\/\/atecordoba.org\/wp-content\/uploads\/2021\/08\/IMG-20210805-WA0119-750x422.jpg 750w, https:\/\/atecordoba.org\/wp-content\/uploads\/2021\/08\/IMG-20210805-WA0119-1140x641.jpg 1140w, https:\/\/atecordoba.org\/wp-content\/uploads\/2021\/08\/IMG-20210805-WA0119.jpg 1280w\" sizes=\"auto, (max-width: 1024px) 100vw, 1024px\" \/><\/figure><\/li><li class=\"blocks-gallery-item\"><figure><img loading=\"lazy\" decoding=\"async\" width=\"1024\" height=\"576\" src=\"https:\/\/atecordoba.org\/wp-content\/uploads\/2021\/08\/IMG-20210805-WA0123-1024x576.jpg\" alt=\"\" data-id=\"27063\" data-full-url=\"https:\/\/atecordoba.org\/wp-content\/uploads\/2021\/08\/IMG-20210805-WA0123.jpg\" data-link=\"https:\/\/atecordoba.org\/?attachment_id=27063\" class=\"wp-image-27063\" srcset=\"https:\/\/atecordoba.org\/wp-content\/uploads\/2021\/08\/IMG-20210805-WA0123-1024x576.jpg 1024w, https:\/\/atecordoba.org\/wp-content\/uploads\/2021\/08\/IMG-20210805-WA0123-300x169.jpg 300w, https:\/\/atecordoba.org\/wp-content\/uploads\/2021\/08\/IMG-20210805-WA0123-768x432.jpg 768w, https:\/\/atecordoba.org\/wp-content\/uploads\/2021\/08\/IMG-20210805-WA0123-750x422.jpg 750w, https:\/\/atecordoba.org\/wp-content\/uploads\/2021\/08\/IMG-20210805-WA0123-1140x641.jpg 1140w, https:\/\/atecordoba.org\/wp-content\/uploads\/2021\/08\/IMG-20210805-WA0123.jpg 1280w\" sizes=\"auto, (max-width: 1024px) 100vw, 1024px\" \/><\/figure><\/li><\/ul><\/figure>\n\n\n\n<p><strong>En Villa Dolores<\/strong><\/p>\n\n\n\n<figure class=\"wp-block-gallery columns-5 is-cropped wp-block-gallery-2 is-layout-flex wp-block-gallery-is-layout-flex\"><ul class=\"blocks-gallery-grid\"><li class=\"blocks-gallery-item\"><figure><img loading=\"lazy\" decoding=\"async\" width=\"576\" height=\"1024\" src=\"https:\/\/atecordoba.org\/wp-content\/uploads\/2021\/08\/IMG-20210805-WA0133-576x1024.jpg\" alt=\"\" data-id=\"27065\" data-full-url=\"https:\/\/atecordoba.org\/wp-content\/uploads\/2021\/08\/IMG-20210805-WA0133.jpg\" data-link=\"https:\/\/atecordoba.org\/?attachment_id=27065\" class=\"wp-image-27065\" srcset=\"https:\/\/atecordoba.org\/wp-content\/uploads\/2021\/08\/IMG-20210805-WA0133-576x1024.jpg 576w, https:\/\/atecordoba.org\/wp-content\/uploads\/2021\/08\/IMG-20210805-WA0133-169x300.jpg 169w, https:\/\/atecordoba.org\/wp-content\/uploads\/2021\/08\/IMG-20210805-WA0133.jpg 720w\" sizes=\"auto, (max-width: 576px) 100vw, 576px\" \/><\/figure><\/li><li class=\"blocks-gallery-item\"><figure><img loading=\"lazy\" decoding=\"async\" width=\"1024\" height=\"768\" src=\"https:\/\/atecordoba.org\/wp-content\/uploads\/2021\/08\/IMG-20210805-WA0134-1024x768.jpg\" alt=\"\" data-id=\"27066\" data-full-url=\"https:\/\/atecordoba.org\/wp-content\/uploads\/2021\/08\/IMG-20210805-WA0134.jpg\" data-link=\"https:\/\/atecordoba.org\/?attachment_id=27066\" class=\"wp-image-27066\" srcset=\"https:\/\/atecordoba.org\/wp-content\/uploads\/2021\/08\/IMG-20210805-WA0134-1024x768.jpg 1024w, https:\/\/atecordoba.org\/wp-content\/uploads\/2021\/08\/IMG-20210805-WA0134-300x225.jpg 300w, https:\/\/atecordoba.org\/wp-content\/uploads\/2021\/08\/IMG-20210805-WA0134-768x576.jpg 768w, https:\/\/atecordoba.org\/wp-content\/uploads\/2021\/08\/IMG-20210805-WA0134-750x563.jpg 750w, https:\/\/atecordoba.org\/wp-content\/uploads\/2021\/08\/IMG-20210805-WA0134-1140x855.jpg 1140w, https:\/\/atecordoba.org\/wp-content\/uploads\/2021\/08\/IMG-20210805-WA0134.jpg 1280w\" sizes=\"auto, (max-width: 1024px) 100vw, 1024px\" \/><\/figure><\/li><li class=\"blocks-gallery-item\"><figure><img loading=\"lazy\" decoding=\"async\" width=\"768\" height=\"1024\" src=\"https:\/\/atecordoba.org\/wp-content\/uploads\/2021\/08\/IMG-20210805-WA0135-768x1024.jpg\" alt=\"\" data-id=\"27067\" data-full-url=\"https:\/\/atecordoba.org\/wp-content\/uploads\/2021\/08\/IMG-20210805-WA0135.jpg\" data-link=\"https:\/\/atecordoba.org\/?attachment_id=27067\" class=\"wp-image-27067\" srcset=\"https:\/\/atecordoba.org\/wp-content\/uploads\/2021\/08\/IMG-20210805-WA0135-768x1024.jpg 768w, https:\/\/atecordoba.org\/wp-content\/uploads\/2021\/08\/IMG-20210805-WA0135-225x300.jpg 225w, https:\/\/atecordoba.org\/wp-content\/uploads\/2021\/08\/IMG-20210805-WA0135-750x1000.jpg 750w, https:\/\/atecordoba.org\/wp-content\/uploads\/2021\/08\/IMG-20210805-WA0135.jpg 960w\" sizes=\"auto, (max-width: 768px) 100vw, 768px\" \/><\/figure><\/li><li class=\"blocks-gallery-item\"><figure><img loading=\"lazy\" decoding=\"async\" width=\"1024\" height=\"768\" src=\"https:\/\/atecordoba.org\/wp-content\/uploads\/2021\/08\/IMG-20210805-WA0136-1024x768.jpg\" alt=\"\" data-id=\"27068\" data-full-url=\"https:\/\/atecordoba.org\/wp-content\/uploads\/2021\/08\/IMG-20210805-WA0136.jpg\" data-link=\"https:\/\/atecordoba.org\/?attachment_id=27068\" class=\"wp-image-27068\" srcset=\"https:\/\/atecordoba.org\/wp-content\/uploads\/2021\/08\/IMG-20210805-WA0136-1024x768.jpg 1024w, https:\/\/atecordoba.org\/wp-content\/uploads\/2021\/08\/IMG-20210805-WA0136-300x225.jpg 300w, https:\/\/atecordoba.org\/wp-content\/uploads\/2021\/08\/IMG-20210805-WA0136-768x576.jpg 768w, https:\/\/atecordoba.org\/wp-content\/uploads\/2021\/08\/IMG-20210805-WA0136-750x563.jpg 750w, https:\/\/atecordoba.org\/wp-content\/uploads\/2021\/08\/IMG-20210805-WA0136-1140x855.jpg 1140w, https:\/\/atecordoba.org\/wp-content\/uploads\/2021\/08\/IMG-20210805-WA0136.jpg 1280w\" sizes=\"auto, (max-width: 1024px) 100vw, 1024px\" \/><\/figure><\/li><li class=\"blocks-gallery-item\"><figure><img loading=\"lazy\" decoding=\"async\" width=\"1024\" height=\"565\" src=\"https:\/\/atecordoba.org\/wp-content\/uploads\/2021\/08\/IMG-20210805-WA0137-1024x565.jpg\" alt=\"\" data-id=\"27069\" data-full-url=\"https:\/\/atecordoba.org\/wp-content\/uploads\/2021\/08\/IMG-20210805-WA0137.jpg\" data-link=\"https:\/\/atecordoba.org\/?attachment_id=27069\" class=\"wp-image-27069\" srcset=\"https:\/\/atecordoba.org\/wp-content\/uploads\/2021\/08\/IMG-20210805-WA0137-1024x565.jpg 1024w, https:\/\/atecordoba.org\/wp-content\/uploads\/2021\/08\/IMG-20210805-WA0137-300x165.jpg 300w, https:\/\/atecordoba.org\/wp-content\/uploads\/2021\/08\/IMG-20210805-WA0137-768x424.jpg 768w, https:\/\/atecordoba.org\/wp-content\/uploads\/2021\/08\/IMG-20210805-WA0137-750x414.jpg 750w, https:\/\/atecordoba.org\/wp-content\/uploads\/2021\/08\/IMG-20210805-WA0137-1140x629.jpg 1140w, https:\/\/atecordoba.org\/wp-content\/uploads\/2021\/08\/IMG-20210805-WA0137.jpg 1280w\" sizes=\"auto, (max-width: 1024px) 100vw, 1024px\" \/><\/figure><\/li><li class=\"blocks-gallery-item\"><figure><img loading=\"lazy\" decoding=\"async\" width=\"1024\" height=\"754\" src=\"https:\/\/atecordoba.org\/wp-content\/uploads\/2021\/08\/IMG-20210805-WA0138-1024x754.jpg\" alt=\"\" data-id=\"27070\" data-full-url=\"https:\/\/atecordoba.org\/wp-content\/uploads\/2021\/08\/IMG-20210805-WA0138.jpg\" data-link=\"https:\/\/atecordoba.org\/?attachment_id=27070\" class=\"wp-image-27070\" srcset=\"https:\/\/atecordoba.org\/wp-content\/uploads\/2021\/08\/IMG-20210805-WA0138-1024x754.jpg 1024w, https:\/\/atecordoba.org\/wp-content\/uploads\/2021\/08\/IMG-20210805-WA0138-300x221.jpg 300w, https:\/\/atecordoba.org\/wp-content\/uploads\/2021\/08\/IMG-20210805-WA0138-768x565.jpg 768w, https:\/\/atecordoba.org\/wp-content\/uploads\/2021\/08\/IMG-20210805-WA0138-750x552.jpg 750w, https:\/\/atecordoba.org\/wp-content\/uploads\/2021\/08\/IMG-20210805-WA0138-1140x839.jpg 1140w, https:\/\/atecordoba.org\/wp-content\/uploads\/2021\/08\/IMG-20210805-WA0138.jpg 1228w\" sizes=\"auto, (max-width: 1024px) 100vw, 1024px\" \/><\/figure><\/li><li class=\"blocks-gallery-item\"><figure><img loading=\"lazy\" decoding=\"async\" width=\"768\" height=\"1024\" src=\"https:\/\/atecordoba.org\/wp-content\/uploads\/2021\/08\/IMG-20210805-WA0139-768x1024.jpg\" alt=\"\" data-id=\"27071\" data-full-url=\"https:\/\/atecordoba.org\/wp-content\/uploads\/2021\/08\/IMG-20210805-WA0139.jpg\" data-link=\"https:\/\/atecordoba.org\/?attachment_id=27071\" class=\"wp-image-27071\" srcset=\"https:\/\/atecordoba.org\/wp-content\/uploads\/2021\/08\/IMG-20210805-WA0139-768x1024.jpg 768w, https:\/\/atecordoba.org\/wp-content\/uploads\/2021\/08\/IMG-20210805-WA0139-225x300.jpg 225w, https:\/\/atecordoba.org\/wp-content\/uploads\/2021\/08\/IMG-20210805-WA0139-750x1000.jpg 750w, https:\/\/atecordoba.org\/wp-content\/uploads\/2021\/08\/IMG-20210805-WA0139.jpg 960w\" sizes=\"auto, (max-width: 768px) 100vw, 768px\" \/><\/figure><\/li><li class=\"blocks-gallery-item\"><figure><img loading=\"lazy\" decoding=\"async\" width=\"1024\" height=\"768\" src=\"https:\/\/atecordoba.org\/wp-content\/uploads\/2021\/08\/IMG-20210805-WA0140-1024x768.jpg\" alt=\"\" data-id=\"27072\" data-full-url=\"https:\/\/atecordoba.org\/wp-content\/uploads\/2021\/08\/IMG-20210805-WA0140.jpg\" data-link=\"https:\/\/atecordoba.org\/?attachment_id=27072\" class=\"wp-image-27072\" srcset=\"https:\/\/atecordoba.org\/wp-content\/uploads\/2021\/08\/IMG-20210805-WA0140-1024x768.jpg 1024w, https:\/\/atecordoba.org\/wp-content\/uploads\/2021\/08\/IMG-20210805-WA0140-300x225.jpg 300w, https:\/\/atecordoba.org\/wp-content\/uploads\/2021\/08\/IMG-20210805-WA0140-768x576.jpg 768w, https:\/\/atecordoba.org\/wp-content\/uploads\/2021\/08\/IMG-20210805-WA0140-750x563.jpg 750w, https:\/\/atecordoba.org\/wp-content\/uploads\/2021\/08\/IMG-20210805-WA0140-1140x855.jpg 1140w, https:\/\/atecordoba.org\/wp-content\/uploads\/2021\/08\/IMG-20210805-WA0140.jpg 1280w\" sizes=\"auto, (max-width: 1024px) 100vw, 1024px\" \/><\/figure><\/li><li class=\"blocks-gallery-item\"><figure><img loading=\"lazy\" decoding=\"async\" width=\"768\" height=\"1024\" src=\"https:\/\/atecordoba.org\/wp-content\/uploads\/2021\/08\/IMG-20210805-WA0141-768x1024.jpg\" alt=\"\" data-id=\"27073\" data-full-url=\"https:\/\/atecordoba.org\/wp-content\/uploads\/2021\/08\/IMG-20210805-WA0141.jpg\" data-link=\"https:\/\/atecordoba.org\/?attachment_id=27073\" class=\"wp-image-27073\" srcset=\"https:\/\/atecordoba.org\/wp-content\/uploads\/2021\/08\/IMG-20210805-WA0141-768x1024.jpg 768w, https:\/\/atecordoba.org\/wp-content\/uploads\/2021\/08\/IMG-20210805-WA0141-225x300.jpg 225w, https:\/\/atecordoba.org\/wp-content\/uploads\/2021\/08\/IMG-20210805-WA0141-750x1000.jpg 750w, https:\/\/atecordoba.org\/wp-content\/uploads\/2021\/08\/IMG-20210805-WA0141.jpg 960w\" sizes=\"auto, (max-width: 768px) 100vw, 768px\" \/><\/figure><\/li><\/ul><\/figure>\n\n\n\n<p><strong>En R\u00edo Cuarto<\/strong><\/p>\n\n\n\n<figure class=\"wp-block-gallery columns-4 is-cropped wp-block-gallery-3 is-layout-flex wp-block-gallery-is-layout-flex\"><ul class=\"blocks-gallery-grid\"><li class=\"blocks-gallery-item\"><figure><img loading=\"lazy\" decoding=\"async\" width=\"960\" height=\"540\" src=\"https:\/\/atecordoba.org\/wp-content\/uploads\/2021\/08\/FB_IMG_1628173031670.jpg\" alt=\"\" data-id=\"27074\" data-full-url=\"https:\/\/atecordoba.org\/wp-content\/uploads\/2021\/08\/FB_IMG_1628173031670.jpg\" data-link=\"https:\/\/atecordoba.org\/?attachment_id=27074\" class=\"wp-image-27074\" srcset=\"https:\/\/atecordoba.org\/wp-content\/uploads\/2021\/08\/FB_IMG_1628173031670.jpg 960w, https:\/\/atecordoba.org\/wp-content\/uploads\/2021\/08\/FB_IMG_1628173031670-300x169.jpg 300w, https:\/\/atecordoba.org\/wp-content\/uploads\/2021\/08\/FB_IMG_1628173031670-768x432.jpg 768w, https:\/\/atecordoba.org\/wp-content\/uploads\/2021\/08\/FB_IMG_1628173031670-750x422.jpg 750w\" sizes=\"auto, (max-width: 960px) 100vw, 960px\" \/><\/figure><\/li><li class=\"blocks-gallery-item\"><figure><img loading=\"lazy\" decoding=\"async\" width=\"960\" height=\"540\" src=\"https:\/\/atecordoba.org\/wp-content\/uploads\/2021\/08\/FB_IMG_1628173038339.jpg\" alt=\"\" data-id=\"27076\" data-full-url=\"https:\/\/atecordoba.org\/wp-content\/uploads\/2021\/08\/FB_IMG_1628173038339.jpg\" data-link=\"https:\/\/atecordoba.org\/?attachment_id=27076\" class=\"wp-image-27076\" srcset=\"https:\/\/atecordoba.org\/wp-content\/uploads\/2021\/08\/FB_IMG_1628173038339.jpg 960w, https:\/\/atecordoba.org\/wp-content\/uploads\/2021\/08\/FB_IMG_1628173038339-300x169.jpg 300w, https:\/\/atecordoba.org\/wp-content\/uploads\/2021\/08\/FB_IMG_1628173038339-768x432.jpg 768w, https:\/\/atecordoba.org\/wp-content\/uploads\/2021\/08\/FB_IMG_1628173038339-750x422.jpg 750w\" sizes=\"auto, (max-width: 960px) 100vw, 960px\" \/><\/figure><\/li><li class=\"blocks-gallery-item\"><figure><img loading=\"lazy\" decoding=\"async\" width=\"960\" height=\"541\" src=\"https:\/\/atecordoba.org\/wp-content\/uploads\/2021\/08\/FB_IMG_1628173041329.jpg\" alt=\"\" data-id=\"27077\" data-full-url=\"https:\/\/atecordoba.org\/wp-content\/uploads\/2021\/08\/FB_IMG_1628173041329.jpg\" data-link=\"https:\/\/atecordoba.org\/?attachment_id=27077\" class=\"wp-image-27077\" srcset=\"https:\/\/atecordoba.org\/wp-content\/uploads\/2021\/08\/FB_IMG_1628173041329.jpg 960w, https:\/\/atecordoba.org\/wp-content\/uploads\/2021\/08\/FB_IMG_1628173041329-300x169.jpg 300w, https:\/\/atecordoba.org\/wp-content\/uploads\/2021\/08\/FB_IMG_1628173041329-768x433.jpg 768w, https:\/\/atecordoba.org\/wp-content\/uploads\/2021\/08\/FB_IMG_1628173041329-750x423.jpg 750w\" sizes=\"auto, (max-width: 960px) 100vw, 960px\" \/><\/figure><\/li><li class=\"blocks-gallery-item\"><figure><img loading=\"lazy\" decoding=\"async\" width=\"960\" height=\"540\" src=\"https:\/\/atecordoba.org\/wp-content\/uploads\/2021\/08\/FB_IMG_1628173044758.jpg\" alt=\"\" data-id=\"27078\" data-full-url=\"https:\/\/atecordoba.org\/wp-content\/uploads\/2021\/08\/FB_IMG_1628173044758.jpg\" data-link=\"https:\/\/atecordoba.org\/?attachment_id=27078\" class=\"wp-image-27078\" srcset=\"https:\/\/atecordoba.org\/wp-content\/uploads\/2021\/08\/FB_IMG_1628173044758.jpg 960w, https:\/\/atecordoba.org\/wp-content\/uploads\/2021\/08\/FB_IMG_1628173044758-300x169.jpg 300w, https:\/\/atecordoba.org\/wp-content\/uploads\/2021\/08\/FB_IMG_1628173044758-768x432.jpg 768w, https:\/\/atecordoba.org\/wp-content\/uploads\/2021\/08\/FB_IMG_1628173044758-750x422.jpg 750w\" sizes=\"auto, (max-width: 960px) 100vw, 960px\" \/><\/figure><\/li><\/ul><\/figure>\n\n\n\n<p><strong>En San Francisco<\/strong><\/p>\n\n\n\n<figure class=\"wp-block-gallery columns-4 is-cropped wp-block-gallery-4 is-layout-flex wp-block-gallery-is-layout-flex\"><ul class=\"blocks-gallery-grid\"><li class=\"blocks-gallery-item\"><figure><img loading=\"lazy\" decoding=\"async\" width=\"720\" height=\"481\" src=\"https:\/\/atecordoba.org\/wp-content\/uploads\/2021\/08\/IMG-20210805-WA0054.jpg\" alt=\"\" data-id=\"27085\" data-full-url=\"https:\/\/atecordoba.org\/wp-content\/uploads\/2021\/08\/IMG-20210805-WA0054.jpg\" data-link=\"https:\/\/atecordoba.org\/?attachment_id=27085\" class=\"wp-image-27085\" srcset=\"https:\/\/atecordoba.org\/wp-content\/uploads\/2021\/08\/IMG-20210805-WA0054.jpg 720w, https:\/\/atecordoba.org\/wp-content\/uploads\/2021\/08\/IMG-20210805-WA0054-300x200.jpg 300w\" sizes=\"auto, (max-width: 720px) 100vw, 720px\" \/><\/figure><\/li><li class=\"blocks-gallery-item\"><figure><img loading=\"lazy\" decoding=\"async\" width=\"720\" height=\"481\" src=\"https:\/\/atecordoba.org\/wp-content\/uploads\/2021\/08\/IMG-20210805-WA0055.jpg\" alt=\"\" data-id=\"27086\" data-full-url=\"https:\/\/atecordoba.org\/wp-content\/uploads\/2021\/08\/IMG-20210805-WA0055.jpg\" data-link=\"https:\/\/atecordoba.org\/?attachment_id=27086\" class=\"wp-image-27086\" srcset=\"https:\/\/atecordoba.org\/wp-content\/uploads\/2021\/08\/IMG-20210805-WA0055.jpg 720w, https:\/\/atecordoba.org\/wp-content\/uploads\/2021\/08\/IMG-20210805-WA0055-300x200.jpg 300w\" sizes=\"auto, (max-width: 720px) 100vw, 720px\" \/><\/figure><\/li><li class=\"blocks-gallery-item\"><figure><img loading=\"lazy\" decoding=\"async\" width=\"720\" height=\"481\" src=\"https:\/\/atecordoba.org\/wp-content\/uploads\/2021\/08\/IMG-20210805-WA0056.jpg\" alt=\"\" data-id=\"27087\" data-full-url=\"https:\/\/atecordoba.org\/wp-content\/uploads\/2021\/08\/IMG-20210805-WA0056.jpg\" data-link=\"https:\/\/atecordoba.org\/?attachment_id=27087\" class=\"wp-image-27087\" srcset=\"https:\/\/atecordoba.org\/wp-content\/uploads\/2021\/08\/IMG-20210805-WA0056.jpg 720w, https:\/\/atecordoba.org\/wp-content\/uploads\/2021\/08\/IMG-20210805-WA0056-300x200.jpg 300w\" sizes=\"auto, (max-width: 720px) 100vw, 720px\" \/><\/figure><\/li><li class=\"blocks-gallery-item\"><figure><img loading=\"lazy\" decoding=\"async\" width=\"720\" height=\"481\" src=\"https:\/\/atecordoba.org\/wp-content\/uploads\/2021\/08\/IMG-20210805-WA0057.jpg\" alt=\"\" data-id=\"27088\" data-full-url=\"https:\/\/atecordoba.org\/wp-content\/uploads\/2021\/08\/IMG-20210805-WA0057.jpg\" data-link=\"https:\/\/atecordoba.org\/?attachment_id=27088\" class=\"wp-image-27088\" srcset=\"https:\/\/atecordoba.org\/wp-content\/uploads\/2021\/08\/IMG-20210805-WA0057.jpg 720w, https:\/\/atecordoba.org\/wp-content\/uploads\/2021\/08\/IMG-20210805-WA0057-300x200.jpg 300w\" sizes=\"auto, (max-width: 720px) 100vw, 720px\" \/><\/figure><\/li><li class=\"blocks-gallery-item\"><figure><img loading=\"lazy\" decoding=\"async\" width=\"720\" height=\"481\" src=\"https:\/\/atecordoba.org\/wp-content\/uploads\/2021\/08\/IMG-20210805-WA0058.jpg\" alt=\"\" data-id=\"27089\" data-full-url=\"https:\/\/atecordoba.org\/wp-content\/uploads\/2021\/08\/IMG-20210805-WA0058.jpg\" data-link=\"https:\/\/atecordoba.org\/?attachment_id=27089\" class=\"wp-image-27089\" srcset=\"https:\/\/atecordoba.org\/wp-content\/uploads\/2021\/08\/IMG-20210805-WA0058.jpg 720w, https:\/\/atecordoba.org\/wp-content\/uploads\/2021\/08\/IMG-20210805-WA0058-300x200.jpg 300w\" sizes=\"auto, (max-width: 720px) 100vw, 720px\" \/><\/figure><\/li><li class=\"blocks-gallery-item\"><figure><img loading=\"lazy\" decoding=\"async\" width=\"1024\" height=\"472\" src=\"https:\/\/atecordoba.org\/wp-content\/uploads\/2021\/08\/IMG-20210805-WA0066-1024x472.jpg\" alt=\"\" data-id=\"27090\" data-full-url=\"https:\/\/atecordoba.org\/wp-content\/uploads\/2021\/08\/IMG-20210805-WA0066.jpg\" data-link=\"https:\/\/atecordoba.org\/?attachment_id=27090\" class=\"wp-image-27090\" srcset=\"https:\/\/atecordoba.org\/wp-content\/uploads\/2021\/08\/IMG-20210805-WA0066-1024x472.jpg 1024w, https:\/\/atecordoba.org\/wp-content\/uploads\/2021\/08\/IMG-20210805-WA0066-300x138.jpg 300w, https:\/\/atecordoba.org\/wp-content\/uploads\/2021\/08\/IMG-20210805-WA0066-768x354.jpg 768w, https:\/\/atecordoba.org\/wp-content\/uploads\/2021\/08\/IMG-20210805-WA0066-1536x708.jpg 1536w, https:\/\/atecordoba.org\/wp-content\/uploads\/2021\/08\/IMG-20210805-WA0066-750x345.jpg 750w, https:\/\/atecordoba.org\/wp-content\/uploads\/2021\/08\/IMG-20210805-WA0066-1140x525.jpg 1140w, https:\/\/atecordoba.org\/wp-content\/uploads\/2021\/08\/IMG-20210805-WA0066.jpg 1600w\" sizes=\"auto, (max-width: 1024px) 100vw, 1024px\" \/><\/figure><\/li><li class=\"blocks-gallery-item\"><figure><img loading=\"lazy\" decoding=\"async\" width=\"1024\" height=\"472\" src=\"https:\/\/atecordoba.org\/wp-content\/uploads\/2021\/08\/IMG-20210805-WA0071-1024x472.jpg\" alt=\"\" data-id=\"27095\" data-full-url=\"https:\/\/atecordoba.org\/wp-content\/uploads\/2021\/08\/IMG-20210805-WA0071.jpg\" data-link=\"https:\/\/atecordoba.org\/?attachment_id=27095\" class=\"wp-image-27095\" srcset=\"https:\/\/atecordoba.org\/wp-content\/uploads\/2021\/08\/IMG-20210805-WA0071-1024x472.jpg 1024w, https:\/\/atecordoba.org\/wp-content\/uploads\/2021\/08\/IMG-20210805-WA0071-300x138.jpg 300w, https:\/\/atecordoba.org\/wp-content\/uploads\/2021\/08\/IMG-20210805-WA0071-768x354.jpg 768w, https:\/\/atecordoba.org\/wp-content\/uploads\/2021\/08\/IMG-20210805-WA0071-1536x708.jpg 1536w, https:\/\/atecordoba.org\/wp-content\/uploads\/2021\/08\/IMG-20210805-WA0071-750x345.jpg 750w, https:\/\/atecordoba.org\/wp-content\/uploads\/2021\/08\/IMG-20210805-WA0071-1140x525.jpg 1140w, https:\/\/atecordoba.org\/wp-content\/uploads\/2021\/08\/IMG-20210805-WA0071.jpg 1600w\" sizes=\"auto, (max-width: 1024px) 100vw, 1024px\" \/><\/figure><\/li><li class=\"blocks-gallery-item\"><figure><img loading=\"lazy\" decoding=\"async\" width=\"1024\" height=\"472\" src=\"https:\/\/atecordoba.org\/wp-content\/uploads\/2021\/08\/IMG-20210805-WA0074-1024x472.jpg\" alt=\"\" data-id=\"27097\" data-full-url=\"https:\/\/atecordoba.org\/wp-content\/uploads\/2021\/08\/IMG-20210805-WA0074.jpg\" data-link=\"https:\/\/atecordoba.org\/?attachment_id=27097\" class=\"wp-image-27097\" srcset=\"https:\/\/atecordoba.org\/wp-content\/uploads\/2021\/08\/IMG-20210805-WA0074-1024x472.jpg 1024w, https:\/\/atecordoba.org\/wp-content\/uploads\/2021\/08\/IMG-20210805-WA0074-300x138.jpg 300w, https:\/\/atecordoba.org\/wp-content\/uploads\/2021\/08\/IMG-20210805-WA0074-768x354.jpg 768w, https:\/\/atecordoba.org\/wp-content\/uploads\/2021\/08\/IMG-20210805-WA0074-1536x708.jpg 1536w, https:\/\/atecordoba.org\/wp-content\/uploads\/2021\/08\/IMG-20210805-WA0074-750x345.jpg 750w, https:\/\/atecordoba.org\/wp-content\/uploads\/2021\/08\/IMG-20210805-WA0074-1140x525.jpg 1140w, https:\/\/atecordoba.org\/wp-content\/uploads\/2021\/08\/IMG-20210805-WA0074.jpg 1600w\" sizes=\"auto, (max-width: 1024px) 100vw, 1024px\" \/><\/figure><\/li><\/ul><\/figure>\n\n\n\n<p><strong>En R\u00edo Tercero<\/strong><\/p>\n\n\n\n<figure class=\"wp-block-gallery columns-4 is-cropped wp-block-gallery-5 is-layout-flex wp-block-gallery-is-layout-flex\"><ul class=\"blocks-gallery-grid\"><li class=\"blocks-gallery-item\"><figure><img loading=\"lazy\" decoding=\"async\" width=\"1024\" height=\"614\" src=\"https:\/\/atecordoba.org\/wp-content\/uploads\/2021\/08\/FB_IMG_1628173389596-1024x614.jpg\" alt=\"\" data-id=\"27102\" data-full-url=\"https:\/\/atecordoba.org\/wp-content\/uploads\/2021\/08\/FB_IMG_1628173389596.jpg\" data-link=\"https:\/\/atecordoba.org\/?attachment_id=27102\" class=\"wp-image-27102\" srcset=\"https:\/\/atecordoba.org\/wp-content\/uploads\/2021\/08\/FB_IMG_1628173389596-1024x614.jpg 1024w, https:\/\/atecordoba.org\/wp-content\/uploads\/2021\/08\/FB_IMG_1628173389596-300x180.jpg 300w, https:\/\/atecordoba.org\/wp-content\/uploads\/2021\/08\/FB_IMG_1628173389596-768x461.jpg 768w, https:\/\/atecordoba.org\/wp-content\/uploads\/2021\/08\/FB_IMG_1628173389596-750x450.jpg 750w, https:\/\/atecordoba.org\/wp-content\/uploads\/2021\/08\/FB_IMG_1628173389596.jpg 1080w\" sizes=\"auto, (max-width: 1024px) 100vw, 1024px\" \/><\/figure><\/li><li class=\"blocks-gallery-item\"><figure><img loading=\"lazy\" decoding=\"async\" width=\"1024\" height=\"1024\" src=\"https:\/\/atecordoba.org\/wp-content\/uploads\/2021\/08\/FB_IMG_1628173416409-1024x1024.jpg\" alt=\"\" data-id=\"27103\" data-full-url=\"https:\/\/atecordoba.org\/wp-content\/uploads\/2021\/08\/FB_IMG_1628173416409.jpg\" data-link=\"https:\/\/atecordoba.org\/?attachment_id=27103\" class=\"wp-image-27103\" srcset=\"https:\/\/atecordoba.org\/wp-content\/uploads\/2021\/08\/FB_IMG_1628173416409-1024x1024.jpg 1024w, https:\/\/atecordoba.org\/wp-content\/uploads\/2021\/08\/FB_IMG_1628173416409-300x300.jpg 300w, https:\/\/atecordoba.org\/wp-content\/uploads\/2021\/08\/FB_IMG_1628173416409-150x150.jpg 150w, https:\/\/atecordoba.org\/wp-content\/uploads\/2021\/08\/FB_IMG_1628173416409-768x768.jpg 768w, https:\/\/atecordoba.org\/wp-content\/uploads\/2021\/08\/FB_IMG_1628173416409-560x560.jpg 560w, https:\/\/atecordoba.org\/wp-content\/uploads\/2021\/08\/FB_IMG_1628173416409-75x75.jpg 75w, https:\/\/atecordoba.org\/wp-content\/uploads\/2021\/08\/FB_IMG_1628173416409-350x350.jpg 350w, https:\/\/atecordoba.org\/wp-content\/uploads\/2021\/08\/FB_IMG_1628173416409-750x750.jpg 750w, https:\/\/atecordoba.org\/wp-content\/uploads\/2021\/08\/FB_IMG_1628173416409.jpg 1080w\" sizes=\"auto, (max-width: 1024px) 100vw, 1024px\" \/><\/figure><\/li><li class=\"blocks-gallery-item\"><figure><img loading=\"lazy\" decoding=\"async\" width=\"1024\" height=\"768\" src=\"https:\/\/atecordoba.org\/wp-content\/uploads\/2021\/08\/IMG-20210805-WA0060-1024x768.jpg\" alt=\"\" data-id=\"27104\" data-full-url=\"https:\/\/atecordoba.org\/wp-content\/uploads\/2021\/08\/IMG-20210805-WA0060.jpg\" data-link=\"https:\/\/atecordoba.org\/?attachment_id=27104\" class=\"wp-image-27104\" srcset=\"https:\/\/atecordoba.org\/wp-content\/uploads\/2021\/08\/IMG-20210805-WA0060-1024x768.jpg 1024w, https:\/\/atecordoba.org\/wp-content\/uploads\/2021\/08\/IMG-20210805-WA0060-300x225.jpg 300w, https:\/\/atecordoba.org\/wp-content\/uploads\/2021\/08\/IMG-20210805-WA0060-768x576.jpg 768w, https:\/\/atecordoba.org\/wp-content\/uploads\/2021\/08\/IMG-20210805-WA0060-750x563.jpg 750w, https:\/\/atecordoba.org\/wp-content\/uploads\/2021\/08\/IMG-20210805-WA0060-1140x855.jpg 1140w, https:\/\/atecordoba.org\/wp-content\/uploads\/2021\/08\/IMG-20210805-WA0060.jpg 1280w\" sizes=\"auto, (max-width: 1024px) 100vw, 1024px\" \/><\/figure><\/li><li class=\"blocks-gallery-item\"><figure><img loading=\"lazy\" decoding=\"async\" width=\"1024\" height=\"768\" src=\"https:\/\/atecordoba.org\/wp-content\/uploads\/2021\/08\/IMG-20210805-WA0061-1024x768.jpg\" alt=\"\" data-id=\"27105\" data-full-url=\"https:\/\/atecordoba.org\/wp-content\/uploads\/2021\/08\/IMG-20210805-WA0061.jpg\" data-link=\"https:\/\/atecordoba.org\/?attachment_id=27105\" class=\"wp-image-27105\" srcset=\"https:\/\/atecordoba.org\/wp-content\/uploads\/2021\/08\/IMG-20210805-WA0061-1024x768.jpg 1024w, https:\/\/atecordoba.org\/wp-content\/uploads\/2021\/08\/IMG-20210805-WA0061-300x225.jpg 300w, https:\/\/atecordoba.org\/wp-content\/uploads\/2021\/08\/IMG-20210805-WA0061-768x576.jpg 768w, https:\/\/atecordoba.org\/wp-content\/uploads\/2021\/08\/IMG-20210805-WA0061-1536x1152.jpg 1536w, https:\/\/atecordoba.org\/wp-content\/uploads\/2021\/08\/IMG-20210805-WA0061-750x563.jpg 750w, https:\/\/atecordoba.org\/wp-content\/uploads\/2021\/08\/IMG-20210805-WA0061-1140x855.jpg 1140w, https:\/\/atecordoba.org\/wp-content\/uploads\/2021\/08\/IMG-20210805-WA0061.jpg 1600w\" sizes=\"auto, (max-width: 1024px) 100vw, 1024px\" \/><\/figure><\/li><\/ul><\/figure>\n","protected":false},"excerpt":{"rendered":"<p>Hoy se cumpli\u00f3 el paro provincial convocado por la Multisectorial de la Salud. La medida de fuerza tuvo un alto acatamiento y las movilizaciones se multiplicaron por las principales ciudades cabeceras de C\u00f3rdoba, desarroll\u00e1ndose una importante concentraci\u00f3n en C\u00f3rdoba Capital, en la esquina de Col\u00f3n y General Paz. Pero R\u00edo Cuarto, Villa Mar\u00eda, Villa Dolores, [&hellip;]<\/p>\n","protected":false},"author":3,"featured_media":27108,"comment_status":"open","ping_status":"open","sticky":false,"template":"","format":"standard","meta":{"_exactmetrics_skip_tracking":false,"_exactmetrics_sitenote_active":false,"_exactmetrics_sitenote_note":"","_exactmetrics_sitenote_category":0,"jnews-multi-image_gallery":[],"jnews_single_post":{"subtitle":"En reclamo de una convocatoria urgente del Gobierno de C\u00f3rdoba a la paritaria, por 45% de aumento salarial para el 2021, blanqueo del bono nacional, pase a planta permanente de los precarizados y nombramiento de m\u00e1s personal, los equipos de salud convocados por la Multisectorial enviaron un claro mensaje a El Panal: no queremos aplausos sino que se cumplan nuestros derechos.","format":"standard","video":"","gallery":"","source_name":"","source_url":"","via_name":"","via_url":"","override":[{"single_blog_custom":"","sidebar":"","second_sidebar":"","share_position":"","share_float_style":"","post_date_format":"","post_date_format_custom":"","post_reading_time_wpm":"","zoom_button_out_step":"1","zoom_button_in_step":"1","number_popup_post":"1"}],"image_override":[{"single_post_thumbnail_size":"","single_post_gallery_size":""}],"trending_post_position":"","trending_post_label":"","sponsored_post_label":"","sponsored_post_name":"","sponsored_post_url":"","sponsored_post_logo":"","sponsored_post_desc":""},"jnews_primary_category":{"id":""},"jnews_social_meta":{"fb_title":"","fb_description":"","fb_image":"","twitter_title":"","twitter_description":"","twitter_image":""},"jnews_review":[],"enable_review":"","type":"percentage","name":"","summary":"","brand":"","sku":"","good":[{"good_text":""}],"bad":[{"bad_text":""}],"score_override":"","override_value":"","rating":[{"rating_text":"","rating_number":"10"}],"price":[{"shop":"","price":"","link":"","icon":""}],"jnews_override_counter":{"view_counter_number":"0","share_counter_number":"0","like_counter_number":"0","dislike_counter_number":"0"},"jnews_post_split":{"post_split":[{"template":"1","tag":"h2","numbering":"asc","mode":"normal","toc_type":"normal"}]},"footnotes":""},"categories":[8],"tags":[794],"class_list":["post-27043","post","type-post","status-publish","format-standard","has-post-thumbnail","hentry","category-provinciales","tag-paro-multisectorial-salud"],"jetpack_featured_media_url":"https:\/\/atecordoba.org\/wp-content\/uploads\/2021\/08\/05_08_Concentracion_Salud_paroo.jpeg","_links":{"self":[{"href":"https:\/\/atecordoba.org\/index.php?rest_route=\/wp\/v2\/posts\/27043","targetHints":{"allow":["GET"]}}],"collection":[{"href":"https:\/\/atecordoba.org\/index.php?rest_route=\/wp\/v2\/posts"}],"about":[{"href":"https:\/\/atecordoba.org\/index.php?rest_route=\/wp\/v2\/types\/post"}],"author":[{"embeddable":true,"href":"https:\/\/atecordoba.org\/index.php?rest_route=\/wp\/v2\/users\/3"}],"replies":[{"embeddable":true,"href":"https:\/\/atecordoba.org\/index.php?rest_route=%2Fwp%2Fv2%2Fcomments&post=27043"}],"version-history":[{"count":5,"href":"https:\/\/atecordoba.org\/index.php?rest_route=\/wp\/v2\/posts\/27043\/revisions"}],"predecessor-version":[{"id":27115,"href":"https:\/\/atecordoba.org\/index.php?rest_route=\/wp\/v2\/posts\/27043\/revisions\/27115"}],"wp:featuredmedia":[{"embeddable":true,"href":"https:\/\/atecordoba.org\/index.php?rest_route=\/wp\/v2\/media\/27108"}],"wp:attachment":[{"href":"https:\/\/atecordoba.org\/index.php?rest_route=%2Fwp%2Fv2%2Fmedia&parent=27043"}],"wp:term":[{"taxonomy":"category","embeddable":true,"href":"https:\/\/atecordoba.org\/index.php?rest_route=%2Fwp%2Fv2%2Fcategories&post=27043"},{"taxonomy":"post_tag","embeddable":true,"href":"https:\/\/atecordoba.org\/index.php?rest_route=%2Fwp%2Fv2%2Ftags&post=27043"}],"curies":[{"name":"wp","href":"https:\/\/api.w.org\/{rel}","templated":true}]}}