{"id":27037,"date":"2021-08-05T12:01:05","date_gmt":"2021-08-05T15:01:05","guid":{"rendered":"https:\/\/atecordoba.org\/?p=27037"},"modified":"2021-08-05T12:01:06","modified_gmt":"2021-08-05T15:01:06","slug":"transito-ate-pidio-la-reapertura-de-paritarias","status":"publish","type":"post","link":"https:\/\/atecordoba.org\/?p=27037","title":{"rendered":"Tr\u00e1nsito: ATE pidi\u00f3 la reapertura de paritarias"},"content":{"rendered":"\n<div class=\"wp-block-image\"><figure class=\"aligncenter size-large is-resized\"><img loading=\"lazy\" decoding=\"async\" src=\"https:\/\/atecordoba.org\/wp-content\/uploads\/2021\/08\/234214406_231684862290317_2613375771401850558_n.jpg\" alt=\"\" class=\"wp-image-27040\" width=\"779\" height=\"584\"\/><\/figure><\/div>\n\n\n\n<p>En la ma\u00f1ana de hoy la seccional San Francisco se reuni\u00f3 con la intendente de la localidad de Tr\u00e1nsito, Elisa Carrizo, a quien le solicitaron la reapertura de mesa salarial para el segundo semestre del a\u00f1o 2021.<\/p>\n\n\n\n<p>En pr\u00f3ximas reuniones se definir\u00e1 el avance de la negociaci\u00f3n, en beneficio de las y los municipales de la localidad. <\/p>\n\n\n\n<p><\/p>\n","protected":false},"excerpt":{"rendered":"<p>En la ma\u00f1ana de hoy la seccional San Francisco se reuni\u00f3 con la intendente de la localidad de Tr\u00e1nsito, Elisa Carrizo, a quien le solicitaron la reapertura de mesa salarial para el segundo semestre del a\u00f1o 2021. En pr\u00f3ximas reuniones se definir\u00e1 el avance de la negociaci\u00f3n, en beneficio de las y los municipales de [&hellip;]<\/p>\n","protected":false},"author":3,"featured_media":27040,"comment_status":"open","ping_status":"open","sticky":false,"template":"","format":"standard","meta":{"_exactmetrics_skip_tracking":false,"_exactmetrics_sitenote_active":false,"_exactmetrics_sitenote_note":"","_exactmetrics_sitenote_category":0,"jnews-multi-image_gallery":[],"jnews_single_post":{"subtitle":"","format":"standard","video":"","gallery":"","source_name":"","source_url":"","via_name":"","via_url":"","override":[{"single_blog_custom":"","sidebar":"","second_sidebar":"","share_position":"","share_float_style":"","post_date_format":"","post_date_format_custom":"","post_reading_time_wpm":"","zoom_button_out_step":"1","zoom_button_in_step":"1","number_popup_post":"1"}],"image_override":[{"single_post_thumbnail_size":"","single_post_gallery_size":""}],"trending_post_position":"","trending_post_label":"","sponsored_post_label":"","sponsored_post_name":"","sponsored_post_url":"","sponsored_post_logo":"","sponsored_post_desc":""},"jnews_primary_category":{"id":""},"jnews_social_meta":{"fb_title":"","fb_description":"","fb_image":"","twitter_title":"","twitter_description":"","twitter_image":""},"jnews_review":[],"enable_review":"","type":"percentage","name":"","summary":"","brand":"","sku":"","good":[{"good_text":""}],"bad":[{"bad_text":""}],"score_override":"","override_value":"","rating":[{"rating_text":"","rating_number":"10"}],"price":[{"shop":"","price":"","link":"","icon":""}],"jnews_override_counter":{"view_counter_number":"0","share_counter_number":"0","like_counter_number":"0","dislike_counter_number":"0"},"jnews_post_split":{"post_split":[{"template":"1","tag":"h2","numbering":"asc","mode":"normal","toc_type":"normal"}]},"footnotes":""},"categories":[20,148],"tags":[876],"class_list":["post-27037","post","type-post","status-publish","format-standard","has-post-thumbnail","hentry","category-municipales","category-san-justo","tag-transito-2"],"jetpack_featured_media_url":"https:\/\/atecordoba.org\/wp-content\/uploads\/2021\/08\/234214406_231684862290317_2613375771401850558_n-e1628175655630.jpg","_links":{"self":[{"href":"https:\/\/atecordoba.org\/index.php?rest_route=\/wp\/v2\/posts\/27037","targetHints":{"allow":["GET"]}}],"collection":[{"href":"https:\/\/atecordoba.org\/index.php?rest_route=\/wp\/v2\/posts"}],"about":[{"href":"https:\/\/atecordoba.org\/index.php?rest_route=\/wp\/v2\/types\/post"}],"author":[{"embeddable":true,"href":"https:\/\/atecordoba.org\/index.php?rest_route=\/wp\/v2\/users\/3"}],"replies":[{"embeddable":true,"href":"https:\/\/atecordoba.org\/index.php?rest_route=%2Fwp%2Fv2%2Fcomments&post=27037"}],"version-history":[{"count":1,"href":"https:\/\/atecordoba.org\/index.php?rest_route=\/wp\/v2\/posts\/27037\/revisions"}],"predecessor-version":[{"id":27041,"href":"https:\/\/atecordoba.org\/index.php?rest_route=\/wp\/v2\/posts\/27037\/revisions\/27041"}],"wp:featuredmedia":[{"embeddable":true,"href":"https:\/\/atecordoba.org\/index.php?rest_route=\/wp\/v2\/media\/27040"}],"wp:attachment":[{"href":"https:\/\/atecordoba.org\/index.php?rest_route=%2Fwp%2Fv2%2Fmedia&parent=27037"}],"wp:term":[{"taxonomy":"category","embeddable":true,"href":"https:\/\/atecordoba.org\/index.php?rest_route=%2Fwp%2Fv2%2Fcategories&post=27037"},{"taxonomy":"post_tag","embeddable":true,"href":"https:\/\/atecordoba.org\/index.php?rest_route=%2Fwp%2Fv2%2Ftags&post=27037"}],"curies":[{"name":"wp","href":"https:\/\/api.w.org\/{rel}","templated":true}]}}